{"id":8371,"date":"2024-06-07T14:46:06","date_gmt":"2024-06-07T14:46:06","guid":{"rendered":"https:\/\/entrenotasyacordes.com\/?p=8371"},"modified":"2024-06-07T14:46:07","modified_gmt":"2024-06-07T14:46:07","slug":"feid-lanza-su-nuevo-sencillo-sorry-for-that-much","status":"publish","type":"post","link":"https:\/\/entrenotasyacordes.com\/?p=8371","title":{"rendered":"FEID LANZA SU NUEVO SENCILLO \u201cSORRY FOR THAT MUCH\u201d"},"content":{"rendered":"\n<!--more-->\n\n\n<div class=\"wp-block-image\">\n<figure class=\"aligncenter size-full is-resized\"><img loading=\"lazy\" decoding=\"async\" width=\"380\" height=\"380\" src=\"https:\/\/entrenotasyacordes.com\/wp-content\/uploads\/2024\/06\/1j.webp\" alt=\"\" class=\"wp-image-8372\" style=\"width:465px;height:auto\" srcset=\"https:\/\/entrenotasyacordes.com\/wp-content\/uploads\/2024\/06\/1j.webp 380w, https:\/\/entrenotasyacordes.com\/wp-content\/uploads\/2024\/06\/1j-300x300.webp 300w, https:\/\/entrenotasyacordes.com\/wp-content\/uploads\/2024\/06\/1j-150x150.webp 150w, https:\/\/entrenotasyacordes.com\/wp-content\/uploads\/2024\/06\/1j-50x50.webp 50w\" sizes=\"auto, (max-width: 380px) 100vw, 380px\" \/><\/figure>\n<\/div>\n\n\n<p>Hoy,\u00a0<strong>Feid<\/strong>, el artista colombiano multi platino, nominado nueve veces al Latin GRAMMY,,lanza su nuevo sencillo, \u201c<strong><em>SORRY 4 THAT MUCH\u201d<\/em><\/strong>. El nuevo sencillo, cual fue adelantado por Feid la semana pasada durante su concierto\u00a0<em>sold-out<\/em>\u00a0en Chicago, muestra a un Feid melanc\u00f3lico mientras reflexiona sobre el final de una relaci\u00f3n con una pareja que ha cambiado con el tiempo, a pesar de lo mucho que Feid trat\u00f3 de hacer que la relaci\u00f3n funcionara.<\/p>\n\n\n\n<p>El v\u00eddeo musical se grabo en las calles de Jap\u00f3n durante la visita m\u00e1s reciente de Feid al pa\u00eds, mientras lanzaba su c\u00f3mic \u201c<strong><em>THE GREEN MAN<\/em><\/strong>\u201d. Feid siempre ha expresado c\u00f3mo la cultura japonesa ha inspirado su arte, especialmente con el lanzamiento de su \u00e1lbum, \u2018<strong><em>INTER SHIBUYA &#8211; LA MAFIA\u2019<\/em><\/strong>\u00a0(2021), siendo Shibuya un lugar especial de la metr\u00f3polis de Tokio.<\/p>\n\n\n<div class=\"wp-block-image\">\n<figure class=\"aligncenter size-full is-resized\"><img loading=\"lazy\" decoding=\"async\" width=\"2852\" height=\"1602\" src=\"https:\/\/entrenotasyacordes.com\/wp-content\/uploads\/2024\/06\/1jj.png\" alt=\"\" class=\"wp-image-8373\" style=\"width:626px;height:auto\" srcset=\"https:\/\/entrenotasyacordes.com\/wp-content\/uploads\/2024\/06\/1jj.png 2852w, https:\/\/entrenotasyacordes.com\/wp-content\/uploads\/2024\/06\/1jj-300x169.png 300w, https:\/\/entrenotasyacordes.com\/wp-content\/uploads\/2024\/06\/1jj-1024x575.png 1024w, https:\/\/entrenotasyacordes.com\/wp-content\/uploads\/2024\/06\/1jj-768x431.png 768w, https:\/\/entrenotasyacordes.com\/wp-content\/uploads\/2024\/06\/1jj-1536x863.png 1536w, https:\/\/entrenotasyacordes.com\/wp-content\/uploads\/2024\/06\/1jj-2048x1150.png 2048w\" sizes=\"auto, (max-width: 2852px) 100vw, 2852px\" \/><\/figure>\n<\/div>\n\n\n<p><strong><em>\u201cSORRY 4 THAT MUCH\u201d\u00a0<\/em><\/strong>es la continuaci\u00f3n del gran \u00e9xito de Feid, \u201c<strong><em>Luna.\u201d<\/em><\/strong>\u00a0Hasta la fecha,<strong><em>\u00a0\u201cLuna\u201d,\u00a0<\/em><\/strong>la cual es certificado por la RIAA 4 veces platino, ha acumulado m\u00e1s de 1.600 millones de streams en todo el mundo, y ha logrado el #1 en la lista de Billboard Latin Airplay. As\u00ed mismo, recientemente Feid lanz\u00f3 su \u00e1lbum de colaboraci\u00f3n\u00a0<strong><em>&#8216;MANIFESTING 20-05&#8217;<\/em><\/strong>\u00a0con la legendaria estrella del reggaeton\u00a0<strong>Yandel<\/strong>, donde sorprendieron a sus fans en Miami con un pop-up show, ademas de presentarse en el\u00a0<strong><em>TONIGHT SHOW WITH JIMMY FALLON<\/em><\/strong>\u00a0junto a\u00a0<strong>Young Miko\u00a0<\/strong>para interpretar su exitoso sencillo\u00a0<strong><em>\u201coffline.\u201d<\/em><\/strong><\/p>\n\n\n\n<p>Ferxxo seguir\u00e1 llevando su gira,\u00a0<em>FERXXOCALIPSIS TOUR 2024<\/em>, a ciudades de todo el mundo, incluyendo las fechas recientemente anunciadas en LATAM, donde Feid termina en su pa\u00eds natal, Colombia. M\u00e1s abajo encontrar\u00e1s el itinerario completo.<\/p>\n\n\n\n<p class=\"has-text-align-center\"><strong>FECHAS DE LA GIRA FERXXOCALIPSIS TOUR 2024<\/strong><\/p>\n\n\n\n<p class=\"has-text-align-center\">Jun 07 | Newark, NJ | Prudential Center\u00a0\u00a0<strong>[SOLD OUT]<\/strong><br>Jun 09 | Hartford, CT | XL Center<br>Jun 13 | Boston, MA | TD Garden<br>Jun 16 | New York City, NY | Madison Square Garden\u00a0<strong>[SOLD OUT]<\/strong><br>Jun 20 | Washington, DC | Capital One Arena<br>Jun 21 | Greensboro, NC | Greensboro Coliseum<br>Jun 23 | Duluth, GA | Gas South Arena<br>Jun 28 | Orlando, FL | Kia Center<br>Jul 06 | Miami, FL | Hard Rock Stadium<br>Ago 20 | Mexico City, MX | Foro Sol\u00a0<strong>[SOLD OUT]<\/strong><br>Aug 21 | Mexico City, MX | Foro Sol<br>Ago 25 | Guadalajara, MX | Estadio 3 de Marzo<br>Ago 28 | Monterrey, MX | Estadio Banorte<br>Sept 4 | Guatemala City, GT | To be announced soon<br>Sept 8 | San Salvador, SV | To be announced soon<br>Sept 12 | Tegucigalpa, HN | Estadio Chochi Sosa<br>Sept 15 | San Jose, CR | To be announced soon<br>Oct 18 | San Juan, PR | Coliseo de Puerto Rico<br>Nov 9 | Santo Domingo, DR | To be announced soon<br>Nov 19 | Quito, EC | Estadio Ol\u00edmpico Atahualpa\u00a0<strong>[SOLD OUT]<\/strong><br>Nov 22 | Lima, PE | Estadio San Marcos<br>Nov 26 | Santiago, CL | Estadio Monumental<br>Nov 29 | Bogota, CO | Coliseo MedPlus\u00a0<strong>[SOLD OUT]<\/strong><br>Nov 30 | Bogota, CO | Coliseo MedPlus\u00a0<strong>[SOLD OUT]<\/strong><br>Dic 1 | Bogota, CO | Coliseo MedPlus\u00a0<strong>[SOLD OUT]<\/strong><br>Dic 6 | Medellin, CO | Estadio Atanasio Girardot\u00a0<strong>[SOLD OUT]<\/strong><br>Dic 7 | Medellin, CO | Estadio Atanasio Girardot\u00a0<strong>[SOLD OUT]<\/strong><br>Dec 8 | Medellin, CO | Estadio Atanasio Girardot<\/p>\n","protected":false},"excerpt":{"rendered":"","protected":false},"author":5,"featured_media":8372,"comment_status":"open","ping_status":"open","sticky":false,"template":"","format":"standard","meta":{"om_disable_all_campaigns":false,"_uf_show_specific_survey":0,"_uf_disable_surveys":false,"footnotes":""},"categories":[4],"tags":[],"class_list":["post-8371","post","type-post","status-publish","format-standard","has-post-thumbnail","hentry","category-musica"],"_links":{"self":[{"href":"https:\/\/entrenotasyacordes.com\/index.php?rest_route=\/wp\/v2\/posts\/8371","targetHints":{"allow":["GET"]}}],"collection":[{"href":"https:\/\/entrenotasyacordes.com\/index.php?rest_route=\/wp\/v2\/posts"}],"about":[{"href":"https:\/\/entrenotasyacordes.com\/index.php?rest_route=\/wp\/v2\/types\/post"}],"author":[{"embeddable":true,"href":"https:\/\/entrenotasyacordes.com\/index.php?rest_route=\/wp\/v2\/users\/5"}],"replies":[{"embeddable":true,"href":"https:\/\/entrenotasyacordes.com\/index.php?rest_route=%2Fwp%2Fv2%2Fcomments&post=8371"}],"version-history":[{"count":1,"href":"https:\/\/entrenotasyacordes.com\/index.php?rest_route=\/wp\/v2\/posts\/8371\/revisions"}],"predecessor-version":[{"id":8374,"href":"https:\/\/entrenotasyacordes.com\/index.php?rest_route=\/wp\/v2\/posts\/8371\/revisions\/8374"}],"wp:featuredmedia":[{"embeddable":true,"href":"https:\/\/entrenotasyacordes.com\/index.php?rest_route=\/wp\/v2\/media\/8372"}],"wp:attachment":[{"href":"https:\/\/entrenotasyacordes.com\/index.php?rest_route=%2Fwp%2Fv2%2Fmedia&parent=8371"}],"wp:term":[{"taxonomy":"category","embeddable":true,"href":"https:\/\/entrenotasyacordes.com\/index.php?rest_route=%2Fwp%2Fv2%2Fcategories&post=8371"},{"taxonomy":"post_tag","embeddable":true,"href":"https:\/\/entrenotasyacordes.com\/index.php?rest_route=%2Fwp%2Fv2%2Ftags&post=8371"}],"curies":[{"name":"wp","href":"https:\/\/api.w.org\/{rel}","templated":true}]}}