{"id":8379,"date":"2024-06-07T14:54:45","date_gmt":"2024-06-07T14:54:45","guid":{"rendered":"https:\/\/entrenotasyacordes.com\/?p=8379"},"modified":"2024-06-07T14:54:46","modified_gmt":"2024-06-07T14:54:46","slug":"paula-mattheus-lanza-me-presento-la-cancion-mas-esperada-por-sus-fans","status":"publish","type":"post","link":"https:\/\/entrenotasyacordes.com\/?p=8379","title":{"rendered":"Paula Mattheus lanza &#8216;Me Presento&#8217;, la canci\u00f3n m\u00e1s esperada por sus fans"},"content":{"rendered":"\n<!--more-->\n\n\n<div class=\"wp-block-image\">\n<figure class=\"aligncenter size-full is-resized\"><img loading=\"lazy\" decoding=\"async\" width=\"2400\" height=\"2400\" src=\"https:\/\/entrenotasyacordes.com\/wp-content\/uploads\/2024\/06\/1l-1.jpg\" alt=\"\" class=\"wp-image-8381\" style=\"width:465px;height:auto\" srcset=\"https:\/\/entrenotasyacordes.com\/wp-content\/uploads\/2024\/06\/1l-1.jpg 2400w, https:\/\/entrenotasyacordes.com\/wp-content\/uploads\/2024\/06\/1l-1-300x300.jpg 300w, https:\/\/entrenotasyacordes.com\/wp-content\/uploads\/2024\/06\/1l-1-1024x1024.jpg 1024w, https:\/\/entrenotasyacordes.com\/wp-content\/uploads\/2024\/06\/1l-1-150x150.jpg 150w, https:\/\/entrenotasyacordes.com\/wp-content\/uploads\/2024\/06\/1l-1-768x768.jpg 768w, https:\/\/entrenotasyacordes.com\/wp-content\/uploads\/2024\/06\/1l-1-1536x1536.jpg 1536w, https:\/\/entrenotasyacordes.com\/wp-content\/uploads\/2024\/06\/1l-1-2048x2048.jpg 2048w, https:\/\/entrenotasyacordes.com\/wp-content\/uploads\/2024\/06\/1l-1-50x50.jpg 50w\" sizes=\"auto, (max-width: 2400px) 100vw, 2400px\" \/><\/figure>\n<\/div>\n\n\n<p>Paula Mattheus estrena\u00a0<strong>&#8216;Me Presento&#8217;<\/strong>, una canci\u00f3n que ha conectado de forma instant\u00e1nea con sus seguidores. Hace seis meses, la artista comparti\u00f3 un video en redes sociales, guitarra en mano, con un fragmento de esta nueva composici\u00f3n. La reacci\u00f3n fue inmediata: los videos de Paula interpretando este tema han acumulado\u00a0<strong>cientos de miles de visualizaciones<\/strong>\u00a0y se han creado innumerables contenidos con el sonido previo al estreno oficial.<\/p>\n\n\n\n<p>&#8216;Me Presento&#8217; llega con una\u00a0<strong>producci\u00f3n \u00edntima y ac\u00fastica<\/strong>, de la mano de sus productores habituales, Ismael Guijarro y Juan Guevara. Esta\u00a0<strong>canci\u00f3n autobiogr\u00e1fica\u00a0<\/strong>descubre la esencia de Paula Mattheus, siendo uno de sus temas m\u00e1s \u00edntimos y definitorios.<\/p>\n\n\n\n<p>Paula Mattheus est\u00e1 viviendo su mejor momento profesional. Actualmente, se encuentra de gira por toda Espa\u00f1a, consolid\u00e1ndose como\u00a0<strong>una de las artistas femeninas m\u00e1s destacadas del pop en espa\u00f1ol<\/strong>. Su concierto en Las Ventas, Madrid, el pasado 23 de febrero de 2024, fue un rotundo \u00e9xito, congregando a m\u00e1s de 3.000 personas. Adem\u00e1s,\u00a0<strong>ha agotado entradas<\/strong>\u00a0en ciudades clave como Bilbao, Barcelona y Valencia. Este verano, Paula se prepara para actuar en escenarios de importantes festivales como\u00a0<strong>Sonorama, Son\u00f3rica, Id\u00edlic y Starlite<\/strong>, entre otros.Paula Mattheus est\u00e1 viviendo su mejor momento profesional. Actualmente, se encuentra de gira por toda Espa\u00f1a, consolid\u00e1ndose como\u00a0<strong>una de las artistas femeninas m\u00e1s destacadas del pop en espa\u00f1ol<\/strong>. Su concierto en Las Ventas, Madrid, el pasado 23 de febrero de 2024, fue un rotundo \u00e9xito, congregando a m\u00e1s de 3.000 personas. Adem\u00e1s,\u00a0<strong>ha agotado entradas<\/strong>\u00a0en ciudades clave como Bilbao, Barcelona y Valencia. Este verano, Paula se prepara para actuar en escenarios de importantes festivales como\u00a0<strong>Sonorama, Son\u00f3rica, Id\u00edlic y Starlite<\/strong>, entre otros.<\/p>\n\n\n\n<p><\/p>\n","protected":false},"excerpt":{"rendered":"","protected":false},"author":5,"featured_media":8380,"comment_status":"open","ping_status":"open","sticky":false,"template":"","format":"standard","meta":{"om_disable_all_campaigns":false,"_uf_show_specific_survey":0,"_uf_disable_surveys":false,"footnotes":""},"categories":[4],"tags":[],"class_list":["post-8379","post","type-post","status-publish","format-standard","has-post-thumbnail","hentry","category-musica"],"_links":{"self":[{"href":"https:\/\/entrenotasyacordes.com\/index.php?rest_route=\/wp\/v2\/posts\/8379","targetHints":{"allow":["GET"]}}],"collection":[{"href":"https:\/\/entrenotasyacordes.com\/index.php?rest_route=\/wp\/v2\/posts"}],"about":[{"href":"https:\/\/entrenotasyacordes.com\/index.php?rest_route=\/wp\/v2\/types\/post"}],"author":[{"embeddable":true,"href":"https:\/\/entrenotasyacordes.com\/index.php?rest_route=\/wp\/v2\/users\/5"}],"replies":[{"embeddable":true,"href":"https:\/\/entrenotasyacordes.com\/index.php?rest_route=%2Fwp%2Fv2%2Fcomments&post=8379"}],"version-history":[{"count":1,"href":"https:\/\/entrenotasyacordes.com\/index.php?rest_route=\/wp\/v2\/posts\/8379\/revisions"}],"predecessor-version":[{"id":8382,"href":"https:\/\/entrenotasyacordes.com\/index.php?rest_route=\/wp\/v2\/posts\/8379\/revisions\/8382"}],"wp:featuredmedia":[{"embeddable":true,"href":"https:\/\/entrenotasyacordes.com\/index.php?rest_route=\/wp\/v2\/media\/8380"}],"wp:attachment":[{"href":"https:\/\/entrenotasyacordes.com\/index.php?rest_route=%2Fwp%2Fv2%2Fmedia&parent=8379"}],"wp:term":[{"taxonomy":"category","embeddable":true,"href":"https:\/\/entrenotasyacordes.com\/index.php?rest_route=%2Fwp%2Fv2%2Fcategories&post=8379"},{"taxonomy":"post_tag","embeddable":true,"href":"https:\/\/entrenotasyacordes.com\/index.php?rest_route=%2Fwp%2Fv2%2Ftags&post=8379"}],"curies":[{"name":"wp","href":"https:\/\/api.w.org\/{rel}","templated":true}]}}