{"id":8383,"date":"2024-06-07T14:59:40","date_gmt":"2024-06-07T14:59:40","guid":{"rendered":"https:\/\/entrenotasyacordes.com\/?p=8383"},"modified":"2024-06-07T14:59:41","modified_gmt":"2024-06-07T14:59:41","slug":"amar-azul-y-la-kuppe-presentan-su-cumbia-de-desamor-eramos-los-dos-%f0%9f%8e%b6","status":"publish","type":"post","link":"https:\/\/entrenotasyacordes.com\/?p=8383","title":{"rendered":"Amar Azul y La Kupp\u00e9 presentan su cumbia de desamor \u00ab\u00c9ramos los dos\u00bb \ud83c\udfb6"},"content":{"rendered":"\n<!--more-->\n\n\n<div class=\"wp-block-image\">\n<figure class=\"aligncenter size-full is-resized\"><img loading=\"lazy\" decoding=\"async\" width=\"1500\" height=\"1500\" src=\"https:\/\/entrenotasyacordes.com\/wp-content\/uploads\/2024\/06\/IMG_7721.jpg\" alt=\"\" class=\"wp-image-8384\" style=\"width:465px;height:auto\" srcset=\"https:\/\/entrenotasyacordes.com\/wp-content\/uploads\/2024\/06\/IMG_7721.jpg 1500w, https:\/\/entrenotasyacordes.com\/wp-content\/uploads\/2024\/06\/IMG_7721-300x300.jpg 300w, https:\/\/entrenotasyacordes.com\/wp-content\/uploads\/2024\/06\/IMG_7721-1024x1024.jpg 1024w, https:\/\/entrenotasyacordes.com\/wp-content\/uploads\/2024\/06\/IMG_7721-150x150.jpg 150w, https:\/\/entrenotasyacordes.com\/wp-content\/uploads\/2024\/06\/IMG_7721-768x768.jpg 768w, https:\/\/entrenotasyacordes.com\/wp-content\/uploads\/2024\/06\/IMG_7721-50x50.jpg 50w\" sizes=\"auto, (max-width: 1500px) 100vw, 1500px\" \/><\/figure>\n<\/div>\n\n\n<figure class=\"wp-block-embed is-type-video is-provider-youtube wp-block-embed-youtube wp-embed-aspect-16-9 wp-has-aspect-ratio\"><div class=\"wp-block-embed__wrapper\">\n<div class=\"epyt-video-wrapper\"><iframe loading=\"lazy\"  id=\"_ytid_97248\"  width=\"640\" height=\"360\"  data-origwidth=\"640\" data-origheight=\"360\" src=\"https:\/\/www.youtube.com\/embed\/SWWzPOQtFoA?enablejsapi=1&#038;autoplay=0&#038;cc_load_policy=0&#038;cc_lang_pref=&#038;iv_load_policy=1&#038;loop=0&#038;rel=1&#038;fs=1&#038;playsinline=0&#038;autohide=2&#038;theme=dark&#038;color=white&#038;controls=1&#038;\" class=\"__youtube_prefs__  epyt-is-override  no-lazyload\" data-vol=\"50\"  title=\"YouTube player\"  allow=\"fullscreen; accelerometer; autoplay; clipboard-write; encrypted-media; gyroscope; picture-in-picture; web-share\" referrerpolicy=\"strict-origin-when-cross-origin\" allowfullscreen data-no-lazy=\"1\" data-skipgform_ajax_framebjll=\"\"><\/iframe><\/div>\n<\/div><\/figure>\n\n\n\n<p>Amar Azul, una de la agrupaciones m\u00e1s hist\u00f3ricas y representativas de la cumbia argentina, se encuentra con la potente banda La Kupp\u00e9\u00a0para estrenar su single\u00a0<a href=\"https:\/\/altafonte.us18.list-manage.com\/track\/click?u=b5f7f7d40a3a7bfc74aafd57c&amp;id=aa98edc530&amp;e=4ee908993e\" target=\"_blank\" rel=\"noreferrer noopener\">\u00ab\u00c9ramos los dos\u00bb,<\/a>\u00a0un tema cargado de romance y nostalgia.<\/p>\n\n\n\n<p>Este nuevo lanzamiento plantea la historia de un desamor que todav\u00eda no se ha superado y que lleva a los protagonistas a preguntarse cu\u00e1l fue el error que gener\u00f3 el punto de quiebre en la relaci\u00f3n. Todo esto, acompa\u00f1ado por un irresistible ritmo de cumbia y una melod\u00eda pegadiza que invita a corear el estribillo.<\/p>\n\n\n\n<p>Miguel \u00c1ngel D&#8217;Annibale, voz y figura principal de Amar Azul, declara: \u00abEsta canci\u00f3n la hicimos con mi hijo Laureano y con Emiliano,\u00a0y hemos conseguido la participaci\u00f3n de una gran persona como Agust\u00edn de La Kupp\u00e9 para interpretarla. As\u00ed se hizo este tema que es muy bonito porque vuelve a la esencia del amor de antes, ese amor sufrido de las canciones de la \u00e9poca de los 80, esperamos que le guste a la gente\u00bb.\u00a0<\/p>\n\n\n\n<p>El lanzamiento cuenta con un videoclip en el que ambos artistas interpretan la canci\u00f3n y hacen bailar a todos los corazones rotos al ritmo de la cumbia.<\/p>\n\n\n\n<p>El estreno de \u00ab\u00c9ramos los dos\u00bb se realiza en gran momento art\u00edstico para los enormes Amar Azul, quienes contin\u00faan celebrando sus 30 a\u00f1os de trayectoria musical y han realizado en los \u00faltimos meses una gran gira que les llev\u00f3 a colmar grandes recintos, incluyendo el prestigioso Movistar Arena de Santiago de Chile. Amar Azul se prepara ahora para regresar a Chile y continuar llevando su m\u00fasica a sus seguidores. Pr\u00f3ximamente, tambi\u00e9n anunciar\u00e1n su gira por Europa, tan anhelada y solicitada por su p\u00fablico.\u00a0<\/p>\n\n\n<div class=\"wp-block-image\">\n<figure class=\"aligncenter size-full\"><img loading=\"lazy\" decoding=\"async\" width=\"500\" height=\"500\" src=\"https:\/\/entrenotasyacordes.com\/wp-content\/uploads\/2024\/06\/1ll.jpg\" alt=\"\" class=\"wp-image-8385\" srcset=\"https:\/\/entrenotasyacordes.com\/wp-content\/uploads\/2024\/06\/1ll.jpg 500w, https:\/\/entrenotasyacordes.com\/wp-content\/uploads\/2024\/06\/1ll-300x300.jpg 300w, https:\/\/entrenotasyacordes.com\/wp-content\/uploads\/2024\/06\/1ll-150x150.jpg 150w, https:\/\/entrenotasyacordes.com\/wp-content\/uploads\/2024\/06\/1ll-50x50.jpg 50w\" sizes=\"auto, (max-width: 500px) 100vw, 500px\" \/><\/figure>\n<\/div>\n\n\n<p><\/p>\n","protected":false},"excerpt":{"rendered":"","protected":false},"author":5,"featured_media":8385,"comment_status":"open","ping_status":"open","sticky":false,"template":"","format":"standard","meta":{"om_disable_all_campaigns":false,"_uf_show_specific_survey":0,"_uf_disable_surveys":false,"footnotes":""},"categories":[4],"tags":[],"class_list":["post-8383","post","type-post","status-publish","format-standard","has-post-thumbnail","hentry","category-musica"],"_links":{"self":[{"href":"https:\/\/entrenotasyacordes.com\/index.php?rest_route=\/wp\/v2\/posts\/8383","targetHints":{"allow":["GET"]}}],"collection":[{"href":"https:\/\/entrenotasyacordes.com\/index.php?rest_route=\/wp\/v2\/posts"}],"about":[{"href":"https:\/\/entrenotasyacordes.com\/index.php?rest_route=\/wp\/v2\/types\/post"}],"author":[{"embeddable":true,"href":"https:\/\/entrenotasyacordes.com\/index.php?rest_route=\/wp\/v2\/users\/5"}],"replies":[{"embeddable":true,"href":"https:\/\/entrenotasyacordes.com\/index.php?rest_route=%2Fwp%2Fv2%2Fcomments&post=8383"}],"version-history":[{"count":1,"href":"https:\/\/entrenotasyacordes.com\/index.php?rest_route=\/wp\/v2\/posts\/8383\/revisions"}],"predecessor-version":[{"id":8386,"href":"https:\/\/entrenotasyacordes.com\/index.php?rest_route=\/wp\/v2\/posts\/8383\/revisions\/8386"}],"wp:featuredmedia":[{"embeddable":true,"href":"https:\/\/entrenotasyacordes.com\/index.php?rest_route=\/wp\/v2\/media\/8385"}],"wp:attachment":[{"href":"https:\/\/entrenotasyacordes.com\/index.php?rest_route=%2Fwp%2Fv2%2Fmedia&parent=8383"}],"wp:term":[{"taxonomy":"category","embeddable":true,"href":"https:\/\/entrenotasyacordes.com\/index.php?rest_route=%2Fwp%2Fv2%2Fcategories&post=8383"},{"taxonomy":"post_tag","embeddable":true,"href":"https:\/\/entrenotasyacordes.com\/index.php?rest_route=%2Fwp%2Fv2%2Ftags&post=8383"}],"curies":[{"name":"wp","href":"https:\/\/api.w.org\/{rel}","templated":true}]}}