{"id":8390,"date":"2024-06-07T15:11:19","date_gmt":"2024-06-07T15:11:19","guid":{"rendered":"https:\/\/entrenotasyacordes.com\/?p=8390"},"modified":"2024-06-07T15:11:20","modified_gmt":"2024-06-07T15:11:20","slug":"rompevientos-presenta-vos-hablas-su-nuevo-single","status":"publish","type":"post","link":"https:\/\/entrenotasyacordes.com\/?p=8390","title":{"rendered":"ROMPEVIENTOS PRESENTA \u00abVOS HABL\u00c1S\u00bb, SU NUEVO SINGLE"},"content":{"rendered":"\n<!--more-->\n\n\n<div class=\"wp-block-image\">\n<figure class=\"aligncenter size-full is-resized\"><img loading=\"lazy\" decoding=\"async\" width=\"3000\" height=\"3000\" src=\"https:\/\/entrenotasyacordes.com\/wp-content\/uploads\/2024\/06\/1n.png\" alt=\"\" class=\"wp-image-8391\" style=\"width:465px;height:auto\" srcset=\"https:\/\/entrenotasyacordes.com\/wp-content\/uploads\/2024\/06\/1n.png 3000w, https:\/\/entrenotasyacordes.com\/wp-content\/uploads\/2024\/06\/1n-300x300.png 300w, https:\/\/entrenotasyacordes.com\/wp-content\/uploads\/2024\/06\/1n-1024x1024.png 1024w, https:\/\/entrenotasyacordes.com\/wp-content\/uploads\/2024\/06\/1n-150x150.png 150w, https:\/\/entrenotasyacordes.com\/wp-content\/uploads\/2024\/06\/1n-768x768.png 768w, https:\/\/entrenotasyacordes.com\/wp-content\/uploads\/2024\/06\/1n-1536x1536.png 1536w, https:\/\/entrenotasyacordes.com\/wp-content\/uploads\/2024\/06\/1n-2048x2048.png 2048w, https:\/\/entrenotasyacordes.com\/wp-content\/uploads\/2024\/06\/1n-50x50.png 50w\" sizes=\"auto, (max-width: 3000px) 100vw, 3000px\" \/><\/figure>\n<\/div>\n\n\n<p>Rompevientos presenta su\u00a0nuevo single<em>\u00a0Vos Habl\u00e1s<\/em>, una canci\u00f3n sobre independencia y sobre c\u00f3mo no debe afectarnos lo que otros dicen de nosotros. Con una letra directa y personal, Rompevientos invita al oyente a identificarse con su mensaje.<\/p>\n\n\n\n<p>Fiel al estilo de Rompevientos, a trav\u00e9s de estribillos recordables y pegadizos,<em>\u00a0Vos Habl\u00e1s\u00a0<\/em>utiliza iron\u00eda y sarcasmo en la letra. Aunque la tem\u00e1tica es seria, es narrada en un tono descontracturado, casi como una auto-comedia.<\/p>\n\n\n\n<p>La situaci\u00f3n se completa con la portada del single, que muestra a Rompevientos sentado relajadamente en una reposera en la playa, rodeado de gente y problemas a su alrededor que lo se\u00f1alan y hablan de \u00e9l, simbolizando la indiferencia ante las opiniones ajenas.<\/p>\n\n\n\n<p>Adem\u00e1s, el lanzamiento de esta canci\u00f3n viene acompa\u00f1ado de su videoclip oficial realizado en el barrio de Victoria, Provincia de Buenos Aires, bajo la direcci\u00f3n de Alex Portaluppi.<br><br><em>Vos Habl\u00e1s<\/em>\u00a0ya se encuentra disponible en todas las plataformas digitales.<\/p>\n\n\n\n<figure class=\"wp-block-embed is-type-video is-provider-youtube wp-block-embed-youtube wp-embed-aspect-16-9 wp-has-aspect-ratio\"><div class=\"wp-block-embed__wrapper\">\n<div class=\"epyt-video-wrapper\"><iframe loading=\"lazy\"  id=\"_ytid_58858\"  width=\"640\" height=\"360\"  data-origwidth=\"640\" data-origheight=\"360\" src=\"https:\/\/www.youtube.com\/embed\/Iqcb0dNa3iQ?enablejsapi=1&#038;autoplay=0&#038;cc_load_policy=0&#038;cc_lang_pref=&#038;iv_load_policy=1&#038;loop=0&#038;rel=1&#038;fs=1&#038;playsinline=0&#038;autohide=2&#038;theme=dark&#038;color=white&#038;controls=1&#038;\" class=\"__youtube_prefs__  epyt-is-override  no-lazyload\" data-vol=\"50\"  title=\"YouTube player\"  allow=\"fullscreen; accelerometer; autoplay; clipboard-write; encrypted-media; gyroscope; picture-in-picture; web-share\" referrerpolicy=\"strict-origin-when-cross-origin\" allowfullscreen data-no-lazy=\"1\" data-skipgform_ajax_framebjll=\"\"><\/iframe><\/div>\n<\/div><\/figure>\n\n\n\n<p><strong>FICHA T\u00c9CNICA<\/strong><br>Composici\u00f3n y Voz: Mart\u00edn Rocha @martinrocha__<br>Producci\u00f3n: Joaqu\u00edn Ba\u00f1uelos @polska_______<br>Bater\u00eda y Percusi\u00f3n: Rodrigo H\u00fameres @rodrigo.humeres<br>Mezcla: Javier Ba\u00f1uelos @javierdejavu<br>Mastering: Hern\u00e1n Asconiga @hernanasconiga<br>Dise\u00f1o: Livia Bonelli @liviabonelli<br>Prensa: Emi Prensa @emipre<\/p>\n\n\n<div class=\"wp-block-image\">\n<figure class=\"aligncenter size-large\"><img loading=\"lazy\" decoding=\"async\" width=\"1024\" height=\"683\" src=\"https:\/\/entrenotasyacordes.com\/wp-content\/uploads\/2024\/06\/1nn-1024x683.jpg\" alt=\"\" class=\"wp-image-8392\" srcset=\"https:\/\/entrenotasyacordes.com\/wp-content\/uploads\/2024\/06\/1nn-1024x683.jpg 1024w, https:\/\/entrenotasyacordes.com\/wp-content\/uploads\/2024\/06\/1nn-300x200.jpg 300w, https:\/\/entrenotasyacordes.com\/wp-content\/uploads\/2024\/06\/1nn-768x512.jpg 768w, https:\/\/entrenotasyacordes.com\/wp-content\/uploads\/2024\/06\/1nn-1536x1024.jpg 1536w, https:\/\/entrenotasyacordes.com\/wp-content\/uploads\/2024\/06\/1nn-2048x1365.jpg 2048w\" sizes=\"auto, (max-width: 1024px) 100vw, 1024px\" \/><\/figure>\n<\/div>\n\n\n<p><strong>M\u00e1s informaci\u00f3n sobre Rompevientos<br><br><\/strong>\u00a0Rompevientos es el proyecto musical independiente de Mart\u00edn Rocha. Comienza de manera solista en Victoria, San Fernando (Buenos Aires), a finales de 2018.<br><br>Desde el inicio, el objetivo es generar propuestas y oportunidades art\u00edsticas de gran nivel, desde lo musical hasta lo extramusical. A trav\u00e9s del trabajo en equipo con distintos profesionales del arte, Rompevientos busca producir no s\u00f3lo canciones, sino experiencias a trav\u00e9s de la m\u00fasica, complementado con fotograf\u00eda y audiovisuales.<br><br>En 2019 Rompevientos lanz\u00f3 su primer material discogr\u00e1fico con los singles\u00a0<em>Anormal<\/em>,\u00a0<em>M\u00edstico<\/em>\u00a0y\u00a0<em>Gravedad<\/em>, producidos por Paulina Chiarantano (RMS Red Multisonora).<br><br>En 2020, luego del lanzamiento de los sencillos\u00a0<em>Rato<\/em>\u00a0y\u00a0<em>Un<\/em>\u00a0<em>Poco Menos<\/em>,\u00a0estren\u00f3 el \u00e1lbum Relaciones Humanas. El mismo fue producido, grabado y mezclado durante la pandemia, \u00edntegramente de manera casera.<br><br>En 2021 Rompevientos comenz\u00f3 a producir el nuevo material con Mariano Di C\u00e9sare (Mi Amigo Invencible \/ El Pr\u00edncipe Idiota).\u00a0<em>Super Poderes<\/em>\u00a0es el primer single lanzado en octubre del mismo a\u00f1o.<br><br>Rompevientos se present\u00f3 numerosas veces en vivo en el \u00e1mbito emergente de la Ciudad de Buenos Aires, en lugares como Club Cultural Matienzo, Qi Villa Crespo, Ladran Sancho, Open Folk, El Emergente, entre otros.<br><br>Actualmente Rompevientos se encuentra presentando<em>\u00a0Vos Habl\u00e1s<\/em>, \u00faltimo adelanto de lo que ser\u00e1 su primer \u00e1lbum de estudio, el cual est\u00e1 parcialmente financiado a trav\u00e9s del Mecenazgo de la Ciudad de Buenos Aires. Del disco ya podemos escuchar los sencillos<em>\u00a0Porque puedo feat Livia<\/em>\u00a0(2023),<em>\u00a0El D\u00eda M\u00e1s Corto del A\u00f1o<\/em>\u00a0(2023),\u00a0<em>Hasta Tarde<\/em>\u00a0(2023)y\u00a0<em>Se Termin\u00f3 el Amor?<\/em>\u00a0(2023)<em>.<\/em><\/p>\n\n\n<div class=\"wp-block-image\">\n<figure class=\"aligncenter size-large\"><img loading=\"lazy\" decoding=\"async\" width=\"1024\" height=\"791\" src=\"https:\/\/entrenotasyacordes.com\/wp-content\/uploads\/2024\/06\/1nnn-1024x791.jpg\" alt=\"\" class=\"wp-image-8393\" srcset=\"https:\/\/entrenotasyacordes.com\/wp-content\/uploads\/2024\/06\/1nnn-1024x791.jpg 1024w, https:\/\/entrenotasyacordes.com\/wp-content\/uploads\/2024\/06\/1nnn-300x232.jpg 300w, https:\/\/entrenotasyacordes.com\/wp-content\/uploads\/2024\/06\/1nnn-768x593.jpg 768w, https:\/\/entrenotasyacordes.com\/wp-content\/uploads\/2024\/06\/1nnn-1536x1187.jpg 1536w, https:\/\/entrenotasyacordes.com\/wp-content\/uploads\/2024\/06\/1nnn-2048x1582.jpg 2048w\" sizes=\"auto, (max-width: 1024px) 100vw, 1024px\" \/><\/figure>\n<\/div>","protected":false},"excerpt":{"rendered":"","protected":false},"author":5,"featured_media":8391,"comment_status":"open","ping_status":"open","sticky":false,"template":"","format":"standard","meta":{"om_disable_all_campaigns":false,"_uf_show_specific_survey":0,"_uf_disable_surveys":false,"footnotes":""},"categories":[4],"tags":[],"class_list":["post-8390","post","type-post","status-publish","format-standard","has-post-thumbnail","hentry","category-musica"],"_links":{"self":[{"href":"https:\/\/entrenotasyacordes.com\/index.php?rest_route=\/wp\/v2\/posts\/8390","targetHints":{"allow":["GET"]}}],"collection":[{"href":"https:\/\/entrenotasyacordes.com\/index.php?rest_route=\/wp\/v2\/posts"}],"about":[{"href":"https:\/\/entrenotasyacordes.com\/index.php?rest_route=\/wp\/v2\/types\/post"}],"author":[{"embeddable":true,"href":"https:\/\/entrenotasyacordes.com\/index.php?rest_route=\/wp\/v2\/users\/5"}],"replies":[{"embeddable":true,"href":"https:\/\/entrenotasyacordes.com\/index.php?rest_route=%2Fwp%2Fv2%2Fcomments&post=8390"}],"version-history":[{"count":1,"href":"https:\/\/entrenotasyacordes.com\/index.php?rest_route=\/wp\/v2\/posts\/8390\/revisions"}],"predecessor-version":[{"id":8394,"href":"https:\/\/entrenotasyacordes.com\/index.php?rest_route=\/wp\/v2\/posts\/8390\/revisions\/8394"}],"wp:featuredmedia":[{"embeddable":true,"href":"https:\/\/entrenotasyacordes.com\/index.php?rest_route=\/wp\/v2\/media\/8391"}],"wp:attachment":[{"href":"https:\/\/entrenotasyacordes.com\/index.php?rest_route=%2Fwp%2Fv2%2Fmedia&parent=8390"}],"wp:term":[{"taxonomy":"category","embeddable":true,"href":"https:\/\/entrenotasyacordes.com\/index.php?rest_route=%2Fwp%2Fv2%2Fcategories&post=8390"},{"taxonomy":"post_tag","embeddable":true,"href":"https:\/\/entrenotasyacordes.com\/index.php?rest_route=%2Fwp%2Fv2%2Ftags&post=8390"}],"curies":[{"name":"wp","href":"https:\/\/api.w.org\/{rel}","templated":true}]}}