{"id":8395,"date":"2024-06-07T20:09:29","date_gmt":"2024-06-07T20:09:29","guid":{"rendered":"https:\/\/entrenotasyacordes.com\/?p=8395"},"modified":"2024-06-07T20:09:31","modified_gmt":"2024-06-07T20:09:31","slug":"los-mesoneros-emocionaron-a-miles-de-fans-en-mexico-y-chile-%f0%9f%8c%9f-ahora-llegan-a-buenos-aires-con-su-increible-show","status":"publish","type":"post","link":"https:\/\/entrenotasyacordes.com\/?p=8395","title":{"rendered":"Los Mesoneros emocionaron a miles de fans en M\u00e9xico y Chile \ud83c\udf1f \u00a1Ahora llegan a Buenos Aires con su incre\u00edble show!"},"content":{"rendered":"\n<!--more-->\n\n\n\n<p class=\"has-text-align-center\"><strong>COMPLEJO ART MEDIA<\/strong><br>JUEVES 18 DE JULIO.<br>Av. Corrientes 6271<br>Entradas a la venta.\u00a0<a href=\"https:\/\/toneprensa.tr.pemsv20.net\/c\/eyJhIjoidG9uZXByZW5zYSIsIm0iOiJtYWlsX2NseDNrYXY3Y294ajUwNzE2Z29haDVxZjEiLCJsIjoibGlua18yMmU0OGJmYzBiNzhmYjg0YWM0ZTMxYWEwMDE0OWI3YWIyMzJkZjg4XzY4ZTE3YyIsImkiOltdLCJ1IjoiaHR0cHM6Ly93d3cuY2NvbXBsZWpvYXJ0bWVkaWEuY29tLmFyL2V2ZW50cz91dG1fc291cmNlPXBlcmZpdCZ1dG1fbWVkaXVtPWVtYWlsJnV0bV9jYW1wYWlnbj1QbGFuJTIwTG9zJTIwTWVzb25lcm9zJTIwLSUyMEJ1ZW5vcyUyMEFpcmVzX3ZlcnNpb25fMSIsImMiOiIiLCJoIjoiYzg2YTMwIn0\" target=\"_blank\" rel=\"noreferrer noopener\">Click<\/a><\/p>\n\n\n<div class=\"wp-block-image\">\n<figure class=\"aligncenter size-full is-resized\"><img loading=\"lazy\" decoding=\"async\" width=\"921\" height=\"615\" src=\"https:\/\/entrenotasyacordes.com\/wp-content\/uploads\/2024\/06\/1o.jpg\" alt=\"\" class=\"wp-image-8396\" style=\"width:643px;height:auto\" srcset=\"https:\/\/entrenotasyacordes.com\/wp-content\/uploads\/2024\/06\/1o.jpg 921w, https:\/\/entrenotasyacordes.com\/wp-content\/uploads\/2024\/06\/1o-300x200.jpg 300w, https:\/\/entrenotasyacordes.com\/wp-content\/uploads\/2024\/06\/1o-768x513.jpg 768w\" sizes=\"auto, (max-width: 921px) 100vw, 921px\" \/><\/figure>\n<\/div>\n\n\n<p>Desde Venezuela para el mundo, Los Mesoneros han sabido conquistar a miles de corazones con su vibrante fusi\u00f3n de rock alternativo y pop envolvente.<\/p>\n\n\n\n<p>Ya est\u00e1n listos para llevar su m\u00fasica a nuevos horizontes. En julio llegan a Buenos Aires con\u00a0<em>Nuestro a\u00f1o Tour<\/em>.<\/p>\n\n\n\n<p><strong>Buenos Aires, junio 2024.\u00a0<\/strong>Los Mesoneros est\u00e1n presentando su nuevo \u00e1lbum y lo hacen con un gran Tour que los traer\u00e1 a Argentina el Jueves 18 de Julio a las 19hs en Complejo Art Media, Chacarita, Ciudad de Buenos Aires.<\/p>\n\n\n\n<p><strong><em>Nuestro A\u00f1o<\/em>\u00a0<\/strong>es el titulo del \u00e1lbum, representa un canto a la esperanza en medio de la adversidad, las dificultades y el caos. Con el lanzamiento del nuevo material, la banda se embarca en su gira\u00a0<strong>Nuestro A\u00f1o Tour<\/strong>, que inici\u00f3 en M\u00e9xico, con paradas en Le\u00f3n, Guadalajara, Quer\u00e9taro, Tijuana, Toluca y Pachuca. La gira continuar\u00e1 en septiembre en Estados Unidos con shows programados en Los \u00c1ngeles, Houston, Dallas, Chicago, Nueva York, Miami y Orlando. Adem\u00e1s,\u00a0<strong>Los Mesoneros\u00a0<\/strong>se presentar\u00e1n por primera vez en Santo Domingo y Panam\u00e1, y volver\u00e1n a Bogot\u00e1 y Buenos Aires. \u00a0Para terminar el recorrido la banda tiene agendada la cita m\u00e1s importante de su carrera: 21 de noviembre, Auditorio Nacional en Ciudad de M\u00e9xico.<\/p>\n\n\n\n<p><strong>\u2018Nuestro A\u00f1o\u2019:&nbsp;<\/strong><\/p>\n\n\n\n<p><strong>Los Mesoneros<\/strong>&nbsp;anunciaron el lanzamiento de su tan esperado nuevo \u00e1lbum titulado&nbsp;<strong><em>\u2018Nuestro A\u00f1o\u2019:<\/em><\/strong>&nbsp;A trav\u00e9s de cada canci\u00f3n, la banda explora la vida con todas sus altas y bajas, sus momentos de alegr\u00eda, y tristeza, capturando cada matiz y giro del destino como si fueran los meses del a\u00f1o. Disponible ya en todas las plataformas digitales, el \u00e1lbum incluye la canci\u00f3n principal&nbsp;<em>\u2018Nuestro A\u00f1o\u2019<\/em>, en colaboraci\u00f3n con&nbsp;<em>Caloncho,<\/em>&nbsp;la cual viene acompa\u00f1ada de un video cinematogr\u00e1fico dirigido por Gaby Noya. &nbsp;<\/p>\n\n\n<div class=\"wp-block-image\">\n<figure class=\"aligncenter size-large\"><img loading=\"lazy\" decoding=\"async\" width=\"1022\" height=\"1024\" src=\"https:\/\/entrenotasyacordes.com\/wp-content\/uploads\/2024\/06\/1oo-1022x1024.jpg\" alt=\"\" class=\"wp-image-8397\" srcset=\"https:\/\/entrenotasyacordes.com\/wp-content\/uploads\/2024\/06\/1oo-1022x1024.jpg 1022w, https:\/\/entrenotasyacordes.com\/wp-content\/uploads\/2024\/06\/1oo-300x300.jpg 300w, https:\/\/entrenotasyacordes.com\/wp-content\/uploads\/2024\/06\/1oo-150x150.jpg 150w, https:\/\/entrenotasyacordes.com\/wp-content\/uploads\/2024\/06\/1oo-768x769.jpg 768w, https:\/\/entrenotasyacordes.com\/wp-content\/uploads\/2024\/06\/1oo-1534x1536.jpg 1534w, https:\/\/entrenotasyacordes.com\/wp-content\/uploads\/2024\/06\/1oo-1024x1026.jpg 1024w, https:\/\/entrenotasyacordes.com\/wp-content\/uploads\/2024\/06\/1oo-50x50.jpg 50w, https:\/\/entrenotasyacordes.com\/wp-content\/uploads\/2024\/06\/1oo.jpg 1917w\" sizes=\"auto, (max-width: 1022px) 100vw, 1022px\" \/><figcaption class=\"wp-element-caption\">Screenshot<\/figcaption><\/figure>\n<\/div>\n\n\n<p>En marzo, Los Mesoneros emocionaron a casi 10,000 fans con su impresionante doble actuaci\u00f3n en el prestigioso Tecate Pa\u2019l Norte en M\u00e9xico. Tambi\u00e9n, cautivaron al p\u00fablico Chileno durante su participaci\u00f3n en Lollapalooza, donde adem\u00e1s tuvieron su propio sideshow que fue completamente sold out.<\/p>\n\n\n\n<p>Gracias a su evoluci\u00f3n musical constante y su impactante desempe\u00f1o en escenarios internacionales, Los Mesoneros se mantienen como una de las bandas m\u00e1s emocionantes y prometedoras en la escena musical contempor\u00e1nea.<\/p>\n\n\n\n<p><strong>Sobre Los Mesoneros:<\/strong><br>Los Mesoneros, una banda de pop rock, originaria de Venezuela y actualmente establecida en M\u00e9xico est\u00e1 compuesta por Luis Jim\u00e9nez (Guitarra y Voz), Juan Ignacio Sucre (Guitarra y Coros) y Carlos Sardi (Teclados). Su presencia en las principales emisoras de su pa\u00eds ha consolidado su posici\u00f3n en la escena de Rock m\u00e1s importante de Venezuela y el resto de Latinoam\u00e9rica.<\/p>\n\n\n\n<p>Con su disco debut \u2018Indeleble\u2019, Los Mesoneros obtuvieron cuatro nominaciones al Latin GRAMMY\u00ae, rompiendo el r\u00e9cord de nominaciones para una banda venezolana en una sola edici\u00f3n. En su segundo disco \u2018Caiga La Noche\u2019 la banda logr\u00f3 proyectarse internacionalmente, al radicarse en M\u00e9xico, y lograr una gira sold out por Latinoam\u00e9rica, Europa y Estados Unidos.<\/p>\n\n\n\n<p>Tras a\u00f1os de giras exitosas, regresaron al estudio para dar vida a \u2018Pangea\u2019, un \u00e1lbum que transform\u00f3 la trayectoria de Los Mesoneros, con \u00e9xitos como \u2018Te Lo Advert\u00ed\u2019, \u2018Pangea\u2019 y \u2018\u00daltimas Palabras\u2019, as\u00ed como dos nuevas nominaciones al Latin GRAMMY\u00ae.<\/p>\n\n\n\n<p>En los a\u00f1os 2020 y 2021, la banda lanz\u00f3 dos \u00e1lbumes en vivo, \u2018Live Desde Pangea\u2019 y \u201810 A\u00f1os de Indeleble\u2019 respectivamente. Con el primero, alcanzaron nuevamente otra nominaci\u00f3n al Latin GRAMMY\u00ae, sumando siete en total en su carrera. Adem\u00e1s, con \u201810 a\u00f1os de Indeleble\u2019 establecieron un r\u00e9cord de asistencia en un concierto en streaming para una banda Venezolana.<\/p>\n","protected":false},"excerpt":{"rendered":"","protected":false},"author":5,"featured_media":8397,"comment_status":"open","ping_status":"open","sticky":false,"template":"","format":"standard","meta":{"om_disable_all_campaigns":false,"_uf_show_specific_survey":0,"_uf_disable_surveys":false,"footnotes":""},"categories":[4],"tags":[],"class_list":["post-8395","post","type-post","status-publish","format-standard","has-post-thumbnail","hentry","category-musica"],"_links":{"self":[{"href":"https:\/\/entrenotasyacordes.com\/index.php?rest_route=\/wp\/v2\/posts\/8395","targetHints":{"allow":["GET"]}}],"collection":[{"href":"https:\/\/entrenotasyacordes.com\/index.php?rest_route=\/wp\/v2\/posts"}],"about":[{"href":"https:\/\/entrenotasyacordes.com\/index.php?rest_route=\/wp\/v2\/types\/post"}],"author":[{"embeddable":true,"href":"https:\/\/entrenotasyacordes.com\/index.php?rest_route=\/wp\/v2\/users\/5"}],"replies":[{"embeddable":true,"href":"https:\/\/entrenotasyacordes.com\/index.php?rest_route=%2Fwp%2Fv2%2Fcomments&post=8395"}],"version-history":[{"count":1,"href":"https:\/\/entrenotasyacordes.com\/index.php?rest_route=\/wp\/v2\/posts\/8395\/revisions"}],"predecessor-version":[{"id":8398,"href":"https:\/\/entrenotasyacordes.com\/index.php?rest_route=\/wp\/v2\/posts\/8395\/revisions\/8398"}],"wp:featuredmedia":[{"embeddable":true,"href":"https:\/\/entrenotasyacordes.com\/index.php?rest_route=\/wp\/v2\/media\/8397"}],"wp:attachment":[{"href":"https:\/\/entrenotasyacordes.com\/index.php?rest_route=%2Fwp%2Fv2%2Fmedia&parent=8395"}],"wp:term":[{"taxonomy":"category","embeddable":true,"href":"https:\/\/entrenotasyacordes.com\/index.php?rest_route=%2Fwp%2Fv2%2Fcategories&post=8395"},{"taxonomy":"post_tag","embeddable":true,"href":"https:\/\/entrenotasyacordes.com\/index.php?rest_route=%2Fwp%2Fv2%2Ftags&post=8395"}],"curies":[{"name":"wp","href":"https:\/\/api.w.org\/{rel}","templated":true}]}}