{"id":8412,"date":"2024-06-07T20:29:33","date_gmt":"2024-06-07T20:29:33","guid":{"rendered":"https:\/\/entrenotasyacordes.com\/?p=8412"},"modified":"2024-06-07T20:29:34","modified_gmt":"2024-06-07T20:29:34","slug":"christian-nodal-presenta-su-nuevo-single-y-videoclip-kbron-y-medio","status":"publish","type":"post","link":"https:\/\/entrenotasyacordes.com\/?p=8412","title":{"rendered":"CHRISTIAN NODAL presenta su nuevo single y videoclip \u00abKBR\u00d3N Y MEDIO\u00bb"},"content":{"rendered":"\n<p><strong>CHRISTIAN NODAL<\/strong> <strong>estrena \u201cKBR\u00d3N Y MEDIO\u201d uno de los temas m\u00e1s representativos de su nuevo \u00e1lbum<\/strong><\/p>\n\n\n\n<!--more-->\n\n\n<div class=\"wp-block-image\">\n<figure class=\"aligncenter size-full is-resized\"><img loading=\"lazy\" decoding=\"async\" width=\"405\" height=\"272\" src=\"https:\/\/entrenotasyacordes.com\/wp-content\/uploads\/2024\/06\/1p.jpeg\" alt=\"\" class=\"wp-image-8413\" style=\"width:643px;height:auto\" srcset=\"https:\/\/entrenotasyacordes.com\/wp-content\/uploads\/2024\/06\/1p.jpeg 405w, https:\/\/entrenotasyacordes.com\/wp-content\/uploads\/2024\/06\/1p-300x200.jpeg 300w\" sizes=\"auto, (max-width: 405px) 100vw, 405px\" \/><\/figure>\n<\/div>\n\n\n<p class=\"has-text-align-left\"><strong>A pocas semanas de\u00a0estrenarse su pr\u00f3ximo \u00e1lbum<\/strong>\u00a0titulado\u00a0<strong><em>Pa\u2019l Cora<\/em><\/strong>\u00a0&#8211;\u00a0como tambi\u00e9n se llama su actual tour\u00a0&#8211;\u00a0<strong>Christian Nodal\u00a0<\/strong>estrena\u00a0<strong><a href=\"https:\/\/click.emails.sonymusicfans.com\/?qs=1d9be96aa5680cf11a47588183aba46bd2a5eaced30dc98ca6559200d334d8cb259dec1e7c4bd91ceffde49ed509f5cb63b17c130d7597b5\">\u201cKbr\u00f3n y Medio\u201d.<\/a><\/strong><\/p>\n\n\n\n<p>Quien\u00a0sin duda es el artista m\u00e1s importante\u00a0de la m\u00fasica mexicana a nivel mundial, lanza\u00a0<strong>un nuevo himno para los despechados que buscan sanar<\/strong>\u00a0de diferentes formas, una de ellas: la m\u00fasica.<\/p>\n\n\n\n<p><strong>Sobre el nuevo single: \u201cKbr\u00f3n y Medio\u201d<\/strong>\u00a0es una de las m\u00e1s emblem\u00e1ticas canciones del inminente nuevo disco de Christian Nodal. Es un tema que abre\u00a0espacio al despecho en voz del \u00eddolo del mariache\u00f1o.<\/p>\n\n\n\n<p><em>\u201cMis ojos ya no vuelven a serpa\u2019 una sola, si quieren caricias ll\u00e1menme acualquier hora \/Si cuando eres bueno te ponen los cuernos, pa&#8217; estecorarotocreo que ya tengo el remedio \/Si alguien te dice que yo me volv\u00ed un kbr\u00f3n, diles que un kbr\u00f3n y medio\u201d,<\/em>\u00a0dice parte de la letra del\u00a0<strong>tema escrito por el propio Nodal<\/strong>.<\/p>\n\n\n<div class=\"wp-block-image\">\n<figure class=\"aligncenter size-full\"><img loading=\"lazy\" decoding=\"async\" width=\"359\" height=\"243\" src=\"https:\/\/entrenotasyacordes.com\/wp-content\/uploads\/2024\/06\/1pp.jpeg\" alt=\"\" class=\"wp-image-8414\" srcset=\"https:\/\/entrenotasyacordes.com\/wp-content\/uploads\/2024\/06\/1pp.jpeg 359w, https:\/\/entrenotasyacordes.com\/wp-content\/uploads\/2024\/06\/1pp-300x203.jpeg 300w\" sizes=\"auto, (max-width: 359px) 100vw, 359px\" \/><figcaption class=\"wp-element-caption\">Screenshot<\/figcaption><\/figure>\n<\/div>\n\n\n<p>La canci\u00f3n viene acompa\u00f1ada por un video musical grabado en Miami,\u00a0Florida,\u00a0el cual fue\u00a0dirigido por el reconocido\u00a0realizador\u00a0<strong>Carlos P\u00e9rez<\/strong>\u00a0. El clip, que cuenta con una original est\u00e9tica que acompa\u00f1a perfectamente la letra y que fue protagonizado por el propio Christian, relata lo que sufre un hombre cuando la mujer que ama le es infiel.<\/p>\n\n\n\n<p><em>\u201cEl amor y el desamor son la inspiraci\u00f3n para que salgan las mejores rolas, de puro sentimiento.\u00a0<strong>\u2018Kbr\u00f3n<\/strong><\/em><strong><em>y Medio\u2019 cuenta la historia que todos en alg\u00fan momento de la vida hemos pasado o pasaremos en el futuro, lo que somos capaces de hacer cuando tenemos el coraz\u00f3n roto<\/em><\/strong><em>. Espero que les guste tanto como a m\u00ed escribirla e interpretarla y nos echemos pronto un tequila Don Julio cant\u00e1ndola en uno de los conciertos del tour. Los amo un chingo\u201d,<\/em>\u00a0<strong>Christian Nodal.<\/strong><\/p>\n\n\n\n<p>Este nuevo tema se estrena previo a las presentaciones que ofrecer\u00e1\u00a0<strong>Nodal en el Auditorio Nacional de la CDMX este 7 y 8 de junio<\/strong>, mismas que oficialmente ya son\u00a0<strong><em>sold out<\/em><\/strong>\u00a0y que anteceden a su anunciada gira por Europa en ciudades como\u00a0<strong>Z\u00farich, Londres, Par\u00eds, Madrid, Gran Canaria, Barcelona, Marbella, Mil\u00e1n y La Toscana<\/strong>\u00a0\u00a0-en el homenaje a Andrea\u00a0Bocelli\u00a0&#8211;\u00a0para luego extender su tour por Estados Unidos.\u00a0<\/p>\n\n\n\n<p>\u2018PA\u2019L CORA TOUR\u2019 cuenta ya con\u00a0<strong>25 fechas confirmadas y muchas m\u00e1s por anunciarse pronto<\/strong>. La gira estadounidense comienza en el 11 de septiembre en Seattle, Washington, y termina el 10 de noviembre en Baltimore, Maryland, pasando por California, Texas y Florida.<\/p>\n\n\n\n<p>Christian Nodal naci\u00f3 en Caborca, Sonora en 1999. Su trabajo con el regional mexicano es hoy por hoy, una referencia para todos los artistas y fans del g\u00e9nero. Con tan solo 25 a\u00f1os de edad,\u00a0<strong>Nodal acumula 6Latin GRAMMY<\/strong>\u00a0, 8 Latin Billboard, 11 Latin AMA Awards, 8 Premios Juventud, un reconocimiento a su \u2018Extraordinaria Evoluci\u00f3n\u2019 por los Latin AMA Awards, as\u00ed como 2 galardones Tu M\u00fasica Urbana y 10 Premios Lo Nuestro. Canciones como su reciente single \u2018La Intenci\u00f3n\u2019 junto a Peso Pluma, as\u00ed como sus \u00e1lbumes\u00a0<em>AYAYAY!<\/em>\u00a0o\u00a0<em>Ahora<\/em>, acumulan miles de millones de reproducciones en plataformas de<em>streaming\u00a0<\/em>. Pero la carrera de Nodal\u00a0no ha tocado techo: el artista sigue creciendo y consiguiendo haza\u00f1as como pionero del regional mexicano.<\/p>\n\n\n\n<p>Christian Nodal es seguido por un promedio de 10.4 millones de personas en Instagram y 9.4 millones en Facebook. Adem\u00e1s, tiene 11.3 millones de suscriptores en YouTube y cuenta con m\u00e1s de 8 trillones de vistas. En Spotify, ostenta 23 millones de escuchas.<\/p>\n\n\n\n<p><strong>FECHAS Y CIUDADES DE PA\u2019L CORA TOUR 2024 USA<\/strong><br>11 de&nbsp;septiembre, WAMU Theater &#8211; Seattle, WA.<br>12 de&nbsp;septiembre, Toyota Center \u2013&nbsp;Kennewick, WA.<br>20 de&nbsp;septiembre, SAP Center \u2013 San&nbsp;Jose, CA.<br>26 de&nbsp;septiembre, Toyota Arena \u2013 Ontario, CA.<br>27 de&nbsp;septiembre, Honda Center \u2013 Anaheim, CA.<br>28 de&nbsp;septiembre, Kia&nbsp;Forum&nbsp;\u2013 Los&nbsp;Angeles, CA.<br>29 de&nbsp;septiembre,&nbsp;Desert&nbsp;Diamond&nbsp;Arena \u2013&nbsp;Pheoniz, AZ.<\/p>\n\n\n\n<p>4 de&nbsp;octubre, Ball Arena \u2013 Denver CO.<br>6 de&nbsp;octubre, Delta Center \u2013 Salt Lake City, UT.<br>10 de&nbsp;octubre, Payne Arena \u2013 Hidalgo, TX.<br>11 de&nbsp;octubre,&nbsp;Dickies&nbsp;Arena \u2013 Fort Worth, TX.<br>12 de&nbsp;octubre,&nbsp;Moody&nbsp;Center \u2013&nbsp;Austi, TX.<br>13 de&nbsp;octubre, Smart&nbsp;Financial&nbsp;Center \u2013 Houston, TX.<br>18 de&nbsp;octubre,&nbsp;Allstate&nbsp;Arena \u2013 Chicago, IL.<br>20 de&nbsp;octubre,&nbsp;Prudential&nbsp;Center \u2013 Newark, NJ.<br>23 de&nbsp;octubre, Place Bell \u2013 Montreal, CAN<br>24 de octubre, Coca Cola&nbsp;Colliseum&nbsp;\u2013 Toronto, CAN.<br>26 de octubre,&nbsp;Barclay\u2019s&nbsp;Center \u2013 Brooklyn, NY.<br>27 de octubre,&nbsp;Agganis&nbsp;Arena \u2013 Boston, MA.<\/p>\n\n\n\n<p>1 de noviembre, Kia Center \u2013 Orlando FL.<br>2 de noviembre,&nbsp;Kaseya&nbsp;Center \u2013 Miami FL.<br>3 de noviembre, Hertz Arena \u2013 Ft. Myers, FL.<br>8 de noviembre, Gas South Arena \u2013 Atlanta, GA.<br>9 de noviembre, Greensboro Coliseum \u2013 Greensboro, NC.<br>10 de noviembre, CFG Bank Arena \u2013 Baltimore, MD.<\/p>\n","protected":false},"excerpt":{"rendered":"<p>CHRISTIAN NODAL estrena \u201cKBR\u00d3N Y MEDIO\u201d uno de los temas m\u00e1s representativos de su nuevo<\/p>\n","protected":false},"author":5,"featured_media":8413,"comment_status":"open","ping_status":"open","sticky":false,"template":"","format":"standard","meta":{"om_disable_all_campaigns":false,"_uf_show_specific_survey":0,"_uf_disable_surveys":false,"footnotes":""},"categories":[4],"tags":[],"class_list":["post-8412","post","type-post","status-publish","format-standard","has-post-thumbnail","hentry","category-musica"],"_links":{"self":[{"href":"https:\/\/entrenotasyacordes.com\/index.php?rest_route=\/wp\/v2\/posts\/8412","targetHints":{"allow":["GET"]}}],"collection":[{"href":"https:\/\/entrenotasyacordes.com\/index.php?rest_route=\/wp\/v2\/posts"}],"about":[{"href":"https:\/\/entrenotasyacordes.com\/index.php?rest_route=\/wp\/v2\/types\/post"}],"author":[{"embeddable":true,"href":"https:\/\/entrenotasyacordes.com\/index.php?rest_route=\/wp\/v2\/users\/5"}],"replies":[{"embeddable":true,"href":"https:\/\/entrenotasyacordes.com\/index.php?rest_route=%2Fwp%2Fv2%2Fcomments&post=8412"}],"version-history":[{"count":1,"href":"https:\/\/entrenotasyacordes.com\/index.php?rest_route=\/wp\/v2\/posts\/8412\/revisions"}],"predecessor-version":[{"id":8415,"href":"https:\/\/entrenotasyacordes.com\/index.php?rest_route=\/wp\/v2\/posts\/8412\/revisions\/8415"}],"wp:featuredmedia":[{"embeddable":true,"href":"https:\/\/entrenotasyacordes.com\/index.php?rest_route=\/wp\/v2\/media\/8413"}],"wp:attachment":[{"href":"https:\/\/entrenotasyacordes.com\/index.php?rest_route=%2Fwp%2Fv2%2Fmedia&parent=8412"}],"wp:term":[{"taxonomy":"category","embeddable":true,"href":"https:\/\/entrenotasyacordes.com\/index.php?rest_route=%2Fwp%2Fv2%2Fcategories&post=8412"},{"taxonomy":"post_tag","embeddable":true,"href":"https:\/\/entrenotasyacordes.com\/index.php?rest_route=%2Fwp%2Fv2%2Ftags&post=8412"}],"curies":[{"name":"wp","href":"https:\/\/api.w.org\/{rel}","templated":true}]}}