{"id":8416,"date":"2024-06-07T20:41:59","date_gmt":"2024-06-07T20:41:59","guid":{"rendered":"https:\/\/entrenotasyacordes.com\/?p=8416"},"modified":"2024-06-07T20:42:00","modified_gmt":"2024-06-07T20:42:00","slug":"la-banda-mas-poderosa-del-rock-argentino-presentan-su-nuevo-single-los-unos-y-los-otros-antes-de-su-proximo-show-el-15-de-junio-en-el-teatro-vorterix","status":"publish","type":"post","link":"https:\/\/entrenotasyacordes.com\/?p=8416","title":{"rendered":"LA BANDA M\u00c1S PODEROSA DEL ROCK ARGENTINO, PRESENTAN SU NUEVO SINGLE \u201cLOS UNOS Y LOS OTROS\u201d ANTES DE SU PR\u00d3XIMO SHOW EL 15 DE JUNIO EN EL TEATRO VORTERIX"},"content":{"rendered":"\n<p><strong>ARDE LA SANGRE LANZA EL CUARTO SINGLE DE SU PROXIMO DISCO<\/strong> <strong>\u201cLOS UNOS Y LOS OTROS\u201d<\/strong> <strong>Disponible en todas las plataformas digitales.<\/strong><\/p>\n\n\n\n<!--more-->\n\n\n<div class=\"wp-block-image\">\n<figure class=\"aligncenter size-full is-resized\"><img loading=\"lazy\" decoding=\"async\" width=\"2560\" height=\"2560\" src=\"https:\/\/entrenotasyacordes.com\/wp-content\/uploads\/2024\/06\/ALS-LOS-UNOS-Y-LOS-OTROS-5000-x-5000-scaled.jpg\" alt=\"\" class=\"wp-image-8417\" style=\"width:643px;height:auto\" srcset=\"https:\/\/entrenotasyacordes.com\/wp-content\/uploads\/2024\/06\/ALS-LOS-UNOS-Y-LOS-OTROS-5000-x-5000-scaled.jpg 2560w, https:\/\/entrenotasyacordes.com\/wp-content\/uploads\/2024\/06\/ALS-LOS-UNOS-Y-LOS-OTROS-5000-x-5000-300x300.jpg 300w, https:\/\/entrenotasyacordes.com\/wp-content\/uploads\/2024\/06\/ALS-LOS-UNOS-Y-LOS-OTROS-5000-x-5000-1024x1024.jpg 1024w, https:\/\/entrenotasyacordes.com\/wp-content\/uploads\/2024\/06\/ALS-LOS-UNOS-Y-LOS-OTROS-5000-x-5000-150x150.jpg 150w, https:\/\/entrenotasyacordes.com\/wp-content\/uploads\/2024\/06\/ALS-LOS-UNOS-Y-LOS-OTROS-5000-x-5000-768x768.jpg 768w, https:\/\/entrenotasyacordes.com\/wp-content\/uploads\/2024\/06\/ALS-LOS-UNOS-Y-LOS-OTROS-5000-x-5000-1536x1536.jpg 1536w, https:\/\/entrenotasyacordes.com\/wp-content\/uploads\/2024\/06\/ALS-LOS-UNOS-Y-LOS-OTROS-5000-x-5000-2048x2048.jpg 2048w, https:\/\/entrenotasyacordes.com\/wp-content\/uploads\/2024\/06\/ALS-LOS-UNOS-Y-LOS-OTROS-5000-x-5000-50x50.jpg 50w\" sizes=\"auto, (max-width: 2560px) 100vw, 2560px\" \/><\/figure>\n<\/div>\n\n\n<p>Adelantando el segundo disco de la banda que m\u00e1s ha crecido dentro de la escena pesada argentina.<\/p>\n\n\n\n<p>A fuerza de potentes canciones y contundentes presentaciones en vivo, Arde la Sangre sigue sumando seguidores y buenas cr\u00edticas.<\/p>\n\n\n\n<p>Esta nueva entrega muestra a la banda mucho m\u00e1s veloz y ensamblada, a bordo de un poderoso riff y emotivas melod\u00edas. Una vez m\u00e1s nos sorprende con una nueva muestra de toda su variedad art\u00edstica y musical. liderando el Metal Moderno en Argentina<\/p>\n\n\n\n<p><strong>Estamos bien, pero nos miran mal\u2026<\/strong><\/p>\n\n\n\n<p>Una frase que resume la idea de no renunciar a los ideales y convicciones con tal de ganarse el favor de aquellos que piensan que el rock est\u00e1 muerto.<\/p>\n\n\n\n<p>Nada m\u00e1s lejano al escuchar esta nueva muestra de sonidos distorsionados y ritmos vertiginosos que soportan nuevas melod\u00edas desgarradas.<\/p>\n\n\n\n<p>Una vez m\u00e1s Arde la Sangre se destaca por su ejecuci\u00f3n y una interpretaci\u00f3n s\u00f3lida y salvaje,<\/p>\n\n\n\n<p>\u00a1Demostrando que esto reci\u00e9n empieza y todav\u00eda hay mucho camino por delante!<\/p>\n\n\n\n<p><strong>INFORMACION TECNICA Y CREDITOS<\/strong><\/p>\n\n\n\n<p><strong>Arde La Sangre &#8211; LOS UNOS Y LOS OTROS:<\/strong><br>Marcelo Corval\u00e1n: Bajo y Voz<br>Hern\u00e1n Langer: Guitarra, Coros y Programaciones<br>Luciano Farelli: Guitarra, Coros , Sintetizadores y Programaciones<br>Ignacio Benavides: Bater\u00eda<br>Grabado en Estudios GARRA y Ocean\u00eda Records por Luciano Farelli.<br>Asistentes de grabaci\u00f3n en GARRA: Pablo Peyrano y Ezequiel Bongarra<br>Drum Dr: Bolsa Gonzalez<br>Mezclado y masterizado por Luciano Farelli en Ocean\u00eda Records<br>Producido por Luciano Farelli y Hern\u00e1n Langer<\/p>\n\n\n\n<p><strong>VIDEO CLIP \u201c Los Unos y Los Otros\u201d<\/strong><br>@penumbrart &#8211; Direcci\u00f3n \/ Edici\u00f3n \/ Post Pro<br>Diego Madurga \/ Ver\u00f3nica Astudilla &#8211; Asistentes de producci\u00f3n \/ PH<br>@nicko_dz \/ Iluminaci\u00f3n<br>Arte de Tapa: Gast\u00f3n Portuesi<br>CM \/ Produccion \/ Vestuario- @matiasruggeri\u00a0<br>Filmado en \u2013 NICETO CLUB<\/p>\n\n\n\n<div class=\"wp-block-group\"><div class=\"wp-block-group__inner-container is-layout-constrained wp-block-group-is-layout-constrained\">\n<p class=\"has-text-align-center\"><strong>ARDE LA SANGRE&nbsp; \u2013&nbsp; LOS UNOS Y LOS OTROS<\/strong><\/p>\n\n\n\n<p class=\"has-text-align-center\">CON LA RESACA A FLOR DE PIEL<br>NOS RECOBRAMOS DEL AYER<br>UN DIA MAS, UNO A LA VEZ,<br>CADA SEGUNDO CUENTA Y LO SABES!<\/p>\n\n\n\n<p class=\"has-text-align-center\">SOMOS NOSOTROS DE AHORA EN MAS,<br>HEMOS NACIDO PARA AGUANTAR,<br>NOS PIDEN CIEN, TENEMOS MAS,<br>NO TIENEN NADA MAS QUE RECLAMAR.<br>TANTO REMEDIO NOS NO PUEDE CURAR,<br>ESTAMOS BIEN PERO NOS MIRAN MAL,<br>Y NUESTRO\u00a0 MUNDO ARDIENDO ESTA,<br>FINGIR DEMENCIA NO LO VA A SALVAR!<\/p>\n\n\n\n<p class=\"has-text-align-center\">HACER CRUJIR AL CORAZ\u00d3N DE PIEDRA,<br>HASTA SENTIR QUE LA EMOCION DESPIERTA,<br>LA ACCI\u00d3N APRENDE LA LECCI\u00d3N,<br>DOLOR Y ACEPTACI\u00d3N,<br>EL RUIDO Y LA CANCI\u00d3N<br>CUANDO LA VIDA DICE NO!<br>CUANDO LA VIDA QUIERE LO MEJOR,<br>BUSCAMOS OTRA DIRECCION<br>180 GRADOS.<br>SOMOS LOS UNOS Y LOS OTROS<br>NOS EMPUJARON A LA DISCUSION,<br>SINO FUI YO, TAMPOCO FUISTE VOS,<br>QUIEN TIRO LA PIEDRA SE ESCONDI\u00d3<\/p>\n\n\n\n<p class=\"has-text-align-center\">HACER CRUJIR AL CORAZ\u00d3N DE PIEDRA,<br>HASTA SENTIR QUE LA EMOCION DESPIERTA<br>LA ACCI\u00d3N APRENDE LA LECCI\u00d3N,<br>DOLOR Y ACEPTACI\u00d3N,<br>EL RUIDO Y LA CANCI\u00d3N<br>SOLUCI\u00d3N ILEGAL,<br>ENTRADA DE EMERGENCIA,<br>SOLUCI\u00d3N ILEGAL,<br>ENTRADA DE EMERGENCIA<br>BUSCANDO UN IDEAL!<\/p>\n\n\n\n<p class=\"has-text-align-center\">ESTAMOS BIEN<br>PERO NOS MIRAN MAL,<br>NO TIENEN NADA M\u00c1S QUE RECLAMAR.<br>ESTAMOS BIEN<br>PERO NOS MIRAN MAL,<br>UNA BUENA SE\u00d1AL<\/p>\n\n\n\n<p class=\"has-text-align-center\">HACER CRUJIR AL CORAZ\u00d3N DE PIEDRA,<br>HASTA SENTIR QUE LA EMOCION DESPIERTA<br>LA ACCI\u00d3N APRENDE LA LECCI\u00d3N,<br>DOLOR Y ACEPTACI\u00d3N,<br>EL RUIDO Y LA CANCI\u00d3N<br>ESTAMOS BIEN,<br>NOS MIRAN MAL,<br>UNA BUENA SE\u00d1AL<\/p>\n\n\n\n<p><strong>15 DE JUNIO EN EL\u00a0 TEATRO VORTERIX<\/strong><br><a href=\"https:\/\/www.allaccess.com.ar\/event\/arde-la-sangre-en-vorterix\" target=\"_blank\" rel=\"noreferrer noopener\"><strong>ENTRADAS A LA VENTA<\/strong><\/a><\/p>\n\n\n\n<p><strong>+ SOBRE ARDE LA SANGRE<\/strong><\/p>\n\n\n\n<p><strong>Arde La Sangre\u00a0<\/strong>comenz\u00f3\u0301 su carrera en pleno 2020, componiendo y d\u00e1ndole vida a su primer disco\u00a0<strong>\u201cLa Cura\u201d,\u00a0<\/strong>lanzado en 2021, con el cual la banda inici\u00f3 su primera gira, present\u00e1ndolo en vivo por toda Argentina, con un debut impresionante en el\u00a0<strong>Teatro Opera\u00a0<\/strong>de Buenos Aires, sorprendiendo tanto al p\u00fablico como a la cr\u00edtica, obteniendo el mejor reconocimiento al ganar el rubro \u201cRock Pesado punk\u201d al mejor disco en los prestigiosos\u00a0<strong>Premios Gardel.<\/strong><\/p>\n\n\n\n<p>En 2022 continuaron los shows destacando la participaci\u00f3n junto a las bandas \u201c<strong>KISS\u201d\u00a0<\/strong>y \u201c<strong>SLIPKNOT\u201d\u00a0<\/strong>en Bs As. Ese mismo a\u00f1o lanzaron un EP de cuatro canciones llamado \u201c<strong>Rompiendo Silencios\u201d<\/strong>, demostrando una evoluci\u00f3n en la composici\u00f3n y el sonido, donde se destacaron las canciones \u201cAguantar\u201d y \u201cEl Reino maldito\u201d con sus respectivos videoclips (Penumbrart). Adem\u00e1s de continuar su gira nacional de presentaci\u00f3n, concretaron su primera visita a Chile junto a la banda Alectrofobia recorriendo 5 ciudades.<\/p>\n\n\n\n<p>En 2023, la banda present\u00f3 dos nuevos sencillos \u201c<strong>OBDC\u201d&nbsp;<\/strong>con la participaci\u00f3n de la cantante&nbsp;<strong>\u201cMiny\u201d cantante de la banda \u201cPost20\u201d&nbsp;<\/strong>de San Juan<strong>&nbsp;y \u201cESPEJO ROTO\u201d&nbsp;<\/strong>donde siguen sorprendiendo con su constante evoluci\u00f3n en su sonido y destac\u00e1ndose como una de las bandas m\u00e1s novedosas y originales de la escena rockera latinoamericana en este \u00faltimo tiempo.<\/p>\n\n\n\n<p>Estas dos canciones son el adelanto de su pr\u00f3ximo disco que saldr\u00e1 a mediados del 2024.<\/p>\n\n\n\n<p>Tambi\u00e9n, como destacado en el 2023, la banda particip\u00f3 en el show de&nbsp;<strong>\u201cEvanescence\u201d&nbsp;<\/strong>que tuvo lugar en el&nbsp;<strong>Movistar Arena<\/strong>, un cierre de a\u00f1o propio en el&nbsp;<strong>Teatro Vorterix&nbsp;<\/strong>y la participaci\u00f3n en el&nbsp;<strong>Festival Floufest&nbsp;<\/strong>en la ciudad de Asunci\u00f3n (Paraguay).<\/p>\n\n\n\n<p>Cabe destacar que Marcelo \u201cCorvata\u201d Corvalan fue miembro fundador de A.N.I.M.A.L y junto a Hernan \u201cTery\u201d Langer de CARAJO, dos de las bandas mas importantes e influyentes de la escena heavy metal de Latinoam\u00e9rica.<\/p>\n\n\n\n<p><\/p>\n<\/div><\/div>\n","protected":false},"excerpt":{"rendered":"<p>ARDE LA SANGRE LANZA EL CUARTO SINGLE DE SU PROXIMO DISCO \u201cLOS UNOS Y LOS<\/p>\n","protected":false},"author":5,"featured_media":8417,"comment_status":"open","ping_status":"open","sticky":false,"template":"","format":"standard","meta":{"om_disable_all_campaigns":false,"_uf_show_specific_survey":0,"_uf_disable_surveys":false,"footnotes":""},"categories":[4],"tags":[],"class_list":["post-8416","post","type-post","status-publish","format-standard","has-post-thumbnail","hentry","category-musica"],"_links":{"self":[{"href":"https:\/\/entrenotasyacordes.com\/index.php?rest_route=\/wp\/v2\/posts\/8416","targetHints":{"allow":["GET"]}}],"collection":[{"href":"https:\/\/entrenotasyacordes.com\/index.php?rest_route=\/wp\/v2\/posts"}],"about":[{"href":"https:\/\/entrenotasyacordes.com\/index.php?rest_route=\/wp\/v2\/types\/post"}],"author":[{"embeddable":true,"href":"https:\/\/entrenotasyacordes.com\/index.php?rest_route=\/wp\/v2\/users\/5"}],"replies":[{"embeddable":true,"href":"https:\/\/entrenotasyacordes.com\/index.php?rest_route=%2Fwp%2Fv2%2Fcomments&post=8416"}],"version-history":[{"count":1,"href":"https:\/\/entrenotasyacordes.com\/index.php?rest_route=\/wp\/v2\/posts\/8416\/revisions"}],"predecessor-version":[{"id":8418,"href":"https:\/\/entrenotasyacordes.com\/index.php?rest_route=\/wp\/v2\/posts\/8416\/revisions\/8418"}],"wp:featuredmedia":[{"embeddable":true,"href":"https:\/\/entrenotasyacordes.com\/index.php?rest_route=\/wp\/v2\/media\/8417"}],"wp:attachment":[{"href":"https:\/\/entrenotasyacordes.com\/index.php?rest_route=%2Fwp%2Fv2%2Fmedia&parent=8416"}],"wp:term":[{"taxonomy":"category","embeddable":true,"href":"https:\/\/entrenotasyacordes.com\/index.php?rest_route=%2Fwp%2Fv2%2Fcategories&post=8416"},{"taxonomy":"post_tag","embeddable":true,"href":"https:\/\/entrenotasyacordes.com\/index.php?rest_route=%2Fwp%2Fv2%2Ftags&post=8416"}],"curies":[{"name":"wp","href":"https:\/\/api.w.org\/{rel}","templated":true}]}}