{"id":8419,"date":"2024-06-07T20:51:15","date_gmt":"2024-06-07T20:51:15","guid":{"rendered":"https:\/\/entrenotasyacordes.com\/?p=8419"},"modified":"2024-06-07T20:51:17","modified_gmt":"2024-06-07T20:51:17","slug":"horcas-el-diablo","status":"publish","type":"post","link":"https:\/\/entrenotasyacordes.com\/?p=8419","title":{"rendered":"HORCAS &#8211; \u201cEL DIABLO\u201d"},"content":{"rendered":"\n<!--more-->\n\n\n<div class=\"wp-block-image\">\n<figure class=\"aligncenter size-full is-resized\"><img loading=\"lazy\" decoding=\"async\" width=\"1600\" height=\"787\" src=\"https:\/\/entrenotasyacordes.com\/wp-content\/uploads\/2024\/06\/1q.png\" alt=\"\" class=\"wp-image-8420\" style=\"width:643px;height:auto\" srcset=\"https:\/\/entrenotasyacordes.com\/wp-content\/uploads\/2024\/06\/1q.png 1600w, https:\/\/entrenotasyacordes.com\/wp-content\/uploads\/2024\/06\/1q-300x148.png 300w, https:\/\/entrenotasyacordes.com\/wp-content\/uploads\/2024\/06\/1q-1024x504.png 1024w, https:\/\/entrenotasyacordes.com\/wp-content\/uploads\/2024\/06\/1q-768x378.png 768w, https:\/\/entrenotasyacordes.com\/wp-content\/uploads\/2024\/06\/1q-1536x756.png 1536w\" sizes=\"auto, (max-width: 1600px) 100vw, 1600px\" \/><\/figure>\n<\/div>\n\n\n<p>Horcas se prepara para el lanzamiento de su nuevo\u00a0<em>disco N\u00ba 13,\u00a0<\/em>grabado en Romaphonic Studios con el Ingeniero de sonido Mario Altamirano y Masterizado en Suecia en Fascination Street de la mano de Jens Bogren.<\/p>\n\n\n\n<p>Sale el primer single \u201cCIEGO PARA VER\u201d en todas las plataformas y el 12 de Julio a las 22:00 hs saldr\u00e1 completo.<\/p>\n\n\n\n<p>Posee un sonido actual pero que mantiene el esp\u00edritu cl\u00e1sico de la banda. Con 10 canciones que hablan de la actualidad y vivencias de una banda hist\u00f3rica que marc\u00f3 momentos a lo largo de toda su carrera demostrando su vigencia y presente en cada tema siendo capaz de mantener su esencia y siendo la m\u00fasica que atraviesa el coraz\u00f3n con la pasi\u00f3n que caracteriza a Horcas.<\/p>\n\n\n<div class=\"wp-block-image\">\n<figure class=\"aligncenter size-large\"><img loading=\"lazy\" decoding=\"async\" width=\"576\" height=\"1024\" src=\"https:\/\/entrenotasyacordes.com\/wp-content\/uploads\/2024\/06\/1qq-576x1024.png\" alt=\"\" class=\"wp-image-8421\" srcset=\"https:\/\/entrenotasyacordes.com\/wp-content\/uploads\/2024\/06\/1qq-576x1024.png 576w, https:\/\/entrenotasyacordes.com\/wp-content\/uploads\/2024\/06\/1qq-169x300.png 169w, https:\/\/entrenotasyacordes.com\/wp-content\/uploads\/2024\/06\/1qq.png 720w\" sizes=\"auto, (max-width: 576px) 100vw, 576px\" \/><\/figure>\n<\/div>\n\n\n<figure class=\"wp-block-embed is-type-video is-provider-youtube wp-block-embed-youtube wp-embed-aspect-16-9 wp-has-aspect-ratio\"><div class=\"wp-block-embed__wrapper\">\n<iframe loading=\"lazy\" title=\"Horcas - Ciego Para Ver\" width=\"640\" height=\"360\" src=\"https:\/\/www.youtube.com\/embed\/UP-IQScUDZ0?feature=oembed\" frameborder=\"0\" allow=\"accelerometer; autoplay; clipboard-write; encrypted-media; gyroscope; picture-in-picture; web-share\" referrerpolicy=\"strict-origin-when-cross-origin\" allowfullscreen><\/iframe>\n<\/div><\/figure>\n\n\n\n<p><strong>HORCAS &#8211; ESTADIO OBRAS SANITARIAS<\/strong><\/p>\n\n\n\n<p>\u00abPara vos que nos acompa\u00f1aste a lo largo de tantos a\u00f1os, en tantos shows&#8230; Que nos dejaste ser parte de tu vida con nuestras canciones por m\u00e1s de 30 a\u00f1os&#8230;<\/p>\n\n\n\n<p>Que re\u00edste, lloraste&#8230; Que nos hiciste el aguante y pogueaste con todo donde nacieron amistades, donde vemos a esa nueva generaci\u00f3n de fan\u00e1ticos que nos empezaron a ver&#8230;<\/p>\n\n\n\n<p>Para los que vienen a todos lados, llenos de pasi\u00f3n hasta sudar la \u00faltima gota por gritar ese tema que tanto te gusta.<\/p>\n\n\n\n<p>Si&nbsp;<strong><em>viviste<\/em><\/strong>&nbsp;nuestra historia con nosotros&#8230; Te invitamos al show m\u00e1s importante de nuestra carrera:<\/p>\n\n\n\n<p><strong>NUESTRO PRIMER ESTADIO OBRAS<\/strong><\/p>\n\n\n\n<p>\u00a1Queremos que&nbsp;<strong>vos<\/strong>&nbsp;tambi\u00e9n seas parte!&nbsp;<\/p>\n\n\n\n<p>&#8216;LOS SUE\u00d1OS V\u00cdVELOS&#8230;'\u00bb<\/p>\n\n\n\n<p class=\"has-text-align-center\"><strong>S\u00e1bado 17 de agosto &#8211; Estadio Obras Sanitarias<\/strong><br><em>Av. del Libertador 7395, CABA.<\/em><br>Show apto +7 a\u00f1os<em>.<\/em><br>Entradas a trav\u00e9s de\u00a0<a href=\"https:\/\/ticketing.coolco.io\/tickets-ar\/es\/horcas-en-obras\">https:\/\/ticketing.coolco.io\/tickets-ar\/es\/horcas-en-obras<\/a> y puntos de ventas.<\/p>\n\n\n\n<figure class=\"wp-block-image size-large\"><img loading=\"lazy\" decoding=\"async\" width=\"1024\" height=\"1024\" src=\"https:\/\/entrenotasyacordes.com\/wp-content\/uploads\/2024\/06\/1qqq-1024x1024.png\" alt=\"\" class=\"wp-image-8422\" srcset=\"https:\/\/entrenotasyacordes.com\/wp-content\/uploads\/2024\/06\/1qqq-1024x1024.png 1024w, https:\/\/entrenotasyacordes.com\/wp-content\/uploads\/2024\/06\/1qqq-300x300.png 300w, https:\/\/entrenotasyacordes.com\/wp-content\/uploads\/2024\/06\/1qqq-150x150.png 150w, https:\/\/entrenotasyacordes.com\/wp-content\/uploads\/2024\/06\/1qqq-768x768.png 768w, https:\/\/entrenotasyacordes.com\/wp-content\/uploads\/2024\/06\/1qqq-50x50.png 50w, https:\/\/entrenotasyacordes.com\/wp-content\/uploads\/2024\/06\/1qqq.png 1080w\" sizes=\"auto, (max-width: 1024px) 100vw, 1024px\" \/><\/figure>\n\n\n\n<p><strong><em>Horcas<\/em><\/strong>, banda argentina de heavy metal que lleva pisando los escenarios desde 1988. Con m\u00e1s de 30 a\u00f1os de trayectoria y m\u00e1s de 12 \u00e1lbumes de estudio en su haber, Horcas se ha consolidado como una de las bandas m\u00e1s importantes del g\u00e9nero.<\/p>\n\n\n\n<p>Fundada por el gran&nbsp;<em>Osvaldo Civile<\/em>, ex guitarrista de&nbsp;<em>V8<\/em>, Horcas ha compartido escenarios con muchos artistas internacionales como&nbsp;<strong><em>Metallica, Pantera, Black Sabbath, Megadeth, Slayer&nbsp;<\/em><\/strong>entre otros.<\/p>\n\n\n\n<p>En 2022 cerraron el a\u00f1o en el\u00a0<em>Movistar Arena\u00a0<\/em>junto a\u00a0<strong><em>Judas Priest<\/em><\/strong>, en el marco del festival <em>\u00abKnotfest\u00bb.<\/em><\/p>\n\n\n\n<p>El 28 de abril de 2023 fueron la \u00fanica banda nacional elegida para participar en el festival&nbsp;<em>\u00abMasters Of Rock\u00bb&nbsp;<\/em>brindando un show \u00fanico, con su caracter\u00edstica mezcla de energ\u00eda cruda y musicalidad magistral, junto a&nbsp;<strong><em>Kiss, Scorpions, Deep Purple, Helloween y Avantasia.<\/em><\/strong><\/p>\n\n\n\n<p>Fue la primera banda de metal que llen\u00f3 el parque tem\u00e1tico\u00a0<em>Tecn\u00f3polis\u00a0<\/em>, primero en el Escenario Juana Azurduy al aire libre con m\u00e1s de 15 mil personas y luego en el microestadio cubierto con una capacidad de 12 mil personas.<\/p>\n\n\n\n<p>En el mes de diciembre, cerraron la Parte II de su gira nacional e internacional&nbsp;<em>\u00abCanciones Olvidadas\u00bb 2023<\/em>, en Groove junto a&nbsp;<strong><em>A.N.I.M.A.L y Adri\u00e1n Barilari&nbsp;<\/em><\/strong>dentro del festival&nbsp;<em>\u00abGigant3s Del Metal\u00bb&nbsp;<\/em>y en el \u201cLeyendas del Metal\u201d que se realiz\u00f3 en el&nbsp;<em>Luna Park<\/em>.<\/p>\n\n\n\n<p>El 16 de abril fueron invitados para compartir escenario junto a&nbsp;<strong><em>Megadeth&nbsp;<\/em><\/strong>en el&nbsp;<em>Movistar Arena.<\/em><\/p>\n\n\n\n<p>Seguimos con el Tour, seguimos en las rutas&#8230;<\/p>\n\n\n\n<p><em>\u00a1Pongan M\u00fasica Siempre!<\/em><\/p>\n","protected":false},"excerpt":{"rendered":"","protected":false},"author":5,"featured_media":8422,"comment_status":"open","ping_status":"open","sticky":false,"template":"","format":"standard","meta":{"om_disable_all_campaigns":false,"_uf_show_specific_survey":0,"_uf_disable_surveys":false,"footnotes":""},"categories":[36,4],"tags":[],"class_list":["post-8419","post","type-post","status-publish","format-standard","has-post-thumbnail","hentry","category-conciertos","category-musica"],"_links":{"self":[{"href":"https:\/\/entrenotasyacordes.com\/index.php?rest_route=\/wp\/v2\/posts\/8419","targetHints":{"allow":["GET"]}}],"collection":[{"href":"https:\/\/entrenotasyacordes.com\/index.php?rest_route=\/wp\/v2\/posts"}],"about":[{"href":"https:\/\/entrenotasyacordes.com\/index.php?rest_route=\/wp\/v2\/types\/post"}],"author":[{"embeddable":true,"href":"https:\/\/entrenotasyacordes.com\/index.php?rest_route=\/wp\/v2\/users\/5"}],"replies":[{"embeddable":true,"href":"https:\/\/entrenotasyacordes.com\/index.php?rest_route=%2Fwp%2Fv2%2Fcomments&post=8419"}],"version-history":[{"count":1,"href":"https:\/\/entrenotasyacordes.com\/index.php?rest_route=\/wp\/v2\/posts\/8419\/revisions"}],"predecessor-version":[{"id":8423,"href":"https:\/\/entrenotasyacordes.com\/index.php?rest_route=\/wp\/v2\/posts\/8419\/revisions\/8423"}],"wp:featuredmedia":[{"embeddable":true,"href":"https:\/\/entrenotasyacordes.com\/index.php?rest_route=\/wp\/v2\/media\/8422"}],"wp:attachment":[{"href":"https:\/\/entrenotasyacordes.com\/index.php?rest_route=%2Fwp%2Fv2%2Fmedia&parent=8419"}],"wp:term":[{"taxonomy":"category","embeddable":true,"href":"https:\/\/entrenotasyacordes.com\/index.php?rest_route=%2Fwp%2Fv2%2Fcategories&post=8419"},{"taxonomy":"post_tag","embeddable":true,"href":"https:\/\/entrenotasyacordes.com\/index.php?rest_route=%2Fwp%2Fv2%2Ftags&post=8419"}],"curies":[{"name":"wp","href":"https:\/\/api.w.org\/{rel}","templated":true}]}}