{"id":8428,"date":"2024-06-07T21:03:22","date_gmt":"2024-06-07T21:03:22","guid":{"rendered":"https:\/\/entrenotasyacordes.com\/?p=8428"},"modified":"2024-06-07T21:03:23","modified_gmt":"2024-06-07T21:03:23","slug":"travis-estreno-su-nuevo-single-bus-adelanto-de-su-proximo-album-l-a-times-lanzamiento-12-de-julio-bmg","status":"publish","type":"post","link":"https:\/\/entrenotasyacordes.com\/?p=8428","title":{"rendered":"TRAVIS estren\u00f3 su nuevo single \u201cBus\u201d, adelanto de su pr\u00f3ximo \u00e1lbum \u00abL.A.Times\u00bb (lanzamiento 12 de julio, BMG)"},"content":{"rendered":"\n<!--more-->\n\n\n\n<p><strong>TRAVIS\u00a0estren\u00f3 su nuevo single<\/strong> <strong>\u201cBus\u201d\u00a0<\/strong>acompa\u00f1ado de un videoclip dirigido por Fran Healy. <strong>Nuevo adelanto de su pr\u00f3ximo \u00e1lbum de estudio<\/strong> <strong>\u201cL.A. TIMES\u201d (lanzamiento 12 de julio).<\/strong><\/p>\n\n\n\n<figure class=\"wp-block-embed is-type-video is-provider-youtube wp-block-embed-youtube wp-embed-aspect-16-9 wp-has-aspect-ratio\"><div class=\"wp-block-embed__wrapper\">\n<div class=\"epyt-video-wrapper\"><iframe loading=\"lazy\"  id=\"_ytid_88675\"  width=\"640\" height=\"360\"  data-origwidth=\"640\" data-origheight=\"360\" src=\"https:\/\/www.youtube.com\/embed\/AIM6XzlAD5A?enablejsapi=1&#038;autoplay=0&#038;cc_load_policy=0&#038;cc_lang_pref=&#038;iv_load_policy=1&#038;loop=0&#038;rel=1&#038;fs=1&#038;playsinline=0&#038;autohide=2&#038;theme=dark&#038;color=white&#038;controls=1&#038;\" class=\"__youtube_prefs__  epyt-is-override  no-lazyload\" data-vol=\"50\"  title=\"YouTube player\"  allow=\"fullscreen; accelerometer; autoplay; clipboard-write; encrypted-media; gyroscope; picture-in-picture; web-share\" referrerpolicy=\"strict-origin-when-cross-origin\" allowfullscreen data-no-lazy=\"1\" data-skipgform_ajax_framebjll=\"\"><\/iframe><\/div>\n<\/div><\/figure>\n\n\n\n<p><strong><em>\u00ab\u2019L.A. Times\u2019 es nuestro \u00e1lbum m\u00e1s personal desde \u2018The Man Who\u2019.\u00a0<\/em><\/strong> <strong><em>Hab\u00eda muchas cosas importantes sobre las que escribir en ese momento, las placas tect\u00f3nicas hab\u00edan cambiado en mi vida.\u00a0Ten\u00eda 22 a\u00f1os cuando escrib\u00ed esas canciones.\u00a0 Eran mi terapia.\u00a0\u00a0M\u00e1s de 20 a\u00f1os despu\u00e9s, las placas han vuelto a cambiar.\u00a0 Hay mucho de qu\u00e9 hablar\u00bb.<\/em>\u00a0<\/strong>&#8211; Fran Healy<\/p>\n\n\n<div class=\"wp-block-image\">\n<figure class=\"aligncenter size-full is-resized\"><img loading=\"lazy\" decoding=\"async\" width=\"1600\" height=\"1223\" src=\"https:\/\/entrenotasyacordes.com\/wp-content\/uploads\/2024\/06\/1s-1.jpg\" alt=\"\" class=\"wp-image-8430\" style=\"width:643px;height:auto\" srcset=\"https:\/\/entrenotasyacordes.com\/wp-content\/uploads\/2024\/06\/1s-1.jpg 1600w, https:\/\/entrenotasyacordes.com\/wp-content\/uploads\/2024\/06\/1s-1-300x229.jpg 300w, https:\/\/entrenotasyacordes.com\/wp-content\/uploads\/2024\/06\/1s-1-1024x783.jpg 1024w, https:\/\/entrenotasyacordes.com\/wp-content\/uploads\/2024\/06\/1s-1-768x587.jpg 768w, https:\/\/entrenotasyacordes.com\/wp-content\/uploads\/2024\/06\/1s-1-1536x1174.jpg 1536w\" sizes=\"auto, (max-width: 1600px) 100vw, 1600px\" \/><\/figure>\n<\/div>\n\n\n<p class=\"has-text-align-left\">7 de junio de 2024.-<strong>\u00a0 Travis<\/strong>, la banda oriunda de Glasgow, ganadores de m\u00faltiples premios BRIT e Ivor Novello; presenta su nuevo single\u00a0<a href=\"https:\/\/travis.lnk.to\/BusPR\" target=\"_blank\" rel=\"noreferrer noopener\"><strong><em>\u201cBus\u201d<\/em><\/strong>,<\/a>\u00a0tercer adelanto de su pr\u00f3ximo \u00e1lbum de estudio\u00a0<strong>\u201cL.A. Times\u201d<\/strong>\u00a0que saldr\u00e1\u00a0<a href=\"https:\/\/travis.lnk.to\/LATimesPR\" target=\"_blank\" rel=\"noreferrer noopener\">a la venta el 12 de julio<\/a>\u00a0a trav\u00e9s de\u00a0<strong>BMG<\/strong>.\u00a0 Junto con el lanzamiento de esta canci\u00f3n, la banda tambi\u00e9n anunci\u00f3 su primera gira en el Reino Unido desde 2022 con 12 fechas en Inglaterra y Escocia el pr\u00f3ximo mes de diciembre.\u00a0 Este single sigue a\u00a0<a href=\"https:\/\/travis.lnk.to\/RazeTheBarPR\" target=\"_blank\" rel=\"noreferrer noopener\"><strong><em>\u201cRaze The Bar\u201d<\/em><\/strong><\/a>\u00a0en el que\u00a0<strong>Travis<\/strong>\u00a0se uni\u00f3 a sus amigos\u00a0<strong>Chris Martin<\/strong>\u00a0y\u00a0<strong>Brandon Flowers<\/strong>, quienes aportaron voces adicionales.<\/p>\n\n\n\n<p>Su sinuosa guitarra ac\u00fastica, sus evocadoras cuerdas y su delicada voz se han convertido en sin\u00f3nimo de\u00a0<strong>Travis<\/strong>\u00a0en los a\u00f1os de inimaginable \u00e9xito transcurridos desde entonces. Ahora, en lugar de esperar a los autobuses, Fran espera a que las canciones le encuentren a \u00e9l.\u00a0\u00a0<strong>Hablando de \u201cBus\u201d, Fran dice:<\/strong>\u00a0<em>\u201cEstaba de vacaciones, mirando por la ventana, observando todos los barcos que se mec\u00edan en el mar. Intentaba escribir una canci\u00f3n y no me sal\u00eda nada. Me recordaba a todos los a\u00f1os que pas\u00e9 esperando en los autobuses. Nunca crees que vaya a llegar, pero si esperas lo suficiente, suele aparecer. Mirando al mar, a todos los barquitos de vela, me imaginaba a todos los grupos y artistas sentados en ellos esperando que una r\u00e1faga de viento los llevara a la fama y la fortuna. En el a\u00f1o 99 nos subimos a uno enorme, as\u00ed que puedo dar fe de su naturaleza aleatoria. En medio de todos estos pensamientos surgi\u00f3 una peque\u00f1a melod\u00eda genial y la canci\u00f3n se escribi\u00f3 unos minutos despu\u00e9s.\u201d<\/em><\/p>\n\n\n\n<p>El tema viene acompa\u00f1ado de un\u00a0<a href=\"https:\/\/www.youtube.com\/watch?v=AIM6XzlAD5A\" target=\"_blank\" rel=\"noreferrer noopener\">videoclip<\/a>\u00a0rodado en Escocia, dirigido por Fran y con una fugaz aparici\u00f3n como invitado de\u00a0<strong>Adam Buxton<\/strong>, amigo de Travis.\u00a0 En el video se ve a la banda esperando aparentemente para siempre en una parada de autob\u00fas de los Highlands mientras Fran sue\u00f1a con escapar. Hablando de su participaci\u00f3n,\u00a0<strong>Adam Buxton dice:<\/strong>\u00a0<em>\u201cMe siento honrado de que al menos parte de mi cara aparezca en el nuevo video de una banda que me encanta. El sue\u00f1o es conseguir alg\u00fan d\u00eda el cameo de cuerpo entero, pero por alg\u00fan sitio hay que empezar.\u201d\u00a0<\/em><\/p>\n\n\n\n<p><strong>Travis<\/strong>&nbsp;iniciar\u00e1 su gira por el Reino Unido en el O2 Academy de Leeds el 5 de diciembre, con actuaciones en Manchester, Liverpool, Wolverhampton, Nottingham, Londres y otros lugares, antes de regresar al OVO Hydro de Glasgow el 21 de diciembre para un gran regreso a casa de una de las bandas locales m\u00e1s queridas de la ciudad.&nbsp; Los fans que reserven&nbsp;<strong>L.A Times<\/strong>&nbsp;en la&nbsp;<a href=\"https:\/\/travis.tmstor.es\/?lf=beba21172921a8b06ab202caf71ca949\" target=\"_blank\" rel=\"noreferrer noopener\">tienda oficial del artista<\/a>&nbsp;tendr\u00e1n acceso a una preventa exclusiva para la gira.&nbsp;<\/p>\n\n\n\n<p>El tour seguir\u00e1 a una gran temporada de verano en el hemisferio norte para\u00a0<strong>Travis<\/strong>, despu\u00e9s de actuar con\u00a0<strong>The Killers<\/strong>\u00a0en su gira de 16 fechas por el Reino Unido en junio y julio, y volver a Europa para su primera gira por el continente desde 2016 en agosto hasta septiembre. Tambi\u00e9n se anunci\u00f3 hoy que se dirigir\u00e1n a Norteam\u00e9rica en enero de 2025 para 22 fechas en Estados Unidos y Canad\u00e1.<\/p>\n\n\n\n<p><a href=\"https:\/\/travis.lnk.to\/Gaslight\" target=\"_blank\" rel=\"noreferrer noopener\"><strong><em>\u201cGaslight\u201d<\/em><\/strong>,<\/a>\u00a0el primer single que dieron a conocer de\u00a0<strong>\u201cL.A.Times\u201d<\/strong>, lleva 5 semanas en la lista de reproducci\u00f3n de Radio 2 de la BBC.\u00a0 Este nuevo \u00e1lbum supone para\u00a0<strong>Travis\u00a0<\/strong>el inicio de una nueva y audaz era; un logro incre\u00edble 25 a\u00f1os despu\u00e9s de que la banda publicara\u00a0<strong><em>su \u00e1lbum #1 \u201cThe Man Who\u201d<\/em><\/strong>, un disco certificado\u00a0<strong>9 veces Platino solo en el Reino Unido<\/strong>.<\/p>\n\n\n\n<p>Producido por Tony Hoffer (Air, Beck, Phoenix),\u00a0<strong><em>L.A. Times<\/em><\/strong>\u00a0fue escrito por Fran Healy en su estudio al borde de Skid Row, Los \u00c1ngeles, la ciudad que ha llamado hogar durante la \u00faltima d\u00e9cada.\u00a0 Describe\u00a0<em>L.A. Times<\/em>\u00a0como\u00a0<strong><em>\u00abel \u00e1lbum m\u00e1s personal de Travis desde The Man Who\u00bb<\/em><\/strong>. Sus diez canciones muestran a su creador, inevitablemente, tratando de dar sentido al camino recorrido hasta llegar a este punto &#8211; un sentimiento reflejado en la impresionante fotograf\u00eda de la portada del \u00e1lbum. Haci\u00e9ndose eco de algunos de los discos m\u00e1s queridos de\u00a0<strong>Travis<\/strong>\u00a0&#8211;<em>The Man Who, The Invisible Band<\/em>\u00a0y\u00a0<em>The Boy With No Name<\/em>-, nos reciben de nuevo cuatro figuras distantes en un entorno inmenso, esta vez bajo el hormig\u00f3n y el brillo del centro de Los \u00c1ngeles por la noche.\u00a0 Una formaci\u00f3n ininterrumpida desde su formaci\u00f3n en la Escuela de Arte de Glasgow en los a\u00f1os 90, las coordenadas de su extraordinario viaje juntos est\u00e1n marcadas por esta \u00faltima de una serie de fascinantes im\u00e1genes de Stefan Ruiz, fot\u00f3grafo de renombre mundial y colaborador de\u00a0<strong>Travis<\/strong>\u00a0durante m\u00e1s de 20 a\u00f1os.<\/p>\n\n\n\n<p><strong><em>L.A. Times<\/em><\/strong>\u00a0estar\u00e1 disponible en formato digital, CD, vinilo y en un paquete de lujo limitado de 2 CD\u2019s que incluye una versi\u00f3n despojada del \u00e1lbum grabada entre el living de Dougie Payne en Glasgow y el living de Fran Healy en Los \u00c1ngeles.\u00a0 HMV y las tiendas independientes tendr\u00e1n una edici\u00f3n limitada en vinilo verde m\u00e1rmol y la tienda oficial de la banda tiene vinilos amarillos limitados exclusivos y paquetes de merch para pre-ordenar.\u00a0 Haz tu pedido\u00a0<a href=\"https:\/\/travis.lnk.to\/LATimesPR\" target=\"_blank\" rel=\"noreferrer noopener\">aqu\u00ed<\/a>.<\/p>\n\n\n<div class=\"wp-block-image\">\n<figure class=\"aligncenter size-full\"><img loading=\"lazy\" decoding=\"async\" width=\"800\" height=\"800\" src=\"https:\/\/entrenotasyacordes.com\/wp-content\/uploads\/2024\/06\/1ss.jpg\" alt=\"\" class=\"wp-image-8431\" srcset=\"https:\/\/entrenotasyacordes.com\/wp-content\/uploads\/2024\/06\/1ss.jpg 800w, https:\/\/entrenotasyacordes.com\/wp-content\/uploads\/2024\/06\/1ss-300x300.jpg 300w, https:\/\/entrenotasyacordes.com\/wp-content\/uploads\/2024\/06\/1ss-150x150.jpg 150w, https:\/\/entrenotasyacordes.com\/wp-content\/uploads\/2024\/06\/1ss-768x768.jpg 768w, https:\/\/entrenotasyacordes.com\/wp-content\/uploads\/2024\/06\/1ss-50x50.jpg 50w\" sizes=\"auto, (max-width: 800px) 100vw, 800px\" \/><\/figure>\n<\/div>","protected":false},"excerpt":{"rendered":"","protected":false},"author":5,"featured_media":8431,"comment_status":"open","ping_status":"open","sticky":false,"template":"","format":"standard","meta":{"om_disable_all_campaigns":false,"_uf_show_specific_survey":0,"_uf_disable_surveys":false,"footnotes":""},"categories":[4],"tags":[],"class_list":["post-8428","post","type-post","status-publish","format-standard","has-post-thumbnail","hentry","category-musica"],"_links":{"self":[{"href":"https:\/\/entrenotasyacordes.com\/index.php?rest_route=\/wp\/v2\/posts\/8428","targetHints":{"allow":["GET"]}}],"collection":[{"href":"https:\/\/entrenotasyacordes.com\/index.php?rest_route=\/wp\/v2\/posts"}],"about":[{"href":"https:\/\/entrenotasyacordes.com\/index.php?rest_route=\/wp\/v2\/types\/post"}],"author":[{"embeddable":true,"href":"https:\/\/entrenotasyacordes.com\/index.php?rest_route=\/wp\/v2\/users\/5"}],"replies":[{"embeddable":true,"href":"https:\/\/entrenotasyacordes.com\/index.php?rest_route=%2Fwp%2Fv2%2Fcomments&post=8428"}],"version-history":[{"count":1,"href":"https:\/\/entrenotasyacordes.com\/index.php?rest_route=\/wp\/v2\/posts\/8428\/revisions"}],"predecessor-version":[{"id":8432,"href":"https:\/\/entrenotasyacordes.com\/index.php?rest_route=\/wp\/v2\/posts\/8428\/revisions\/8432"}],"wp:featuredmedia":[{"embeddable":true,"href":"https:\/\/entrenotasyacordes.com\/index.php?rest_route=\/wp\/v2\/media\/8431"}],"wp:attachment":[{"href":"https:\/\/entrenotasyacordes.com\/index.php?rest_route=%2Fwp%2Fv2%2Fmedia&parent=8428"}],"wp:term":[{"taxonomy":"category","embeddable":true,"href":"https:\/\/entrenotasyacordes.com\/index.php?rest_route=%2Fwp%2Fv2%2Fcategories&post=8428"},{"taxonomy":"post_tag","embeddable":true,"href":"https:\/\/entrenotasyacordes.com\/index.php?rest_route=%2Fwp%2Fv2%2Ftags&post=8428"}],"curies":[{"name":"wp","href":"https:\/\/api.w.org\/{rel}","templated":true}]}}