{"id":8437,"date":"2024-06-07T21:15:39","date_gmt":"2024-06-07T21:15:39","guid":{"rendered":"https:\/\/entrenotasyacordes.com\/?p=8437"},"modified":"2024-06-07T21:15:40","modified_gmt":"2024-06-07T21:15:40","slug":"riddim-en-vivo-sabado-15-de-junio-2030-hs-en-la-trastienda-balcarce-460-caba","status":"publish","type":"post","link":"https:\/\/entrenotasyacordes.com\/?p=8437","title":{"rendered":"RIDDIM en vivo &#8211; S\u00e1bado 15 de junio 20:30 hs en La Trastienda Balcarce 460- CABA."},"content":{"rendered":"\n<!--more-->\n\n\n<div class=\"wp-block-image\">\n<figure class=\"aligncenter size-full is-resized\"><img loading=\"lazy\" decoding=\"async\" width=\"900\" height=\"800\" src=\"https:\/\/entrenotasyacordes.com\/wp-content\/uploads\/2024\/06\/1u.jpg\" alt=\"\" class=\"wp-image-8438\" style=\"width:643px;height:auto\" srcset=\"https:\/\/entrenotasyacordes.com\/wp-content\/uploads\/2024\/06\/1u.jpg 900w, https:\/\/entrenotasyacordes.com\/wp-content\/uploads\/2024\/06\/1u-300x267.jpg 300w, https:\/\/entrenotasyacordes.com\/wp-content\/uploads\/2024\/06\/1u-768x683.jpg 768w\" sizes=\"auto, (max-width: 900px) 100vw, 900px\" \/><\/figure>\n<\/div>\n\n\n<h2 class=\"wp-block-heading\">S\u00e1bado 15 de junio 20:30 hs en La Trastienda Balcarce 460- CABA<\/h2>\n\n\n\n<p><strong>RIDDIM<\/strong>\u00a0es una banda argentina que naci\u00f3 en febrero de 1996 y elige el reggae roots como forma de expresi\u00f3n musical con influencias del sonido jamaiquino e ingl\u00e9s de los a\u00f1os 70&#8217;s y 80&#8217;s. El significado del nombre Riddim se debe al patr\u00f3n r\u00edtmico que forman el bajo y la bater\u00eda, donde se suman los dem\u00e1s instrumentos en la m\u00fasica reggae. Riddim cuenta con 8 discos producidos y 2 DVDs.<\/p>\n\n\n\n<p>En sus 28 a\u00f1os\u00a0<strong>RIDDIM<\/strong>\u00a0comparti\u00f3 escenario junto a otros grandes artistas del reggae mundial: Steel Pulse, Brinsley Forde, Mikey Dread, Benjamin Zephaniah, Max Romeo, The Wailers, Yellowman &amp; Sagitarious Band, Andrew Tosh, Junior Marvin, Tribo de Jah, la Fully Fullwood Band y mucho mas.<\/p>\n\n\n\n<figure class=\"wp-block-embed is-type-video is-provider-youtube wp-block-embed-youtube wp-embed-aspect-16-9 wp-has-aspect-ratio\"><div class=\"wp-block-embed__wrapper\">\n<div class=\"epyt-video-wrapper\"><iframe loading=\"lazy\"  id=\"_ytid_19177\"  width=\"640\" height=\"360\"  data-origwidth=\"640\" data-origheight=\"360\" src=\"https:\/\/www.youtube.com\/embed\/2IUwn-96Dso?enablejsapi=1&#038;autoplay=0&#038;cc_load_policy=0&#038;cc_lang_pref=&#038;iv_load_policy=1&#038;loop=0&#038;rel=1&#038;fs=1&#038;playsinline=0&#038;autohide=2&#038;theme=dark&#038;color=white&#038;controls=1&#038;\" class=\"__youtube_prefs__  epyt-is-override  no-lazyload\" data-vol=\"50\"  title=\"YouTube player\"  allow=\"fullscreen; accelerometer; autoplay; clipboard-write; encrypted-media; gyroscope; picture-in-picture; web-share\" referrerpolicy=\"strict-origin-when-cross-origin\" allowfullscreen data-no-lazy=\"1\" data-skipgform_ajax_framebjll=\"\"><\/iframe><\/div>\n<\/div><\/figure>\n\n\n\n<p>El \u00faltimo trabajo de la banda es el single \u201cDoce amor\u201d grabado en conjunto con la banda brasilera VIBRACOES, y Abran; mientras prepara su nuevo \u00e1lbum programado para este 2024.<\/p>\n\n\n<div class=\"wp-block-image\">\n<figure class=\"aligncenter size-full\"><img loading=\"lazy\" decoding=\"async\" width=\"528\" height=\"425\" src=\"https:\/\/entrenotasyacordes.com\/wp-content\/uploads\/2024\/06\/1uu.jpg\" alt=\"\" class=\"wp-image-8440\" srcset=\"https:\/\/entrenotasyacordes.com\/wp-content\/uploads\/2024\/06\/1uu.jpg 528w, https:\/\/entrenotasyacordes.com\/wp-content\/uploads\/2024\/06\/1uu-300x241.jpg 300w\" sizes=\"auto, (max-width: 528px) 100vw, 528px\" \/><\/figure>\n<\/div>\n\n\n<p><strong>DISCOGRAFIA:<\/strong><br><br>Roots Riddim Reggae (2000)<br>Remando (2002)<br><br>Remando Dub (2003)<br>Buenas Noticias (2005)<br>DVD &#8211; En vivo y Positivo (2006)<br>Preparen Apunten\u2026 Fuego! (2007)<br>Donde brilla el sol (2010)<br>Deja que fluya (2013)<br>20 A\u00f1os en vivo y en directo (2016)<br>Un Mundo Mejor (2019)<\/p>\n\n\n<div class=\"wp-block-image\">\n<figure class=\"aligncenter size-full is-resized\"><img loading=\"lazy\" decoding=\"async\" width=\"1400\" height=\"1400\" src=\"https:\/\/entrenotasyacordes.com\/wp-content\/uploads\/2024\/06\/1uuu.jpg\" alt=\"\" class=\"wp-image-8439\" style=\"width:581px;height:auto\" srcset=\"https:\/\/entrenotasyacordes.com\/wp-content\/uploads\/2024\/06\/1uuu.jpg 1400w, https:\/\/entrenotasyacordes.com\/wp-content\/uploads\/2024\/06\/1uuu-300x300.jpg 300w, https:\/\/entrenotasyacordes.com\/wp-content\/uploads\/2024\/06\/1uuu-1024x1024.jpg 1024w, https:\/\/entrenotasyacordes.com\/wp-content\/uploads\/2024\/06\/1uuu-150x150.jpg 150w, https:\/\/entrenotasyacordes.com\/wp-content\/uploads\/2024\/06\/1uuu-768x768.jpg 768w, https:\/\/entrenotasyacordes.com\/wp-content\/uploads\/2024\/06\/1uuu-50x50.jpg 50w\" sizes=\"auto, (max-width: 1400px) 100vw, 1400px\" \/><\/figure>\n<\/div>\n\n\n<p><strong><br>RIDDIM es:<\/strong><br><br>Pety \u2013 voz y percusi\u00f3n<br>Ignacio Da Rocha \u2013 bater\u00eda<br>Polo Balbuena \u2013 bajo<br>Rodrigo Sekunda \u2013 teclados<br>Patricio Gallini \u2013 guitarra y coros<br>Nicolas Vargas \u2013 voces y saxo<br>Facundo Vaccarezza \u2013 tromb\u00f3n<br>Gaston Gonzalez \u2013 trompeta<\/p>\n","protected":false},"excerpt":{"rendered":"","protected":false},"author":5,"featured_media":8438,"comment_status":"open","ping_status":"open","sticky":false,"template":"","format":"standard","meta":{"om_disable_all_campaigns":false,"_uf_show_specific_survey":0,"_uf_disable_surveys":false,"footnotes":""},"categories":[36,4],"tags":[],"class_list":["post-8437","post","type-post","status-publish","format-standard","has-post-thumbnail","hentry","category-conciertos","category-musica"],"_links":{"self":[{"href":"https:\/\/entrenotasyacordes.com\/index.php?rest_route=\/wp\/v2\/posts\/8437","targetHints":{"allow":["GET"]}}],"collection":[{"href":"https:\/\/entrenotasyacordes.com\/index.php?rest_route=\/wp\/v2\/posts"}],"about":[{"href":"https:\/\/entrenotasyacordes.com\/index.php?rest_route=\/wp\/v2\/types\/post"}],"author":[{"embeddable":true,"href":"https:\/\/entrenotasyacordes.com\/index.php?rest_route=\/wp\/v2\/users\/5"}],"replies":[{"embeddable":true,"href":"https:\/\/entrenotasyacordes.com\/index.php?rest_route=%2Fwp%2Fv2%2Fcomments&post=8437"}],"version-history":[{"count":1,"href":"https:\/\/entrenotasyacordes.com\/index.php?rest_route=\/wp\/v2\/posts\/8437\/revisions"}],"predecessor-version":[{"id":8441,"href":"https:\/\/entrenotasyacordes.com\/index.php?rest_route=\/wp\/v2\/posts\/8437\/revisions\/8441"}],"wp:featuredmedia":[{"embeddable":true,"href":"https:\/\/entrenotasyacordes.com\/index.php?rest_route=\/wp\/v2\/media\/8438"}],"wp:attachment":[{"href":"https:\/\/entrenotasyacordes.com\/index.php?rest_route=%2Fwp%2Fv2%2Fmedia&parent=8437"}],"wp:term":[{"taxonomy":"category","embeddable":true,"href":"https:\/\/entrenotasyacordes.com\/index.php?rest_route=%2Fwp%2Fv2%2Fcategories&post=8437"},{"taxonomy":"post_tag","embeddable":true,"href":"https:\/\/entrenotasyacordes.com\/index.php?rest_route=%2Fwp%2Fv2%2Ftags&post=8437"}],"curies":[{"name":"wp","href":"https:\/\/api.w.org\/{rel}","templated":true}]}}