{"id":8442,"date":"2024-06-07T21:23:56","date_gmt":"2024-06-07T21:23:56","guid":{"rendered":"https:\/\/entrenotasyacordes.com\/?p=8442"},"modified":"2024-06-07T21:23:57","modified_gmt":"2024-06-07T21:23:57","slug":"la-kermesse-de-los-decoradores-en-mar-del-plata","status":"publish","type":"post","link":"https:\/\/entrenotasyacordes.com\/?p=8442","title":{"rendered":"LA KERMESSE DE LOS DECORADORES EN MAR DEL PLATA."},"content":{"rendered":"\n<!--more-->\n\n\n<div class=\"wp-block-image\">\n<figure class=\"aligncenter size-full is-resized\"><img loading=\"lazy\" decoding=\"async\" width=\"2500\" height=\"2500\" src=\"https:\/\/entrenotasyacordes.com\/wp-content\/uploads\/2024\/06\/1v.jpg\" alt=\"\" class=\"wp-image-8443\" style=\"width:643px;height:auto\" srcset=\"https:\/\/entrenotasyacordes.com\/wp-content\/uploads\/2024\/06\/1v.jpg 2500w, https:\/\/entrenotasyacordes.com\/wp-content\/uploads\/2024\/06\/1v-300x300.jpg 300w, https:\/\/entrenotasyacordes.com\/wp-content\/uploads\/2024\/06\/1v-1024x1024.jpg 1024w, https:\/\/entrenotasyacordes.com\/wp-content\/uploads\/2024\/06\/1v-150x150.jpg 150w, https:\/\/entrenotasyacordes.com\/wp-content\/uploads\/2024\/06\/1v-768x768.jpg 768w, https:\/\/entrenotasyacordes.com\/wp-content\/uploads\/2024\/06\/1v-1536x1536.jpg 1536w, https:\/\/entrenotasyacordes.com\/wp-content\/uploads\/2024\/06\/1v-2048x2048.jpg 2048w, https:\/\/entrenotasyacordes.com\/wp-content\/uploads\/2024\/06\/1v-50x50.jpg 50w\" sizes=\"auto, (max-width: 2500px) 100vw, 2500px\" \/><\/figure>\n<\/div>\n\n\n<p class=\"has-text-align-center\"><strong>VIERNES 26 DE JULIO<\/strong>\u00a0&#8211; 20HS<br>GAP\u00a0&#8211; AV.CONSTITUCI\u00d3N 5780<br><strong>ENTRADAS A LA VENTA POR SISTEMA<\/strong><a href=\"https:\/\/articket.com.ar\/LA-KERMESSE-EN-MAR-DEL-PLATA\/\" target=\"_blank\" rel=\"noreferrer noopener\"> ARTICKET<\/a><\/p>\n\n\n\n<p class=\"has-text-align-center\"><strong><u>Y PUNTOS DE VENTA<\/u><\/strong><br><strong>La Casa de las Guitarras<\/strong>\u00a0(Belgrano 3420 &#8211; Mar del Plata)\u00a0<br><strong>Conex Tienda Urbana<\/strong>\u00a0\u00a0\u00a0(San Mart\u00edn 3263 &#8211; Mar del Plata)\u00a0<br><strong>ADN Store<\/strong>\u00a0(Calle 61 N\u00b0 2813 &#8211; Necochea)\u00a0<\/p>\n\n\n<div class=\"wp-block-image\">\n<figure class=\"aligncenter size-full\"><img loading=\"lazy\" decoding=\"async\" width=\"1000\" height=\"667\" src=\"https:\/\/entrenotasyacordes.com\/wp-content\/uploads\/2024\/06\/1vv.jpg\" alt=\"\" class=\"wp-image-8444\" srcset=\"https:\/\/entrenotasyacordes.com\/wp-content\/uploads\/2024\/06\/1vv.jpg 1000w, https:\/\/entrenotasyacordes.com\/wp-content\/uploads\/2024\/06\/1vv-300x200.jpg 300w, https:\/\/entrenotasyacordes.com\/wp-content\/uploads\/2024\/06\/1vv-768x512.jpg 768w\" sizes=\"auto, (max-width: 1000px) 100vw, 1000px\" \/><\/figure>\n<\/div>\n\n\n<p>Una Celebraci\u00f3n del Esp\u00edritu Redondo: El viernes 26 de julio, 20hs., La Kermesse encender\u00e1 la m\u00edstica en Gap (Av. Constituci\u00f3n 5780)<\/p>\n\n\n\n<p>De la mano de Los Decoradores -banda conformada por los hist\u00f3ricos integrantes de Patricio Rey y sus Redonditos de Ricota \u201cSemilla\u201d Bucciarelli, Sergio Dawi, Tito Fargo y Hern\u00e1n Aramberri-, este show promete capturar la esencia del esp\u00edritu redondo para dar un merecido homenaje a su p\u00fablico.<\/p>\n\n\n\n<p>Luego del \u00e9xito con presentaciones en diferentes ciudades de Argentina y de Uruguay, incluyendo el Estadio Obras (CABA) con entradas agotadas y Cosqu\u00edn Rock entre otros; Los Decoradores est\u00e1n listos para ofrecer una experiencia musical que no solo marca el reencuentro en los escenarios de estos m\u00fasicos emblem\u00e1ticos, sino que tambi\u00e9n actualiza la m\u00edstica y el esp\u00edritu de una de las bandas m\u00e1s importantes de la historia de rock nacional.<br>La Kermesse es un verdadero ritual que celebra y mantiene viva la inextinguible llama que ya abraz\u00f3 a varias generaciones.<\/p>\n\n\n\n<p>Una noche imperdible que unir\u00e1 pasado, presente y futuro en una verdadera celebraci\u00f3n musical.<\/p>\n\n\n<div class=\"wp-block-image\">\n<figure class=\"aligncenter size-full is-resized\"><img loading=\"lazy\" decoding=\"async\" width=\"2560\" height=\"1707\" src=\"https:\/\/entrenotasyacordes.com\/wp-content\/uploads\/2024\/06\/1vvv-scaled.jpg\" alt=\"\" class=\"wp-image-8445\" style=\"width:581px;height:auto\" srcset=\"https:\/\/entrenotasyacordes.com\/wp-content\/uploads\/2024\/06\/1vvv-scaled.jpg 2560w, https:\/\/entrenotasyacordes.com\/wp-content\/uploads\/2024\/06\/1vvv-300x200.jpg 300w, https:\/\/entrenotasyacordes.com\/wp-content\/uploads\/2024\/06\/1vvv-1024x683.jpg 1024w, https:\/\/entrenotasyacordes.com\/wp-content\/uploads\/2024\/06\/1vvv-768x512.jpg 768w, https:\/\/entrenotasyacordes.com\/wp-content\/uploads\/2024\/06\/1vvv-1536x1024.jpg 1536w, https:\/\/entrenotasyacordes.com\/wp-content\/uploads\/2024\/06\/1vvv-2048x1365.jpg 2048w\" sizes=\"auto, (max-width: 2560px) 100vw, 2560px\" \/><\/figure>\n<\/div>\n\n\n<p><strong>LA HISTORIA DE LOS DECORADORES<\/strong><\/p>\n\n\n\n<p>Surgieron en 2016 con la fusi\u00f3n de dos proyectos distintos con una historia en com\u00fan: SemiDawi -conformado por el bajista \u201cSemilla\u201d Buciarelli y el saxofonista Sergio Dawi- y The Comando Pickless -la banda liderada por el baterista Walter Sidoti-. A ellos se sum\u00f3 tambi\u00e9n el guitarrista Tito Fargo, tejiendo as\u00ed un v\u00ednculo indisoluble con el legado de Patricio Rey y sus Redonditos de Ricota.<\/p>\n\n\n\n<p>En 2018, bautizados inicialmente como \u201cKermesse Redonda\u201d, comenzaron a recorrer los escenarios nacionales, reviviendo los himnos de la legendaria banda platense y evocando el esp\u00edritu de Patricio Rey.\u00a0<\/p>\n\n\n\n<p>Ese a\u00f1o tambi\u00e9n marc\u00f3 el ingreso del baterista y productor Hern\u00e1n Aramberri, quien fue parte de Patricio Rey en sus \u00faltimos discos y luego de Indio Solari y los Fundamentalistas del Aire Acondicionado, y que reemplaz\u00f3 a Sidoti tras su partida por proyectos personales.<\/p>\n\n\n\n<p>Con el correr de los shows, la banda pas\u00f3 a llamarse definitivamente La Kermesse de Los Decoradores. Hasta hoy realizaron cerca de 100 shows en diferentes ciudades de Argentina y de Uruguay, incluyendo el Estadio Obras con entradas agotadas, adem\u00e1s de su participaci\u00f3n en festivales como Cosqu\u00edn Rock.<\/p>\n\n\n\n<p>La formaci\u00f3n se enriqueci\u00f3 no solo con sus miembros fundacionales sino tambi\u00e9n con la colaboraci\u00f3n de otros m\u00fasicos con pasado redondo como Lito Vitale, El Soldado, los saxofonistas Willy Crook y Gonzo Palacios, el baterista Juan \u201cPiojo\u201d \u00c1balos y el guitarrista Gabriel \u201cConejo\u201d Jolivet. Adem\u00e1s, se sumaron otros artistas de diversos g\u00e9neros como Mavi D\u00edaz (Viuda e Hijas de Roque Enroll), Lula Bertoldi (Eruca Sativa), Walter Meza (Horcas), Alejandro Kurz (El Bordo), Julieta Laso y Chino Laborde (Orquesta T\u00edpica Fern\u00e1ndez Fierro), entre otros, creando un puente musical entre generaciones.<\/p>\n\n\n\n<p>Actualmente la formaci\u00f3n incluye como miembros estables a Sergio Dawi (saxo), Tito Fargo (guitarra), \u201cSemilla\u201d Bucciarelli (bajo), Hern\u00e1n Aramberri (bater\u00eda), Jorge Cabrera (voz), Oscar Kamienomosky (2da. guitarra) y Mariano Pirato (teclado y voz).<\/p>\n","protected":false},"excerpt":{"rendered":"","protected":false},"author":5,"featured_media":8444,"comment_status":"open","ping_status":"open","sticky":false,"template":"","format":"standard","meta":{"om_disable_all_campaigns":false,"_uf_show_specific_survey":0,"_uf_disable_surveys":false,"footnotes":""},"categories":[36,4],"tags":[],"class_list":["post-8442","post","type-post","status-publish","format-standard","has-post-thumbnail","hentry","category-conciertos","category-musica"],"_links":{"self":[{"href":"https:\/\/entrenotasyacordes.com\/index.php?rest_route=\/wp\/v2\/posts\/8442","targetHints":{"allow":["GET"]}}],"collection":[{"href":"https:\/\/entrenotasyacordes.com\/index.php?rest_route=\/wp\/v2\/posts"}],"about":[{"href":"https:\/\/entrenotasyacordes.com\/index.php?rest_route=\/wp\/v2\/types\/post"}],"author":[{"embeddable":true,"href":"https:\/\/entrenotasyacordes.com\/index.php?rest_route=\/wp\/v2\/users\/5"}],"replies":[{"embeddable":true,"href":"https:\/\/entrenotasyacordes.com\/index.php?rest_route=%2Fwp%2Fv2%2Fcomments&post=8442"}],"version-history":[{"count":1,"href":"https:\/\/entrenotasyacordes.com\/index.php?rest_route=\/wp\/v2\/posts\/8442\/revisions"}],"predecessor-version":[{"id":8446,"href":"https:\/\/entrenotasyacordes.com\/index.php?rest_route=\/wp\/v2\/posts\/8442\/revisions\/8446"}],"wp:featuredmedia":[{"embeddable":true,"href":"https:\/\/entrenotasyacordes.com\/index.php?rest_route=\/wp\/v2\/media\/8444"}],"wp:attachment":[{"href":"https:\/\/entrenotasyacordes.com\/index.php?rest_route=%2Fwp%2Fv2%2Fmedia&parent=8442"}],"wp:term":[{"taxonomy":"category","embeddable":true,"href":"https:\/\/entrenotasyacordes.com\/index.php?rest_route=%2Fwp%2Fv2%2Fcategories&post=8442"},{"taxonomy":"post_tag","embeddable":true,"href":"https:\/\/entrenotasyacordes.com\/index.php?rest_route=%2Fwp%2Fv2%2Ftags&post=8442"}],"curies":[{"name":"wp","href":"https:\/\/api.w.org\/{rel}","templated":true}]}}