{"id":8447,"date":"2024-06-07T21:28:55","date_gmt":"2024-06-07T21:28:55","guid":{"rendered":"https:\/\/entrenotasyacordes.com\/?p=8447"},"modified":"2024-06-07T21:28:56","modified_gmt":"2024-06-07T21:28:56","slug":"danza-danza-en-el-hall","status":"publish","type":"post","link":"https:\/\/entrenotasyacordes.com\/?p=8447","title":{"rendered":"[DANZA] Danza en el Hall"},"content":{"rendered":"\n<!--more-->\n\n\n\n<p><strong>Nueva presentaci\u00f3n de \u201cTDC en Acci\u00f3n\u201d, un espect\u00e1culo del Taller de Danza del San Mart\u00edn que re\u00fane peque\u00f1as piezas trabajadas durante el primer cuatrimestre del a\u00f1o.<\/strong><\/p>\n\n\n<div class=\"wp-block-image\">\n<figure class=\"aligncenter size-full is-resized\"><img loading=\"lazy\" decoding=\"async\" width=\"1303\" height=\"2362\" src=\"https:\/\/entrenotasyacordes.com\/wp-content\/uploads\/2024\/06\/1w.jpg\" alt=\"\" class=\"wp-image-8448\" style=\"width:643px;height:auto\" srcset=\"https:\/\/entrenotasyacordes.com\/wp-content\/uploads\/2024\/06\/1w.jpg 1303w, https:\/\/entrenotasyacordes.com\/wp-content\/uploads\/2024\/06\/1w-165x300.jpg 165w, https:\/\/entrenotasyacordes.com\/wp-content\/uploads\/2024\/06\/1w-565x1024.jpg 565w, https:\/\/entrenotasyacordes.com\/wp-content\/uploads\/2024\/06\/1w-768x1392.jpg 768w, https:\/\/entrenotasyacordes.com\/wp-content\/uploads\/2024\/06\/1w-847x1536.jpg 847w, https:\/\/entrenotasyacordes.com\/wp-content\/uploads\/2024\/06\/1w-1130x2048.jpg 1130w, https:\/\/entrenotasyacordes.com\/wp-content\/uploads\/2024\/06\/1w-1024x1856.jpg 1024w\" sizes=\"auto, (max-width: 1303px) 100vw, 1303px\" \/><\/figure>\n<\/div>\n\n\n<p class=\"has-text-align-center\"><strong>Entrada gratuita<\/strong><br>Duraci\u00f3n total: 65 minutos<\/p>\n\n\n\n<p class=\"has-text-align-left\">El\u00a0<strong>viernes 14, el s\u00e1bado 15 y el domingo 16 de junio a las 18 horas<\/strong>\u00a0se presentar\u00e1, en el Hall Alfredo Alc\u00f3n del Teatro San Mart\u00edn, un espect\u00e1culo interpretado por los alumnos del Taller de Danza Contempor\u00e1nea, que dirige Norma Binaghi y codirige Dami\u00e1n Malvacio.\u00a0<\/p>\n\n\n\n<p>El Teatro San Mart\u00edn (Av. Corrientes 1530) es una de las salas que integran el Complejo Teatral de Buenos Aires, dependiente del Ministerio de Cultura de la Ciudad de Buenos Aires.<\/p>\n\n\n\n<p>Esta nueva edici\u00f3n de<strong>\u00a0\u201cTDC en Acci\u00f3n\u201d<\/strong>\u00a0re\u00fane piezas trabajadas espec\u00edficamente en el marco del Taller y otras que son parte de una nueva instancia, que consiste en la reposici\u00f3n de repertorio previamente estrenado por el Ballet Contempor\u00e1neo del Teatro San Mart\u00edn a lo largo de su trayectoria. A trav\u00e9s de estas coreograf\u00edas, los alumnos transitan la experiencia de ser int\u00e9rpretes.<\/p>\n\n\n\n<p><strong>Taller de Danza Contempor\u00e1nea del Teatro San Mart\u00edn<\/strong><br>Direcci\u00f3n: Norma Binaghi<br>Codirecci\u00f3n: Dami\u00e1n Malvacio<\/p>\n\n\n\n<p><strong>Estudiantes de tercer a\u00f1o:\u00a0<\/strong>Camila Bianchi, Luc\u00eda Blanco, Florencia Calisaya, Ariana Chicco, Mar\u00eda Pilar G\u00f3mez Cap\u00f3zzolo, Ludovica Lagoria, Juli\u00e1n Mazzarelli, Josefina Moreira De Castris, Agustina Norese, Sof\u00eda Zalazar V\u00e1zquez, Sol Fern\u00e1ndez Rey, Camila Vanoni, Agustina Viera, Renata Cardeli.\u00a0<\/p>\n\n\n\n<p><strong>Estudiantes de segundo a\u00f1o:\u00a0<\/strong>Tom\u00e1s Isa\u00edas Aimaretti, Alejo Burgos Palacios, Gonzalo Galarza, Valent\u00edn Garro Leyes, Juan Manuel Jauregui, Luciano Leiter Marangoni, Franco Daniel Mar\u00eda, Lucas Olmedo Sanabria, Isa\u00edas Ezequiel Sajama, Mail\u00e9n Covelo Dur\u00e1n, Victoria de la Barra, Victoria Gavil\u00e1n, Camila Hern\u00e1ndez, Abril Istilart, Valeria Mindiola Pedraza, Mar\u00eda de los \u00c1ngeles Padilla Pasieczny, Sol Magal\u00ed Paulli, Luciana Camila P\u00e9rez, Miel Sol\u00e1, Isabella Stagnani.<\/p>\n","protected":false},"excerpt":{"rendered":"","protected":false},"author":5,"featured_media":8448,"comment_status":"open","ping_status":"open","sticky":false,"template":"","format":"standard","meta":{"om_disable_all_campaigns":false,"_uf_show_specific_survey":0,"_uf_disable_surveys":false,"footnotes":""},"categories":[9,34],"tags":[],"class_list":["post-8447","post","type-post","status-publish","format-standard","has-post-thumbnail","hentry","category-cine-y-teatro","category-ultimas-noticias"],"_links":{"self":[{"href":"https:\/\/entrenotasyacordes.com\/index.php?rest_route=\/wp\/v2\/posts\/8447","targetHints":{"allow":["GET"]}}],"collection":[{"href":"https:\/\/entrenotasyacordes.com\/index.php?rest_route=\/wp\/v2\/posts"}],"about":[{"href":"https:\/\/entrenotasyacordes.com\/index.php?rest_route=\/wp\/v2\/types\/post"}],"author":[{"embeddable":true,"href":"https:\/\/entrenotasyacordes.com\/index.php?rest_route=\/wp\/v2\/users\/5"}],"replies":[{"embeddable":true,"href":"https:\/\/entrenotasyacordes.com\/index.php?rest_route=%2Fwp%2Fv2%2Fcomments&post=8447"}],"version-history":[{"count":1,"href":"https:\/\/entrenotasyacordes.com\/index.php?rest_route=\/wp\/v2\/posts\/8447\/revisions"}],"predecessor-version":[{"id":8449,"href":"https:\/\/entrenotasyacordes.com\/index.php?rest_route=\/wp\/v2\/posts\/8447\/revisions\/8449"}],"wp:featuredmedia":[{"embeddable":true,"href":"https:\/\/entrenotasyacordes.com\/index.php?rest_route=\/wp\/v2\/media\/8448"}],"wp:attachment":[{"href":"https:\/\/entrenotasyacordes.com\/index.php?rest_route=%2Fwp%2Fv2%2Fmedia&parent=8447"}],"wp:term":[{"taxonomy":"category","embeddable":true,"href":"https:\/\/entrenotasyacordes.com\/index.php?rest_route=%2Fwp%2Fv2%2Fcategories&post=8447"},{"taxonomy":"post_tag","embeddable":true,"href":"https:\/\/entrenotasyacordes.com\/index.php?rest_route=%2Fwp%2Fv2%2Ftags&post=8447"}],"curies":[{"name":"wp","href":"https:\/\/api.w.org\/{rel}","templated":true}]}}