{"id":8450,"date":"2024-06-07T21:35:11","date_gmt":"2024-06-07T21:35:11","guid":{"rendered":"https:\/\/entrenotasyacordes.com\/?p=8450"},"modified":"2024-06-07T21:35:13","modified_gmt":"2024-06-07T21:35:13","slug":"casa-duarte-festeja-300-funciones-de-exito-en-el-multiescena","status":"publish","type":"post","link":"https:\/\/entrenotasyacordes.com\/?p=8450","title":{"rendered":"\u00abCasa Duarte\u00bb festeja 300 funciones de \u00e9xito en el Multiescena"},"content":{"rendered":"\n<!--more-->\n\n\n\n<h4 class=\"wp-block-heading\">\u00a15TA TEMPORADA DE \u00c9XITO! \u00a1FESTEJANDO 300 FUNCIONES!<\/h4>\n\n\n<div class=\"wp-block-image\">\n<figure class=\"aligncenter size-full is-resized\"><img loading=\"lazy\" decoding=\"async\" width=\"1200\" height=\"1200\" src=\"https:\/\/entrenotasyacordes.com\/wp-content\/uploads\/2024\/06\/1x.webp\" alt=\"\" class=\"wp-image-8451\" style=\"width:643px;height:auto\" srcset=\"https:\/\/entrenotasyacordes.com\/wp-content\/uploads\/2024\/06\/1x.webp 1200w, https:\/\/entrenotasyacordes.com\/wp-content\/uploads\/2024\/06\/1x-300x300.webp 300w, https:\/\/entrenotasyacordes.com\/wp-content\/uploads\/2024\/06\/1x-1024x1024.webp 1024w, https:\/\/entrenotasyacordes.com\/wp-content\/uploads\/2024\/06\/1x-150x150.webp 150w, https:\/\/entrenotasyacordes.com\/wp-content\/uploads\/2024\/06\/1x-768x768.webp 768w, https:\/\/entrenotasyacordes.com\/wp-content\/uploads\/2024\/06\/1x-50x50.webp 50w\" sizes=\"auto, (max-width: 1200px) 100vw, 1200px\" \/><\/figure>\n<\/div>\n\n\n<h4 class=\"wp-block-heading has-text-align-center\">FUNCIONES VIERNES 21:00 HORAS, S\u00c1BADOS 22:00 HORAS<br>TEATRO MULTIESCENA<\/h4>\n\n\n\n<p class=\"has-text-align-left\">Este\u00a0<strong>viernes 7 de junio\u00a0<\/strong>el \u00e9xito off de Calle Corrientes:\u00a0<strong>\u00abCasa Duarte\u00bb\u00a0<\/strong>festejar\u00e1 sus 300 funciones. Tras agotar localidades desde 2021, esta comedia interactiva\u00a0<strong>contin\u00faa en el\u00a0Teatro Multiescena (Av. Corrientes 1764, CABA)\u00a0<\/strong>y se presenta los\u00a0<strong>viernes a las 21:00 horas y los s\u00e1bados a las 22:00 horas<\/strong>. Las entradas se pueden conseguir a trav\u00e9s de Plateanet o en la boleter\u00eda del teatro.<\/p>\n\n\n\n<p><strong><em>SINOPSIS<\/em><\/strong><\/p>\n\n\n\n<p>Pedro De la Puente est\u00e1 muerto y ser\u00e1 velado en la casa f\u00fanebre m\u00e1s desquiciada de calle corrientes.<br>Casa Duarte es el lugar elegido por la familia De la Puente para hacer la tradicional despedida a Pedro. La due\u00f1a de la casa velatoria, sus hijas y la aparici\u00f3n de personajes disparatados, har\u00e1n que su viuda y la familia tengan un velorio para el olvido.<br>Con altas d\u00f3sis de humor negro, esta comedia nos har\u00e1 pensar si realmente somos felices con la vida que tenemos, o bien, qu\u00e9 hacemos para tenerla.<\/p>\n\n\n<div class=\"wp-block-image\">\n<figure class=\"aligncenter size-large\"><img loading=\"lazy\" decoding=\"async\" width=\"1024\" height=\"682\" src=\"https:\/\/entrenotasyacordes.com\/wp-content\/uploads\/2024\/06\/1xx-1024x682.webp\" alt=\"\" class=\"wp-image-8452\" srcset=\"https:\/\/entrenotasyacordes.com\/wp-content\/uploads\/2024\/06\/1xx-1024x682.webp 1024w, https:\/\/entrenotasyacordes.com\/wp-content\/uploads\/2024\/06\/1xx-300x200.webp 300w, https:\/\/entrenotasyacordes.com\/wp-content\/uploads\/2024\/06\/1xx-768x512.webp 768w, https:\/\/entrenotasyacordes.com\/wp-content\/uploads\/2024\/06\/1xx-1536x1023.webp 1536w, https:\/\/entrenotasyacordes.com\/wp-content\/uploads\/2024\/06\/1xx.webp 1600w\" sizes=\"auto, (max-width: 1024px) 100vw, 1024px\" \/><\/figure>\n<\/div>\n\n\n<p><em><strong>FICHA T\u00c9CNICA<\/strong><\/em><strong><\/strong><\/p>\n\n\n\n<p><strong>Elenco:\u00a0<\/strong>Nicolas Tarigo, Lucas Vergara, Fabrizio Franceschini, Nazareno Ftune, Florencia Padilla, Carolina Di Tonto, Sabrina Halek, Facundo Martinez, Salom\u00f3n Ortiz, Bernardita Santill\u00e1n, Mirta Pichimauida.<br><strong>Producci\u00f3n general:\u00a0<\/strong>Jano Emetre Producciones<br><strong>Autor:\u00a0<\/strong>Salom\u00f3n Ortiz<br><strong>Direcci\u00f3n:\u00a0<\/strong>Salom\u00f3n Ortiz<br><strong>Escenograf\u00eda:\u00a0<\/strong>Vanesa Abramovich \u2013 Victoriano Pololla<br><strong>Vestuario:\u00a0<\/strong>Mercedes Sanchez \u2013 Salom\u00f3n Ortiz<br><strong>Maquillaje:\u00a0<\/strong>Gisela San Mart\u00edn para GSM Make Up<br><strong>Peluquer\u00eda:\u00a0<\/strong>Hernan Gurrieri<br><strong>Producci\u00f3n Audiovisual:\u00a0<\/strong>Martina Lanzerote<br><strong>Sonido:\u00a0<\/strong>Alexander Rojas para Rogui<br><strong>Dise\u00f1o Gr\u00e1fico:\u00a0<\/strong>Mercedes Sanchez<br><strong>Prensa:\u00a0<\/strong>Kevin Melgar (0KM Prensa)<\/p>\n","protected":false},"excerpt":{"rendered":"","protected":false},"author":5,"featured_media":8451,"comment_status":"open","ping_status":"open","sticky":false,"template":"","format":"standard","meta":{"om_disable_all_campaigns":false,"_uf_show_specific_survey":0,"_uf_disable_surveys":false,"footnotes":""},"categories":[9],"tags":[],"class_list":["post-8450","post","type-post","status-publish","format-standard","has-post-thumbnail","hentry","category-cine-y-teatro"],"_links":{"self":[{"href":"https:\/\/entrenotasyacordes.com\/index.php?rest_route=\/wp\/v2\/posts\/8450","targetHints":{"allow":["GET"]}}],"collection":[{"href":"https:\/\/entrenotasyacordes.com\/index.php?rest_route=\/wp\/v2\/posts"}],"about":[{"href":"https:\/\/entrenotasyacordes.com\/index.php?rest_route=\/wp\/v2\/types\/post"}],"author":[{"embeddable":true,"href":"https:\/\/entrenotasyacordes.com\/index.php?rest_route=\/wp\/v2\/users\/5"}],"replies":[{"embeddable":true,"href":"https:\/\/entrenotasyacordes.com\/index.php?rest_route=%2Fwp%2Fv2%2Fcomments&post=8450"}],"version-history":[{"count":1,"href":"https:\/\/entrenotasyacordes.com\/index.php?rest_route=\/wp\/v2\/posts\/8450\/revisions"}],"predecessor-version":[{"id":8453,"href":"https:\/\/entrenotasyacordes.com\/index.php?rest_route=\/wp\/v2\/posts\/8450\/revisions\/8453"}],"wp:featuredmedia":[{"embeddable":true,"href":"https:\/\/entrenotasyacordes.com\/index.php?rest_route=\/wp\/v2\/media\/8451"}],"wp:attachment":[{"href":"https:\/\/entrenotasyacordes.com\/index.php?rest_route=%2Fwp%2Fv2%2Fmedia&parent=8450"}],"wp:term":[{"taxonomy":"category","embeddable":true,"href":"https:\/\/entrenotasyacordes.com\/index.php?rest_route=%2Fwp%2Fv2%2Fcategories&post=8450"},{"taxonomy":"post_tag","embeddable":true,"href":"https:\/\/entrenotasyacordes.com\/index.php?rest_route=%2Fwp%2Fv2%2Ftags&post=8450"}],"curies":[{"name":"wp","href":"https:\/\/api.w.org\/{rel}","templated":true}]}}