{"id":8458,"date":"2024-06-07T21:55:38","date_gmt":"2024-06-07T21:55:38","guid":{"rendered":"https:\/\/entrenotasyacordes.com\/?p=8458"},"modified":"2024-06-07T21:55:40","modified_gmt":"2024-06-07T21:55:40","slug":"%f0%9f%94%a5escucha-lo-nuevo-de-sabrina-carpenter-bon-jovi-troye-sivan-drake-y","status":"publish","type":"post","link":"https:\/\/entrenotasyacordes.com\/?p=8458","title":{"rendered":"\ud83d\udd25ESCUCH\u00c1 LO NUEVO DE SABRINA CARPENTER, BON JOVI, TROYE SIVAN, DRAKE Y +++++"},"content":{"rendered":"\n<!--more-->\n\n\n\n<h2 class=\"wp-block-heading\">SABRINA CARPENTER PRESENTA SU NUEVA CANCI\u00d3N \u00abPLEASE PLEASE PLEASE\u00bb\u00a0<\/h2>\n\n\n<div class=\"wp-block-image\">\n<figure class=\"aligncenter size-full is-resized\"><img loading=\"lazy\" decoding=\"async\" width=\"660\" height=\"571\" src=\"https:\/\/entrenotasyacordes.com\/wp-content\/uploads\/2024\/06\/1z.webp\" alt=\"\" class=\"wp-image-8459\" style=\"width:643px;height:auto\" srcset=\"https:\/\/entrenotasyacordes.com\/wp-content\/uploads\/2024\/06\/1z.webp 660w, https:\/\/entrenotasyacordes.com\/wp-content\/uploads\/2024\/06\/1z-300x260.webp 300w\" sizes=\"auto, (max-width: 660px) 100vw, 660px\" \/><\/figure>\n<\/div>\n\n\n<p>Despu\u00e9s de su \u00e9xito n\u00famero uno mundial \u201cEspresso\u201d, su presentaci\u00f3n debut en Saturday Night Live y su animada presentaci\u00f3n en Coachella,&nbsp;<strong>Sabrina Carpenter<\/strong>&nbsp;lanza su nuevo sencillo y video musical titulado&nbsp;<strong>\u201cPlease Please Please\u201d<\/strong>. El lanzamiento acompa\u00f1a al anuncio de su muy esperado nuevo \u00e1lbum,&nbsp;<strong>\u00abShort n\u2019 Sweet\u00bb<\/strong>, que se lanzar\u00e1 el 23 de agosto de 2024 a trav\u00e9s de Island Records.<\/p>\n\n\n\n<p>En equipo con los colaboradores ganadores del premio GRAMMY\u00a0<strong>Jack Antonoff<\/strong>\u00a0y\u00a0<strong>Amy Allen<\/strong>, \u201cPlease Please Please\u201d destaca sus letras n\u00edtidas y su estilo conversacional caracter\u00edstico sobre una producci\u00f3n optimista mientras suplica: \u201c<em>Por favor, por favor, no demuestres que tengo raz\u00f3n. \u00a1Por favor, por favor, no me hagas llorar cuando acabo de maquillarme tan bien!<\/em>\u00ab. Dirigido por\u00a0<strong>Bardia Zeinali<\/strong>\u00a0y coprotagonizado por\u00a0<strong>Barry Keoghan<\/strong>, el v\u00eddeo cinematogr\u00e1fico proyecta a la perfecci\u00f3n esta vibra en la pantalla, continuando una tradici\u00f3n de im\u00e1genes audaces de la cantante.<\/p>\n\n\n\n<p>La canci\u00f3n llega tras su aut\u00e9ntico \u00e9xito de verano, \u201cEspresso\u201d. Escalando listas en todo el mundo, el \u00e9xito con certificaci\u00f3n Platino es el cuarto que llega al Billboard Hot 100 y su primer Top 5 en la lista, lo que actualmente le vali\u00f3 un pico en su carrera en el puesto n\u00famero 4. Captur\u00f3 el puesto n\u00famero uno en las listas globales de Spotify, EE. UU. y el Reino Unido, alcanzando el puesto n\u00famero uno en la lista de singles del Reino Unido durante cinco semanas consecutivas. El \u00e9xito del sencillo no hizo m\u00e1s que aumentar el incre\u00edble impulso generado por el \u00e9xito platino \u201cFeather\u201d, que obtuvo su primer puesto n\u00famero 1 en el Top 40 Radio.<\/p>\n\n\n\n<p>Adem\u00e1s de su aclamada actuaci\u00f3n como telonera de Taylor Swift en la gira \u00abThe Eras Tour\u00bb en M\u00e9xico, Sudam\u00e9rica, Australia y Singapur, fue la antesala a una incre\u00edble presentaci\u00f3n en Coachella, compartiendo escenario con grandes superestrellas de la m\u00fasica.<\/p>\n\n\n\n<h2 class=\"wp-block-heading\"><strong>\ud83d\udd25\ud83d\udcbf\u00a0NUEVOS LANZAMIENTOS\u00a0\ud83d\udcbf\ud83d\udd25<\/strong><\/h2>\n\n\n\n<p><strong>Sabrina Carpenter &#8211; \u00abPlease Please Please\u00bb<\/strong><\/p>\n\n\n<div class=\"wp-block-image\">\n<figure class=\"aligncenter size-large\"><img loading=\"lazy\" decoding=\"async\" width=\"1022\" height=\"1024\" src=\"https:\/\/entrenotasyacordes.com\/wp-content\/uploads\/2024\/06\/1zz-1022x1024.webp\" alt=\"\" class=\"wp-image-8460\" srcset=\"https:\/\/entrenotasyacordes.com\/wp-content\/uploads\/2024\/06\/1zz-1022x1024.webp 1022w, https:\/\/entrenotasyacordes.com\/wp-content\/uploads\/2024\/06\/1zz-300x300.webp 300w, https:\/\/entrenotasyacordes.com\/wp-content\/uploads\/2024\/06\/1zz-150x150.webp 150w, https:\/\/entrenotasyacordes.com\/wp-content\/uploads\/2024\/06\/1zz-768x769.webp 768w, https:\/\/entrenotasyacordes.com\/wp-content\/uploads\/2024\/06\/1zz-1024x1026.webp 1024w, https:\/\/entrenotasyacordes.com\/wp-content\/uploads\/2024\/06\/1zz-50x50.webp 50w, https:\/\/entrenotasyacordes.com\/wp-content\/uploads\/2024\/06\/1zz.webp 1094w\" sizes=\"auto, (max-width: 1022px) 100vw, 1022px\" \/><\/figure>\n<\/div>\n\n\n<p>Despu\u00e9s de su \u00e9xito n\u00famero uno mundial \u201cEspresso\u201d, su presentaci\u00f3n debut en Saturday Night Live y su animada presentaci\u00f3n en Coachella, Sabrina Carpenter lanza su nuevo sencillo y video musical titulado \u201cPlease Please Please\u201d. El lanzamiento acompa\u00f1a al anuncio de su muy esperado nuevo \u00e1lbum, \u00abShort n\u2019 Sweet\u00bb, que se lanzar\u00e1 el 23 de agosto de 2024 a trav\u00e9s de Island Records. En equipo con los colaboradores ganadores del premio GRAMMY Jack Antonoff y Amy Allen, \u201cPlease Please Please\u201d destaca sus letras n\u00edtidas y su estilo conversacional caracter\u00edstico sobre una producci\u00f3n optimista mientras suplica: \u201cPor favor, por favor, no demuestres que tengo raz\u00f3n. \u00a1Por favor, por favor, no me hagas llorar cuando acabo de maquillarme tan bien!\u00bb. Dirigido por Bardia Zeinali y coprotagonizado por Barry Keoghan, el v\u00eddeo cinematogr\u00e1fico proyecta a la perfecci\u00f3n esta vibra en la pantalla, continuando una tradici\u00f3n de im\u00e1genes audaces de la cantante.<\/p>\n\n\n\n<figure class=\"wp-block-embed is-type-video is-provider-youtube wp-block-embed-youtube wp-embed-aspect-16-9 wp-has-aspect-ratio\"><div class=\"wp-block-embed__wrapper\">\n<div class=\"epyt-video-wrapper\"><iframe loading=\"lazy\"  id=\"_ytid_25534\"  width=\"640\" height=\"360\"  data-origwidth=\"640\" data-origheight=\"360\" src=\"https:\/\/www.youtube.com\/embed\/cF1Na4AIecM?enablejsapi=1&#038;autoplay=0&#038;cc_load_policy=0&#038;cc_lang_pref=&#038;iv_load_policy=1&#038;loop=0&#038;rel=1&#038;fs=1&#038;playsinline=0&#038;autohide=2&#038;theme=dark&#038;color=white&#038;controls=1&#038;\" class=\"__youtube_prefs__  epyt-is-override  no-lazyload\" data-vol=\"50\"  title=\"YouTube player\"  allow=\"fullscreen; accelerometer; autoplay; clipboard-write; encrypted-media; gyroscope; picture-in-picture; web-share\" referrerpolicy=\"strict-origin-when-cross-origin\" allowfullscreen data-no-lazy=\"1\" data-skipgform_ajax_framebjll=\"\"><\/iframe><\/div>\n<\/div><\/figure>\n\n\n\n<p><strong>Bon Jovi &#8211;\u00a0\u00abForever\u00bb<\/strong><\/p>\n\n\n<div class=\"wp-block-image\">\n<figure class=\"aligncenter size-full\"><img loading=\"lazy\" decoding=\"async\" width=\"660\" height=\"660\" src=\"https:\/\/entrenotasyacordes.com\/wp-content\/uploads\/2024\/06\/1zzz.jpg\" alt=\"\" class=\"wp-image-8461\" srcset=\"https:\/\/entrenotasyacordes.com\/wp-content\/uploads\/2024\/06\/1zzz.jpg 660w, https:\/\/entrenotasyacordes.com\/wp-content\/uploads\/2024\/06\/1zzz-300x300.jpg 300w, https:\/\/entrenotasyacordes.com\/wp-content\/uploads\/2024\/06\/1zzz-150x150.jpg 150w, https:\/\/entrenotasyacordes.com\/wp-content\/uploads\/2024\/06\/1zzz-50x50.jpg 50w\" sizes=\"auto, (max-width: 660px) 100vw, 660px\" \/><\/figure>\n<\/div>\n\n\n<p><strong>BON JOVI<\/strong>, banda ganadora del premio Grammy\u00ae, miembro del Sal\u00f3n de la Fama del Rock and Roll y uno de los actos m\u00e1s emblem\u00e1ticos de la historia, lanza su decimosexto \u00e1lbum de estudio,&nbsp;<em>FOREVER<\/em>, ya disponible a trav\u00e9s de Island Records.<\/p>\n\n\n\n<p>\u201cEste disco es un regreso a la alegr\u00eda. Desde la composici\u00f3n hasta el proceso de grabaci\u00f3n, esto es subir el volumen, sentirte bien Bon Jovi\u201d, dijo Jon Bon Jovi.&nbsp;<\/p>\n\n\n\n<p>Junto con la 66a edici\u00f3n anual de los Premios Grammy\u00ae\u00a0de este a\u00f1o, Jon Bon Jovi fue nombrado Persona del A\u00f1o de MusiCares 2024 y fue honrado con un concierto tributo a las estrellas en el Centro de Convenciones de Los \u00c1ngeles con Bruce Springsteen, Shania Twain, Melissa Etheridge, Sammy Hagar, Jason Isbell, Jelly Roll, Pat Monahan de Train y muchos otros. Adem\u00e1s, en honor al 40 aniversario de BON JOVI, la banda lanz\u00f3 una serie documental de cuatro partes que abarca toda su carrera en HULU,\u00a0<em>Thank You, Goodnight: The Bon Jovi Story<\/em>, que fue dirigida por Gotham Chopra y se estren\u00f3 en SXSW.<\/p>\n\n\n\n<figure class=\"wp-block-embed is-type-video is-provider-youtube wp-block-embed-youtube wp-embed-aspect-16-9 wp-has-aspect-ratio\"><div class=\"wp-block-embed__wrapper\">\n<div class=\"epyt-video-wrapper\"><iframe loading=\"lazy\"  id=\"_ytid_53503\"  width=\"640\" height=\"360\"  data-origwidth=\"640\" data-origheight=\"360\" src=\"https:\/\/www.youtube.com\/embed\/js8vwQgNmdk?enablejsapi=1&#038;autoplay=0&#038;cc_load_policy=0&#038;cc_lang_pref=&#038;iv_load_policy=1&#038;loop=0&#038;rel=1&#038;fs=1&#038;playsinline=0&#038;autohide=2&#038;theme=dark&#038;color=white&#038;controls=1&#038;\" class=\"__youtube_prefs__  epyt-is-override  no-lazyload\" data-vol=\"50\"  title=\"YouTube player\"  allow=\"fullscreen; accelerometer; autoplay; clipboard-write; encrypted-media; gyroscope; picture-in-picture; web-share\" referrerpolicy=\"strict-origin-when-cross-origin\" allowfullscreen data-no-lazy=\"1\" data-skipgform_ajax_framebjll=\"\"><\/iframe><\/div>\n<\/div><\/figure>\n\n\n\n<p><strong>Aurora &#8211; \u00ab<em>What Happened To The Heart?\u00a0<\/em>\u00ab<\/strong><\/p>\n\n\n<div class=\"wp-block-image\">\n<figure class=\"aligncenter size-full\"><img loading=\"lazy\" decoding=\"async\" width=\"660\" height=\"660\" src=\"https:\/\/entrenotasyacordes.com\/wp-content\/uploads\/2024\/06\/1zzzz.webp\" alt=\"\" class=\"wp-image-8462\" srcset=\"https:\/\/entrenotasyacordes.com\/wp-content\/uploads\/2024\/06\/1zzzz.webp 660w, https:\/\/entrenotasyacordes.com\/wp-content\/uploads\/2024\/06\/1zzzz-300x300.webp 300w, https:\/\/entrenotasyacordes.com\/wp-content\/uploads\/2024\/06\/1zzzz-150x150.webp 150w, https:\/\/entrenotasyacordes.com\/wp-content\/uploads\/2024\/06\/1zzzz-50x50.webp 50w\" sizes=\"auto, (max-width: 660px) 100vw, 660px\" \/><\/figure>\n<\/div>\n\n\n<p>La superestrella noruega del pop alternativo AURORA lanza hoy su cuarto \u00e1lbum de estudio What Happened To The Heart?, a trav\u00e9s de Decca Records\/Glassnote\/Petroleum.<\/p>\n\n\n\n<p>El nuevo sencillo Starvation tambi\u00e9n disponible hoy, con un v\u00eddeo musical dirigido por Kaveh Nabatian y producido por Alexe Laroche. Por encima del palpitante techno del tema, producido por el alem\u00e1n Nicolas Rebscher, que tambi\u00e9n trabaj\u00f3 en su EP debut &#8216;Running With the Wolves&#8217;, AURORA lamenta el agotamiento del esp\u00edritu humano como resultado de la invasi\u00f3n tecnol\u00f3gica que amenaza especialmente a las mujeres.<\/p>\n\n\n\n<p>\u201cStarvation toca el coraz\u00f3n mismo del \u00e1lbum. La ra\u00edz del problema en el que se encuentra el mundo. Nuestras almas se mueren de hambre y, por lo tanto, creo que es dif\u00edcil para las personas conectarse verdaderamente con el mundo. Nuestra comida nos enferma. La noticia nos pone preocupados, pero pasivos. Nuestro trabajo nos quita la inspiraci\u00f3n de la vida. Acosamos a extra\u00f1os en Internet. Y nos conectamos con otros humanos principalmente a trav\u00e9s de ese mismo medio. Podemos ver c\u00f3mo matan a personas en nuestros tel\u00e9fonos mientras continuamos con nuestro d\u00eda. Algo anda muy mal\u201d&nbsp;dice AURORA sobre el nuevo single.<\/p>\n\n\n\n<p>En abril de 2022, AURORA ley\u00f3 una carta que cambi\u00f3 su vida. Fue coescrito por activistas ind\u00edgenas y se titul\u00f3&nbsp;\u2018We Are the Earth\u2019y ped\u00eda una revoluci\u00f3n: una respuesta colectiva al calentamiento global: \u201ccurar la tierra\u201d. Describieron estar conectados con la tierra \u201ca trav\u00e9s de nuestros corazones\u201d, y la tierra como \u201cel coraz\u00f3n que late dentro de nosotros\u201d. La carta llev\u00f3 a AURORA a plantearse una pregunta: \u00bfqu\u00e9 pas\u00f3 con el coraz\u00f3n? Y as\u00ed, la superestrella noruega del pop alternativo AURORA, de 27 a\u00f1os, comenz\u00f3 a estudiar libros sobre anatom\u00eda humana, queriendo entender cu\u00e1ndo y por qu\u00e9 la cultura occidental perdi\u00f3 contacto con el prop\u00f3sito m\u00e1s profundo de nuestro \u00f3rgano m\u00e1s vital.<\/p>\n\n\n\n<p>What Happened To The Heart?\u00a0Es un viaje de la debilidad a la fortaleza, de la autodestrucci\u00f3n a la autocuraci\u00f3n. Un viaje musical conmovedor e introspectivo que explora la p\u00e9rdida de conexi\u00f3n espiritual en la sociedad moderna, el poder curativo de la vulnerabilidad y el llamado a iniciar el cambio reuniendo el coraz\u00f3n con la pol\u00edtica y el crecimiento personal.<\/p>\n\n\n\n<figure class=\"wp-block-embed is-type-video is-provider-youtube wp-block-embed-youtube wp-embed-aspect-16-9 wp-has-aspect-ratio\"><div class=\"wp-block-embed__wrapper\">\n<div class=\"epyt-video-wrapper\"><iframe loading=\"lazy\"  id=\"_ytid_88849\"  width=\"640\" height=\"360\"  data-origwidth=\"640\" data-origheight=\"360\" src=\"https:\/\/www.youtube.com\/embed\/Y1YTg6SEed8?enablejsapi=1&#038;autoplay=0&#038;cc_load_policy=0&#038;cc_lang_pref=&#038;iv_load_policy=1&#038;loop=0&#038;rel=1&#038;fs=1&#038;playsinline=0&#038;autohide=2&#038;theme=dark&#038;color=white&#038;controls=1&#038;\" class=\"__youtube_prefs__  epyt-is-override  no-lazyload\" data-vol=\"50\"  title=\"YouTube player\"  allow=\"fullscreen; accelerometer; autoplay; clipboard-write; encrypted-media; gyroscope; picture-in-picture; web-share\" referrerpolicy=\"strict-origin-when-cross-origin\" allowfullscreen data-no-lazy=\"1\" data-skipgform_ajax_framebjll=\"\"><\/iframe><\/div>\n<\/div><\/figure>\n\n\n\n<p><strong>Sekou &#8211; \u00ablet go of me slowly\u00bb<\/strong><\/p>\n\n\n<div class=\"wp-block-image\">\n<figure class=\"aligncenter size-full\"><img loading=\"lazy\" decoding=\"async\" width=\"660\" height=\"660\" src=\"https:\/\/entrenotasyacordes.com\/wp-content\/uploads\/2024\/06\/1zzzzz.webp\" alt=\"\" class=\"wp-image-8463\" srcset=\"https:\/\/entrenotasyacordes.com\/wp-content\/uploads\/2024\/06\/1zzzzz.webp 660w, https:\/\/entrenotasyacordes.com\/wp-content\/uploads\/2024\/06\/1zzzzz-300x300.webp 300w, https:\/\/entrenotasyacordes.com\/wp-content\/uploads\/2024\/06\/1zzzzz-150x150.webp 150w, https:\/\/entrenotasyacordes.com\/wp-content\/uploads\/2024\/06\/1zzzzz-50x50.webp 50w\" sizes=\"auto, (max-width: 660px) 100vw, 660px\" \/><\/figure>\n<\/div>\n\n\n<p>Sekou, nominado a &#8216;Rising Star&#8217; de los BRIT, miembro del &#8216;Top 10&#8217; de BBC Radio 1 Sound Poll y artista de &#8216;Ones To Watch 2024&#8217; de Amazon Music, lanza hoy su segundo sencillo del a\u00f1o &#8216;let go of me slowly&#8217;. Ya disponible a trav\u00e9s de NWS\/Island Records.<\/p>\n\n\n\n<p>\u2018let go of me slowly\u2019 sigue al lanzamiento de Sekou a principios de 2024, \u2018Crying\u2019, y el cantante regresa con este nuevo sencillo de himno desgarrador que se centra en la ruptura de una relaci\u00f3n rom\u00e1ntica.<\/p>\n\n\n\n<p>Coescrito por Yakob y Mary, el equipo detr\u00e1s del gran \u00e9xito de Sekou en 2023, \u00abBetter Man\u00bb (que cuenta con m\u00e1s de 6,5 millones de reproducciones en Spotify), \u2019let go of me slowly\u2019 es un regreso a sus anteriores baladas; el estilo ayud\u00f3 al cantante a dejar su huella en la escena con una canci\u00f3n vocalmente robusta pero sombr\u00eda de la que se ha convertido en sin\u00f3nimo. Con su tono rico en la canci\u00f3n relajada, \u201clet go of me slowly\u201d encarna plenamente todo lo que se supone que debe ser, expresando las emociones de Sekou en cada palabra que canta, permitiendo a los oyentes sentir su verdad.<\/p>\n\n\n\n<p>Hablando sobre la canci\u00f3n, Sekou dijo: \u201cEsta canci\u00f3n se inspir\u00f3 en un momento de mi vida en el que estaba pasando por algo y no sab\u00eda c\u00f3mo expresar mis sentimientos al respecto. Me tom\u00f3 algo de tiempo, pero volv\u00ed, rele\u00ed los textos antiguos y finalmente pude escribir las palabras en papel; sab\u00eda que ten\u00eda que ser honesto. Es liberador, y se supone que se trata de desahogarse y quitarse ese gran peso de encima que a veces puede seguir ah\u00ed despu\u00e9s de que una relaci\u00f3n se rompe\u201d.<\/p>\n\n\n\n<p>2024 ha comenzado en lo m\u00e1s alto para Sekou con una nominaci\u00f3n a &#8216;Estrella en ascenso&#8217; de los BRIT, consolidando su lugar en la historia como el nominado m\u00e1s joven de la historia de los premios. Lleg\u00f3 al top 10 en las &#8216;Sound Polls&#8217; de BBC Radio 1, apareci\u00f3 en su primera portada con la revista Notion como uno de los artistas revelaci\u00f3n de Amazon Music de 2024 y se embarc\u00f3 en una etapa brit\u00e1nica y europea de la gira &#8216;Snow Hard Feelings&#8217; de Ren\u00e9e Rapp, realizando 12 shows en apoyo a la estrella estadounidense. Las cosas no parecen estar desacelerando mientras Sekou se prepara para una serie de sus propias fechas en vivo este verano, incluido el show One Night Only recientemente anunciado para el 13 de Mayo en Omeara London, Cross The Tracks Festival el 26 de mayo, y el Latitude Festival en julio.<\/p>\n\n\n\n<figure class=\"wp-block-embed is-type-video is-provider-youtube wp-block-embed-youtube wp-embed-aspect-16-9 wp-has-aspect-ratio\"><div class=\"wp-block-embed__wrapper\">\n<div class=\"epyt-video-wrapper\"><iframe loading=\"lazy\"  id=\"_ytid_66828\"  width=\"640\" height=\"360\"  data-origwidth=\"640\" data-origheight=\"360\" src=\"https:\/\/www.youtube.com\/embed\/_AeAdaO2VBQ?enablejsapi=1&#038;autoplay=0&#038;cc_load_policy=0&#038;cc_lang_pref=&#038;iv_load_policy=1&#038;loop=0&#038;rel=1&#038;fs=1&#038;playsinline=0&#038;autohide=2&#038;theme=dark&#038;color=white&#038;controls=1&#038;\" class=\"__youtube_prefs__  epyt-is-override  no-lazyload\" data-vol=\"50\"  title=\"YouTube player\"  allow=\"fullscreen; accelerometer; autoplay; clipboard-write; encrypted-media; gyroscope; picture-in-picture; web-share\" referrerpolicy=\"strict-origin-when-cross-origin\" allowfullscreen data-no-lazy=\"1\" data-skipgform_ajax_framebjll=\"\"><\/iframe><\/div>\n<\/div><\/figure>\n","protected":false},"excerpt":{"rendered":"","protected":false},"author":5,"featured_media":8459,"comment_status":"open","ping_status":"open","sticky":false,"template":"","format":"standard","meta":{"om_disable_all_campaigns":false,"_uf_show_specific_survey":0,"_uf_disable_surveys":false,"footnotes":""},"categories":[4],"tags":[],"class_list":["post-8458","post","type-post","status-publish","format-standard","has-post-thumbnail","hentry","category-musica"],"_links":{"self":[{"href":"https:\/\/entrenotasyacordes.com\/index.php?rest_route=\/wp\/v2\/posts\/8458","targetHints":{"allow":["GET"]}}],"collection":[{"href":"https:\/\/entrenotasyacordes.com\/index.php?rest_route=\/wp\/v2\/posts"}],"about":[{"href":"https:\/\/entrenotasyacordes.com\/index.php?rest_route=\/wp\/v2\/types\/post"}],"author":[{"embeddable":true,"href":"https:\/\/entrenotasyacordes.com\/index.php?rest_route=\/wp\/v2\/users\/5"}],"replies":[{"embeddable":true,"href":"https:\/\/entrenotasyacordes.com\/index.php?rest_route=%2Fwp%2Fv2%2Fcomments&post=8458"}],"version-history":[{"count":1,"href":"https:\/\/entrenotasyacordes.com\/index.php?rest_route=\/wp\/v2\/posts\/8458\/revisions"}],"predecessor-version":[{"id":8464,"href":"https:\/\/entrenotasyacordes.com\/index.php?rest_route=\/wp\/v2\/posts\/8458\/revisions\/8464"}],"wp:featuredmedia":[{"embeddable":true,"href":"https:\/\/entrenotasyacordes.com\/index.php?rest_route=\/wp\/v2\/media\/8459"}],"wp:attachment":[{"href":"https:\/\/entrenotasyacordes.com\/index.php?rest_route=%2Fwp%2Fv2%2Fmedia&parent=8458"}],"wp:term":[{"taxonomy":"category","embeddable":true,"href":"https:\/\/entrenotasyacordes.com\/index.php?rest_route=%2Fwp%2Fv2%2Fcategories&post=8458"},{"taxonomy":"post_tag","embeddable":true,"href":"https:\/\/entrenotasyacordes.com\/index.php?rest_route=%2Fwp%2Fv2%2Ftags&post=8458"}],"curies":[{"name":"wp","href":"https:\/\/api.w.org\/{rel}","templated":true}]}}