{"id":8465,"date":"2024-06-07T22:00:10","date_gmt":"2024-06-07T22:00:10","guid":{"rendered":"https:\/\/entrenotasyacordes.com\/?p=8465"},"modified":"2024-06-07T22:00:11","modified_gmt":"2024-06-07T22:00:11","slug":"oses-lanza-imperfectxs-su-ep-debut-tu-recuerdo-es-el-segundo-single-y-videoclip","status":"publish","type":"post","link":"https:\/\/entrenotasyacordes.com\/?p=8465","title":{"rendered":"OSES lanza IMPERFECTXS, su EP debut. \u201cTu recuerdo\u201d es el segundo single y videoclip."},"content":{"rendered":"\n<!--more-->\n\n\n<div class=\"wp-block-image\">\n<figure class=\"aligncenter size-full is-resized\"><img loading=\"lazy\" decoding=\"async\" width=\"800\" height=\"800\" src=\"https:\/\/entrenotasyacordes.com\/wp-content\/uploads\/2024\/06\/2b-1.jpg\" alt=\"\" class=\"wp-image-8466\" style=\"width:643px;height:auto\" srcset=\"https:\/\/entrenotasyacordes.com\/wp-content\/uploads\/2024\/06\/2b-1.jpg 800w, https:\/\/entrenotasyacordes.com\/wp-content\/uploads\/2024\/06\/2b-1-300x300.jpg 300w, https:\/\/entrenotasyacordes.com\/wp-content\/uploads\/2024\/06\/2b-1-150x150.jpg 150w, https:\/\/entrenotasyacordes.com\/wp-content\/uploads\/2024\/06\/2b-1-768x768.jpg 768w, https:\/\/entrenotasyacordes.com\/wp-content\/uploads\/2024\/06\/2b-1-50x50.jpg 50w\" sizes=\"auto, (max-width: 800px) 100vw, 800px\" \/><\/figure>\n<\/div>\n\n\n<p class=\"has-text-align-left\"><strong>OSES<\/strong>\u00a0es un m\u00fasico, compositor y artista argentino nacido en Puerto Madryn y criado desde sus seis meses en zona norte de Buenos Aires, que acaba de lanzar\u00a0<em>IMPERFECTXS<\/em>, su EP debut como solista.<\/p>\n\n\n\n<p>En este primer trabajo integrado por cuatro canciones propias encontr\u00f3 un balance entre sintetizadores distorsionados, pianos ac\u00fasticos y guitarras el\u00e9ctricas. A partir de all\u00ed,\u00a0<strong>OSES<\/strong>\u00a0despliega un poderoso estilo de synth rock muy fresco con gui\u00f1os al rock, al pop, al punk, al hip hop, y al synth de los a\u00f1os ochenta y noventa\u00a0que le ofrece la base ideal a letras donde manifiesta su lucha contra fantasmas del pasado como tambi\u00e9n su percepci\u00f3n actual en el d\u00eda a d\u00eda.<\/p>\n\n\n\n<p><em>IMPERFECTXS\u00a0<\/em>est\u00e1 integrado por cuatro temas: \u00abBlack\u00bb, \u00abTrip\u00bb, \u00ab3AM\u00bb y \u00abTu recuerdo\u00bb. \u00abBlack\u00bb es el primer single y video, precedido por \u201cTu recuerdo\u201d, flamante sencillo con clip.<\/p>\n\n\n\n<p>\u201cBlack\u201d (primer single)&nbsp;&#8211; Link oficial de YouTube:<\/p>\n\n\n\n<figure class=\"wp-block-embed is-type-video is-provider-youtube wp-block-embed-youtube wp-embed-aspect-16-9 wp-has-aspect-ratio\"><div class=\"wp-block-embed__wrapper\">\n<div class=\"epyt-video-wrapper\"><iframe loading=\"lazy\"  id=\"_ytid_97637\"  width=\"640\" height=\"360\"  data-origwidth=\"640\" data-origheight=\"360\" src=\"https:\/\/www.youtube.com\/embed\/CJQoyRHjuOg?enablejsapi=1&#038;autoplay=0&#038;cc_load_policy=0&#038;cc_lang_pref=&#038;iv_load_policy=1&#038;loop=0&#038;rel=1&#038;fs=1&#038;playsinline=0&#038;autohide=2&#038;theme=dark&#038;color=white&#038;controls=1&#038;\" class=\"__youtube_prefs__  epyt-is-override  no-lazyload\" data-vol=\"50\"  title=\"YouTube player\"  allow=\"fullscreen; accelerometer; autoplay; clipboard-write; encrypted-media; gyroscope; picture-in-picture; web-share\" referrerpolicy=\"strict-origin-when-cross-origin\" allowfullscreen data-no-lazy=\"1\" data-skipgform_ajax_framebjll=\"\"><\/iframe><\/div>\n<\/div><\/figure>\n\n\n\n<p>\u201cTu recuerdo\u201d (segundo single) &#8211; Link oficial de YouTube:<\/p>\n\n\n\n<figure class=\"wp-block-embed is-type-video is-provider-youtube wp-block-embed-youtube wp-embed-aspect-16-9 wp-has-aspect-ratio\"><div class=\"wp-block-embed__wrapper\">\n<div class=\"epyt-video-wrapper\"><iframe loading=\"lazy\"  id=\"_ytid_18515\"  width=\"640\" height=\"360\"  data-origwidth=\"640\" data-origheight=\"360\" src=\"https:\/\/www.youtube.com\/embed\/x7324d7-EMc?enablejsapi=1&#038;autoplay=0&#038;cc_load_policy=0&#038;cc_lang_pref=&#038;iv_load_policy=1&#038;loop=0&#038;rel=1&#038;fs=1&#038;playsinline=0&#038;autohide=2&#038;theme=dark&#038;color=white&#038;controls=1&#038;\" class=\"__youtube_prefs__  epyt-is-override  no-lazyload\" data-vol=\"50\"  title=\"YouTube player\"  allow=\"fullscreen; accelerometer; autoplay; clipboard-write; encrypted-media; gyroscope; picture-in-picture; web-share\" referrerpolicy=\"strict-origin-when-cross-origin\" allowfullscreen data-no-lazy=\"1\" data-skipgform_ajax_framebjll=\"\"><\/iframe><\/div>\n<\/div><\/figure>\n\n\n\n<p>La letra y m\u00fasica de todas las canciones pertenecen a\u00a0<strong>OSES<\/strong>\u00a0(Agust\u00edn Oses), registradas bajo la producci\u00f3n de Fico Piscorz (<strong>Massacre<\/strong>). Fue grabado en su totalidad por Agust\u00edn, a excepci\u00f3n de \u201cBlack\u201d que cuenta con Fico en guitarra r\u00edtmica en calidad de invitado. Grabado, mezclado y masterizado en el estudio GOODSHIT MUSIC por Piskorz.<\/p>\n\n\n\n<p><strong>OSES<\/strong>\u00a0se vincul\u00f3 a la m\u00fasica desde temprana edad, cantando y tocando en vivo tanto con proyectos propios como a modo de invitado de otros artistas en el circuito underground de Buenos Aires. Es multi instrumentista: canta, toca guitarra, piano, samples y otros instrumentos. \u00a0<\/p>\n\n\n\n<p>Ahora se encuentra abocado al flamante lanzamiento de\u00a0<em>IMPERFECTXS<\/em>, su ansiado EP debut.<\/p>\n\n\n<div class=\"wp-block-image\">\n<figure class=\"aligncenter size-large\"><img loading=\"lazy\" decoding=\"async\" width=\"1024\" height=\"683\" src=\"https:\/\/entrenotasyacordes.com\/wp-content\/uploads\/2024\/06\/2bb-1024x683.jpg\" alt=\"\" class=\"wp-image-8467\" srcset=\"https:\/\/entrenotasyacordes.com\/wp-content\/uploads\/2024\/06\/2bb-1024x683.jpg 1024w, https:\/\/entrenotasyacordes.com\/wp-content\/uploads\/2024\/06\/2bb-300x200.jpg 300w, https:\/\/entrenotasyacordes.com\/wp-content\/uploads\/2024\/06\/2bb-768x512.jpg 768w, https:\/\/entrenotasyacordes.com\/wp-content\/uploads\/2024\/06\/2bb.jpg 1200w\" sizes=\"auto, (max-width: 1024px) 100vw, 1024px\" \/><\/figure>\n<\/div>","protected":false},"excerpt":{"rendered":"","protected":false},"author":5,"featured_media":8466,"comment_status":"open","ping_status":"open","sticky":false,"template":"","format":"standard","meta":{"om_disable_all_campaigns":false,"_uf_show_specific_survey":0,"_uf_disable_surveys":false,"footnotes":""},"categories":[4],"tags":[],"class_list":["post-8465","post","type-post","status-publish","format-standard","has-post-thumbnail","hentry","category-musica"],"_links":{"self":[{"href":"https:\/\/entrenotasyacordes.com\/index.php?rest_route=\/wp\/v2\/posts\/8465","targetHints":{"allow":["GET"]}}],"collection":[{"href":"https:\/\/entrenotasyacordes.com\/index.php?rest_route=\/wp\/v2\/posts"}],"about":[{"href":"https:\/\/entrenotasyacordes.com\/index.php?rest_route=\/wp\/v2\/types\/post"}],"author":[{"embeddable":true,"href":"https:\/\/entrenotasyacordes.com\/index.php?rest_route=\/wp\/v2\/users\/5"}],"replies":[{"embeddable":true,"href":"https:\/\/entrenotasyacordes.com\/index.php?rest_route=%2Fwp%2Fv2%2Fcomments&post=8465"}],"version-history":[{"count":1,"href":"https:\/\/entrenotasyacordes.com\/index.php?rest_route=\/wp\/v2\/posts\/8465\/revisions"}],"predecessor-version":[{"id":8468,"href":"https:\/\/entrenotasyacordes.com\/index.php?rest_route=\/wp\/v2\/posts\/8465\/revisions\/8468"}],"wp:featuredmedia":[{"embeddable":true,"href":"https:\/\/entrenotasyacordes.com\/index.php?rest_route=\/wp\/v2\/media\/8466"}],"wp:attachment":[{"href":"https:\/\/entrenotasyacordes.com\/index.php?rest_route=%2Fwp%2Fv2%2Fmedia&parent=8465"}],"wp:term":[{"taxonomy":"category","embeddable":true,"href":"https:\/\/entrenotasyacordes.com\/index.php?rest_route=%2Fwp%2Fv2%2Fcategories&post=8465"},{"taxonomy":"post_tag","embeddable":true,"href":"https:\/\/entrenotasyacordes.com\/index.php?rest_route=%2Fwp%2Fv2%2Ftags&post=8465"}],"curies":[{"name":"wp","href":"https:\/\/api.w.org\/{rel}","templated":true}]}}