{"id":8469,"date":"2024-06-07T22:08:34","date_gmt":"2024-06-07T22:08:34","guid":{"rendered":"https:\/\/entrenotasyacordes.com\/?p=8469"},"modified":"2024-06-07T22:08:35","modified_gmt":"2024-06-07T22:08:35","slug":"%f0%9f%87%aa%f0%9f%87%a8%f0%9f%8e%b5%f0%9f%8e%b8%f0%9f%8e%99%ef%b8%8f-ricardo-pita-presenta-tanto-una-cancion-de-resistencia-y-perseverancia","status":"publish","type":"post","link":"https:\/\/entrenotasyacordes.com\/?p=8469","title":{"rendered":"\ud83c\uddea\ud83c\udde8\ud83c\udfb5\ud83c\udfb8\ud83c\udf99\ufe0f Ricardo Pita presenta &#8216;Tanto&#8217;, una canci\u00f3n de resistencia y perseverancia"},"content":{"rendered":"\n<!--more-->\n\n\n\n<p><strong>Ricardo Pita<\/strong>\u00a0es un viajero, n\u00f3mada, caminante, amante de la vida, la naturaleza y la m\u00fasica. Una persona que propone uni\u00f3n, igualdad y reflexi\u00f3n, pero con ligereza y buen \u00e1nimo. Un contador de historias a trav\u00e9s de canciones que conecten, comunique y que lleven mensajes de uni\u00f3n. A trav\u00e9s de su propuesta, el m\u00fasico ecuatoriano busca crear conciencia y decirles a los locos, a los alienados y a los reprimidos del mundo que no est\u00e1n solos.<\/p>\n\n\n\n<p>Ricardo Pita creci\u00f3 en un hogar rodeado de mucha m\u00fasica en la que al mismo tiempo se escuchaba folclore y rock. Esa fusi\u00f3n y mezcla de ritmos se hace muy presente en toda su m\u00fasica. La influencia principal de su m\u00fasica son los viajes, las carreteras, la naturaleza, la gente y las comidas de cada ciudad visitada. Las luchas y las voces silenciadas. El humanismo como bandera.<\/p>\n\n\n\n<p><em>\u00abMe gustar\u00eda que quienes me escuchan sientan que son parte de algo. Que encuentren en mi m\u00fasica un espacio donde son bienvenidos. Me gustar\u00eda lograr que despierten, que dejen de aceptar lo que el convencionalismo nos propone como norma. Entregarles un mensaje potente, que los haga reflexionar, al mismo tiempo que divertirse y querer cantar a todo pulm\u00f3n\u00bb<\/em>, comenta Ricardo Pita.<\/p>\n\n\n<div class=\"wp-block-image\">\n<figure class=\"aligncenter size-full is-resized\"><img loading=\"lazy\" decoding=\"async\" width=\"1600\" height=\"1205\" src=\"https:\/\/entrenotasyacordes.com\/wp-content\/uploads\/2024\/06\/2c.jpeg\" alt=\"\" class=\"wp-image-8470\" style=\"width:643px;height:auto\" srcset=\"https:\/\/entrenotasyacordes.com\/wp-content\/uploads\/2024\/06\/2c.jpeg 1600w, https:\/\/entrenotasyacordes.com\/wp-content\/uploads\/2024\/06\/2c-300x226.jpeg 300w, https:\/\/entrenotasyacordes.com\/wp-content\/uploads\/2024\/06\/2c-1024x771.jpeg 1024w, https:\/\/entrenotasyacordes.com\/wp-content\/uploads\/2024\/06\/2c-768x578.jpeg 768w, https:\/\/entrenotasyacordes.com\/wp-content\/uploads\/2024\/06\/2c-1536x1157.jpeg 1536w\" sizes=\"auto, (max-width: 1600px) 100vw, 1600px\" \/><\/figure>\n<\/div>\n\n\n<p class=\"has-text-align-left\"><strong>&#8216;Tanto&#8217;<\/strong>\u00a0es el nuevo lanzamiento del m\u00fasico ecuatoriano<strong>\u00a0Ricardo Pita<\/strong>, una canci\u00f3n que habla de la necesidad de migrar e ir a buscar un futuro mejor teniendo que dejar atr\u00e1s tu gente, tu vida, para luego encontrarse lejos, a\u00f1orando regresar. Al mismo tiempo, el coro dice que todo el recorrido, todo lo caminado, lo bueno y lo malo te ha llevado a ser qui\u00e9n eres.Todo es aprendizaje.<\/p>\n\n\n\n<p>La letra de<strong>\u00a0&#8216;Tanto&#8217;<\/strong>\u00a0narra la historia de un migrante que, en su camino, por m\u00e1s que est\u00e9 lleno de dificultades, tambi\u00e9n encuentra much\u00edsimas alegr\u00edas y aprendizajes. La canci\u00f3n tiene una mezcla de ritmos que llevan al oyente por un paseo que viaja por \u00c1frica, ritmos latinoamericanos y tropicales. La idea es que las personas sientan el viaje que trajo esos ritmos africanos a ser arraigados en el continente americano. Beats volc\u00e1nicos electr\u00f3nicos.<\/p>\n\n\n<div class=\"wp-block-image\">\n<figure class=\"aligncenter size-large is-resized\"><img loading=\"lazy\" decoding=\"async\" width=\"1024\" height=\"1024\" src=\"https:\/\/entrenotasyacordes.com\/wp-content\/uploads\/2024\/06\/2cc-1024x1024.jpeg\" alt=\"\" class=\"wp-image-8471\" style=\"width:840px;height:auto\" srcset=\"https:\/\/entrenotasyacordes.com\/wp-content\/uploads\/2024\/06\/2cc-1024x1024.jpeg 1024w, https:\/\/entrenotasyacordes.com\/wp-content\/uploads\/2024\/06\/2cc-300x300.jpeg 300w, https:\/\/entrenotasyacordes.com\/wp-content\/uploads\/2024\/06\/2cc-150x150.jpeg 150w, https:\/\/entrenotasyacordes.com\/wp-content\/uploads\/2024\/06\/2cc-768x768.jpeg 768w, https:\/\/entrenotasyacordes.com\/wp-content\/uploads\/2024\/06\/2cc-1536x1536.jpeg 1536w, https:\/\/entrenotasyacordes.com\/wp-content\/uploads\/2024\/06\/2cc-50x50.jpeg 50w, https:\/\/entrenotasyacordes.com\/wp-content\/uploads\/2024\/06\/2cc.jpeg 1600w\" sizes=\"auto, (max-width: 1024px) 100vw, 1024px\" \/><\/figure>\n<\/div>\n\n\n<p><em>\u00abLa m\u00fasica la empec\u00e9 a hacer en la playa de Ipanema en Rio, pero la historia de la letra es otra. En 2019 tuve una experiencia que me marc\u00f3 mucho yendo por primera vez hacia M\u00e9xico, pa\u00eds al que promet\u00ed no ir hasta tener un show de peso y as\u00ed fue. Me invitaron a participar en un festival junto a Caetano Veloso, Natalia Lafourcade, Kevin Johansen, Silvio Rodr\u00edguez y Pablo Milan\u00e9s, algunos de mis m\u00e1s grandes referentes en la m\u00fasica. En el aeropuerto fui llevado sin raz\u00f3n alguna a un calabozo con condiciones inhumanas, donde estaban hacinadas personas de muchas nacionalidades. Algunos llevaban varios d\u00edas ah\u00ed. Pude experimentar de primera mano el abuso del poder de las personas de migraci\u00f3n quienes maltrataban a la gente con golpes e insultos. Hab\u00eda una desinformaci\u00f3n total del por qu\u00e9 est\u00e1bamos ah\u00ed y c\u00f3mo se solucionar\u00eda. Al mismo tiempo que ve\u00eda la crueldad pude evidenciar el poder del esp\u00edritu humano y la bondad de la que somos capaces. La gente ah\u00ed encerrada se olvidaba de sus propias preocupaciones por ayudar e intentar tranquilizar a los nuevos que iban llegando, compartiendo la poca comida que se ten\u00eda. Pronto nos hab\u00edamos hecho buenos amigos. Escuch\u00e9 muchas historias de lucha, de gente que ven\u00eda dejando su vida atr\u00e1s para buscar una mejor oportunidad y darle un mejor futuro a sus familias\u00bb<\/em>, enfatiza Ricardo Pita.<\/p>\n\n\n\n<figure class=\"wp-block-embed is-type-video is-provider-youtube wp-block-embed-youtube wp-embed-aspect-4-3 wp-has-aspect-ratio\"><div class=\"wp-block-embed__wrapper\">\n<div class=\"epyt-video-wrapper\"><iframe loading=\"lazy\"  id=\"_ytid_93628\"  width=\"640\" height=\"360\"  data-origwidth=\"640\" data-origheight=\"360\" src=\"https:\/\/www.youtube.com\/embed\/sXXuNQiJPJc?enablejsapi=1&#038;autoplay=0&#038;cc_load_policy=0&#038;cc_lang_pref=&#038;iv_load_policy=1&#038;loop=0&#038;rel=1&#038;fs=1&#038;playsinline=0&#038;autohide=2&#038;theme=dark&#038;color=white&#038;controls=1&#038;\" class=\"__youtube_prefs__  epyt-is-override  no-lazyload\" data-vol=\"50\"  title=\"YouTube player\"  allow=\"fullscreen; accelerometer; autoplay; clipboard-write; encrypted-media; gyroscope; picture-in-picture; web-share\" referrerpolicy=\"strict-origin-when-cross-origin\" allowfullscreen data-no-lazy=\"1\" data-skipgform_ajax_framebjll=\"\"><\/iframe><\/div>\n<\/div><\/figure>\n\n\n\n<p>El video de la canci\u00f3n es una bit\u00e1cora de los viajes del n\u00f3mada, protagonista de la canci\u00f3n, quien vive entre terminales y aeropuertos, y todas las alegr\u00edas y a\u00f1oranzas que el viaje conlleva. A la vez, se muestra informaci\u00f3n sobre la migraci\u00f3n a trav\u00e9s de los a\u00f1os.<\/p>\n\n\n\n<p><em>\u00abQuiero crear un mensaje de empat\u00eda por nuestros hermanos latinoamericanos que luchan a diario lejos de sus familias, por buscar un mejor ma\u00f1ana. Al mismo tiempo est\u00e1 el mensaje de saber re\u00edr ante el infortunio, de no dejarse abatir por los problemas, de darle buena cara al mal tiempo y de poder controlar c\u00f3mo reaccionamos ante las adversidades\u00bb<\/em>, puntualiza el artista ecuatoriano.<\/p>\n\n\n\n<p>&#8216;Tanto&#8217; es el primer sencillo del nuevo disco de Ricardo Pita, donde hace un giro bastante notorio de su sonido anterior. Su cuarto \u00e1lbum de estudio, que se lanzar\u00e1 a finales de agosto, es un trabajo en donde incorpora sonidos de m\u00fasica electr\u00f3nica. Los beats volc\u00e1nicos y los sintetizadores llevar\u00e1n la base de las canciones.<\/p>\n\n\n\n<p>Seg\u00fan Ricardo,\u00a0<em>\u00abel disco narrar\u00e1 la experiencia latinoamericana. Es una mirada a todo lo que nos aqueja como sociedad ante los malos gobiernos y todo lo que nos puede ser arrebatado en un segundo, haci\u00e9ndonos reflexionar de lo que es realmente importante: la familia y la uni\u00f3n. Al mismo tiempo, refleja lo que nos caracteriza como latinos, la alegr\u00eda ante la adversidad. Nunca dejarnos abatir por lo que no podemos controlar,invit\u00e1ndonos a levantar la voz y hacernos escuchar\u00bb<\/em>.<\/p>\n\n\n\n<p><em>\u00abEs un momento importante para despertar. Vivimos en una sociedad que acepta como norma que debemos consumir y alimentar a ese monstruo que hoy llaman algoritmo y que nadie est\u00e1 buscando otras opciones de c\u00f3mo conectarse con los dem\u00e1s. Nos tienen controlados y como humanos deber\u00edamos intentar revolucionar y romper ese ciclo. No adaptarnos. Es hora de que Latinoam\u00e9rica despierte como lo est\u00e1n haciendo sus volcanes\u00bb<\/em>, concluye Ricardo Pita.<\/p>\n","protected":false},"excerpt":{"rendered":"","protected":false},"author":5,"featured_media":8470,"comment_status":"open","ping_status":"open","sticky":false,"template":"","format":"standard","meta":{"om_disable_all_campaigns":false,"_uf_show_specific_survey":0,"_uf_disable_surveys":false,"footnotes":""},"categories":[4],"tags":[],"class_list":["post-8469","post","type-post","status-publish","format-standard","has-post-thumbnail","hentry","category-musica"],"_links":{"self":[{"href":"https:\/\/entrenotasyacordes.com\/index.php?rest_route=\/wp\/v2\/posts\/8469","targetHints":{"allow":["GET"]}}],"collection":[{"href":"https:\/\/entrenotasyacordes.com\/index.php?rest_route=\/wp\/v2\/posts"}],"about":[{"href":"https:\/\/entrenotasyacordes.com\/index.php?rest_route=\/wp\/v2\/types\/post"}],"author":[{"embeddable":true,"href":"https:\/\/entrenotasyacordes.com\/index.php?rest_route=\/wp\/v2\/users\/5"}],"replies":[{"embeddable":true,"href":"https:\/\/entrenotasyacordes.com\/index.php?rest_route=%2Fwp%2Fv2%2Fcomments&post=8469"}],"version-history":[{"count":1,"href":"https:\/\/entrenotasyacordes.com\/index.php?rest_route=\/wp\/v2\/posts\/8469\/revisions"}],"predecessor-version":[{"id":8472,"href":"https:\/\/entrenotasyacordes.com\/index.php?rest_route=\/wp\/v2\/posts\/8469\/revisions\/8472"}],"wp:featuredmedia":[{"embeddable":true,"href":"https:\/\/entrenotasyacordes.com\/index.php?rest_route=\/wp\/v2\/media\/8470"}],"wp:attachment":[{"href":"https:\/\/entrenotasyacordes.com\/index.php?rest_route=%2Fwp%2Fv2%2Fmedia&parent=8469"}],"wp:term":[{"taxonomy":"category","embeddable":true,"href":"https:\/\/entrenotasyacordes.com\/index.php?rest_route=%2Fwp%2Fv2%2Fcategories&post=8469"},{"taxonomy":"post_tag","embeddable":true,"href":"https:\/\/entrenotasyacordes.com\/index.php?rest_route=%2Fwp%2Fv2%2Ftags&post=8469"}],"curies":[{"name":"wp","href":"https:\/\/api.w.org\/{rel}","templated":true}]}}