{"id":8473,"date":"2024-06-07T22:13:40","date_gmt":"2024-06-07T22:13:40","guid":{"rendered":"https:\/\/entrenotasyacordes.com\/?p=8473"},"modified":"2024-06-07T22:13:42","modified_gmt":"2024-06-07T22:13:42","slug":"salastkbron-presenta-su-primer-ep-444","status":"publish","type":"post","link":"https:\/\/entrenotasyacordes.com\/?p=8473","title":{"rendered":"Salastkbron presenta su primer EP \u00ab444\u00bb"},"content":{"rendered":"\n<p><strong>El reconocido artista argentino, Salastkbron,\u00a0 viene a cautivar a todos sus seguidores y audiencia con su primer EP:\u00a0 \u00ab444\u00bb, disponible en todas las plataformas digitales.\u00a0<\/strong><\/p>\n\n\n\n<!--more-->\n\n\n<div class=\"wp-block-image\">\n<figure class=\"aligncenter size-large\"><img loading=\"lazy\" decoding=\"async\" width=\"1024\" height=\"1024\" src=\"https:\/\/entrenotasyacordes.com\/wp-content\/uploads\/2024\/06\/2d-1024x1024.jpg\" alt=\"\" class=\"wp-image-8474\" srcset=\"https:\/\/entrenotasyacordes.com\/wp-content\/uploads\/2024\/06\/2d-1024x1024.jpg 1024w, https:\/\/entrenotasyacordes.com\/wp-content\/uploads\/2024\/06\/2d-300x300.jpg 300w, https:\/\/entrenotasyacordes.com\/wp-content\/uploads\/2024\/06\/2d-150x150.jpg 150w, https:\/\/entrenotasyacordes.com\/wp-content\/uploads\/2024\/06\/2d-768x768.jpg 768w, https:\/\/entrenotasyacordes.com\/wp-content\/uploads\/2024\/06\/2d-1536x1536.jpg 1536w, https:\/\/entrenotasyacordes.com\/wp-content\/uploads\/2024\/06\/2d-2048x2048.jpg 2048w, https:\/\/entrenotasyacordes.com\/wp-content\/uploads\/2024\/06\/2d-50x50.jpg 50w\" sizes=\"auto, (max-width: 1024px) 100vw, 1024px\" \/><\/figure>\n<\/div>\n\n\n<p>Este trabajo musical de 5 canciones lleva a su publico&nbsp;por un viaje, contando una historia de amor mediante sus letras y melod\u00edas. A trav\u00e9s de cada nota, SALASTKBRON transmite la complejidad de los sentimientos que se involucran en una relaci\u00f3n.&nbsp;<\/p>\n\n\n\n<p>Este estreno representa una nueva etapa en la evoluci\u00f3n art\u00edstica de SALASTKBRON, donde su habilidad para transmitir emociones a trav\u00e9s de la m\u00fasica alcanza nuevos niveles. Esta historia desarrollada en este EP resonar\u00e1\u00a0con cualquiera que haya vivido el amor en alguna de sus formas.<\/p>\n\n\n\n<p>TRACKLIST \u00ab444\u00bb<\/p>\n\n\n\n<ul class=\"wp-block-list\">\n<li>Nena Santi<\/li>\n\n\n\n<li>Dimelo Mami<\/li>\n\n\n\n<li>Tal Para Cual<\/li>\n\n\n\n<li>Un Besito M\u00e1s<\/li>\n\n\n\n<li>No Fue Culpa Mia\u00a0<\/li>\n<\/ul>\n\n\n\n<figure class=\"wp-block-embed is-type-video is-provider-youtube wp-block-embed-youtube wp-embed-aspect-16-9 wp-has-aspect-ratio\"><div class=\"wp-block-embed__wrapper\">\n<div class=\"epyt-video-wrapper\"><iframe loading=\"lazy\"  id=\"_ytid_35491\"  width=\"640\" height=\"360\"  data-origwidth=\"640\" data-origheight=\"360\" src=\"https:\/\/www.youtube.com\/embed\/E6Jt7yfxraM?enablejsapi=1&#038;autoplay=0&#038;cc_load_policy=0&#038;cc_lang_pref=&#038;iv_load_policy=1&#038;loop=0&#038;rel=1&#038;fs=1&#038;playsinline=0&#038;autohide=2&#038;theme=dark&#038;color=white&#038;controls=1&#038;\" class=\"__youtube_prefs__  epyt-is-override  no-lazyload\" data-vol=\"50\"  title=\"YouTube player\"  allow=\"fullscreen; accelerometer; autoplay; clipboard-write; encrypted-media; gyroscope; picture-in-picture; web-share\" referrerpolicy=\"strict-origin-when-cross-origin\" allowfullscreen data-no-lazy=\"1\" data-skipgform_ajax_framebjll=\"\"><\/iframe><\/div>\n<\/div><\/figure>\n\n\n\n<p>Sobre Salas<\/p>\n\n\n\n<p>Un talentoso artista autodidacta, comenz\u00f3 su carrera a los 12 a\u00f1os y ha demostrado un excepcional talento y dedicaci\u00f3n a lo largo de su crecimiento profesional. A pesar de las responsabilidades desde joven y su participaci\u00f3n en un emprendimiento familiar, se aventur\u00f3 en la m\u00fasica mientras trabajaba en una panader\u00eda. Su encuentro con el productor JUNIOR en la escena del underground le brind\u00f3 la oportunidad de grabar, marcando el inicio de su ascenso art\u00edstico.<\/p>\n\n\n\n<p>Con su primer \u00e9xito, \u00abTIT\u00c1N\u00bb, Salas dej\u00f3 su marca en escenarios de Uruguay, Rosario conectando con el p\u00fablico de manera excepcional. Su \u00faltimo lanzamiento, \u00abTal para cual\u00bb, ha alcanzado notables posiciones en los charts de Spotify y YouTube, ingresando al top songs Argentina en el lugar #20 y destacando como #3 en tendencias de YouTube, adem\u00e1s de alcanzar la posici\u00f3n #17 en el Top de artistas. Su constante presencia en las tendencias musicales de YouTube durante tres semanas refleja su impacto duradero en la escena musical.<\/p>\n\n\n<div class=\"wp-block-image\">\n<figure class=\"aligncenter size-full is-resized\"><img loading=\"lazy\" decoding=\"async\" width=\"2560\" height=\"1954\" src=\"https:\/\/entrenotasyacordes.com\/wp-content\/uploads\/2024\/06\/2dd-scaled.jpg\" alt=\"\" class=\"wp-image-8475\" style=\"width:643px;height:auto\" srcset=\"https:\/\/entrenotasyacordes.com\/wp-content\/uploads\/2024\/06\/2dd-scaled.jpg 2560w, https:\/\/entrenotasyacordes.com\/wp-content\/uploads\/2024\/06\/2dd-300x229.jpg 300w, https:\/\/entrenotasyacordes.com\/wp-content\/uploads\/2024\/06\/2dd-1024x782.jpg 1024w, https:\/\/entrenotasyacordes.com\/wp-content\/uploads\/2024\/06\/2dd-768x586.jpg 768w, https:\/\/entrenotasyacordes.com\/wp-content\/uploads\/2024\/06\/2dd-1536x1172.jpg 1536w, https:\/\/entrenotasyacordes.com\/wp-content\/uploads\/2024\/06\/2dd-2048x1563.jpg 2048w\" sizes=\"auto, (max-width: 2560px) 100vw, 2560px\" \/><\/figure>\n<\/div>\n\n\n<p class=\"has-text-align-left\"><\/p>\n","protected":false},"excerpt":{"rendered":"<p>El reconocido artista argentino, Salastkbron,\u00a0 viene a cautivar a todos sus seguidores y audiencia con<\/p>\n","protected":false},"author":5,"featured_media":8474,"comment_status":"open","ping_status":"open","sticky":false,"template":"","format":"standard","meta":{"om_disable_all_campaigns":false,"_uf_show_specific_survey":0,"_uf_disable_surveys":false,"footnotes":""},"categories":[4],"tags":[],"class_list":["post-8473","post","type-post","status-publish","format-standard","has-post-thumbnail","hentry","category-musica"],"_links":{"self":[{"href":"https:\/\/entrenotasyacordes.com\/index.php?rest_route=\/wp\/v2\/posts\/8473","targetHints":{"allow":["GET"]}}],"collection":[{"href":"https:\/\/entrenotasyacordes.com\/index.php?rest_route=\/wp\/v2\/posts"}],"about":[{"href":"https:\/\/entrenotasyacordes.com\/index.php?rest_route=\/wp\/v2\/types\/post"}],"author":[{"embeddable":true,"href":"https:\/\/entrenotasyacordes.com\/index.php?rest_route=\/wp\/v2\/users\/5"}],"replies":[{"embeddable":true,"href":"https:\/\/entrenotasyacordes.com\/index.php?rest_route=%2Fwp%2Fv2%2Fcomments&post=8473"}],"version-history":[{"count":1,"href":"https:\/\/entrenotasyacordes.com\/index.php?rest_route=\/wp\/v2\/posts\/8473\/revisions"}],"predecessor-version":[{"id":8476,"href":"https:\/\/entrenotasyacordes.com\/index.php?rest_route=\/wp\/v2\/posts\/8473\/revisions\/8476"}],"wp:featuredmedia":[{"embeddable":true,"href":"https:\/\/entrenotasyacordes.com\/index.php?rest_route=\/wp\/v2\/media\/8474"}],"wp:attachment":[{"href":"https:\/\/entrenotasyacordes.com\/index.php?rest_route=%2Fwp%2Fv2%2Fmedia&parent=8473"}],"wp:term":[{"taxonomy":"category","embeddable":true,"href":"https:\/\/entrenotasyacordes.com\/index.php?rest_route=%2Fwp%2Fv2%2Fcategories&post=8473"},{"taxonomy":"post_tag","embeddable":true,"href":"https:\/\/entrenotasyacordes.com\/index.php?rest_route=%2Fwp%2Fv2%2Ftags&post=8473"}],"curies":[{"name":"wp","href":"https:\/\/api.w.org\/{rel}","templated":true}]}}