{"id":8477,"date":"2024-06-07T22:19:14","date_gmt":"2024-06-07T22:19:14","guid":{"rendered":"https:\/\/entrenotasyacordes.com\/?p=8477"},"modified":"2024-06-07T22:19:16","modified_gmt":"2024-06-07T22:19:16","slug":"nonpalidece-nuevas-fechas-junio-2024-nonpa-al-sur","status":"publish","type":"post","link":"https:\/\/entrenotasyacordes.com\/?p=8477","title":{"rendered":"Nonpalidece nuevas fechas Junio 2024 &#8211; Nonpa al sur"},"content":{"rendered":"\n<!--more-->\n\n\n<div class=\"wp-block-image\">\n<figure class=\"aligncenter size-full\"><img loading=\"lazy\" decoding=\"async\" width=\"660\" height=\"440\" src=\"https:\/\/entrenotasyacordes.com\/wp-content\/uploads\/2024\/06\/2e.jpg\" alt=\"\" class=\"wp-image-8478\" srcset=\"https:\/\/entrenotasyacordes.com\/wp-content\/uploads\/2024\/06\/2e.jpg 660w, https:\/\/entrenotasyacordes.com\/wp-content\/uploads\/2024\/06\/2e-300x200.jpg 300w\" sizes=\"auto, (max-width: 660px) 100vw, 660px\" \/><\/figure>\n<\/div>\n\n\n<p>Luego de las inolvidables presentaciones del 23 de mayo en Complejo C Art Media y del 24 de mayo en el Teatro Opera de La Plata, ambas a sala llena donde compartieron escenario ni m\u00e1s ni menos que con Alborosie y fueron la ocasi\u00f3n especial para presentar en vivo su\u00a0 flamante\u00a0 single \u201cMi Fortaleza\u201d junto al reconocido cantante italiano;\u00a0\u00a0<strong>Nonpalidece<\/strong>, una de las bandas referentes del reggae latinoamericano,\u00a0 se prepara para un nuevo mes repleto de fechas, donde estar\u00e1n llevando su gira \u201cDejando Huella Tour\u201d por diferentes rincones del mundo.<\/p>\n\n\n<div class=\"wp-block-image\">\n<figure class=\"aligncenter size-full is-resized\"><img loading=\"lazy\" decoding=\"async\" width=\"1060\" height=\"1058\" src=\"https:\/\/entrenotasyacordes.com\/wp-content\/uploads\/2024\/06\/2ee.jpeg\" alt=\"\" class=\"wp-image-8479\" style=\"width:643px;height:auto\" srcset=\"https:\/\/entrenotasyacordes.com\/wp-content\/uploads\/2024\/06\/2ee.jpeg 1060w, https:\/\/entrenotasyacordes.com\/wp-content\/uploads\/2024\/06\/2ee-300x300.jpeg 300w, https:\/\/entrenotasyacordes.com\/wp-content\/uploads\/2024\/06\/2ee-1024x1022.jpeg 1024w, https:\/\/entrenotasyacordes.com\/wp-content\/uploads\/2024\/06\/2ee-150x150.jpeg 150w, https:\/\/entrenotasyacordes.com\/wp-content\/uploads\/2024\/06\/2ee-768x767.jpeg 768w, https:\/\/entrenotasyacordes.com\/wp-content\/uploads\/2024\/06\/2ee-50x50.jpeg 50w\" sizes=\"auto, (max-width: 1060px) 100vw, 1060px\" \/><\/figure>\n<\/div>\n\n\n<p>Empezando el 14 de este mes en la Sala Metr\u00f3nomo, Chile. Al otro d\u00eda, 15 de junio, ser\u00e1n parte del LaCuna FEST, Per\u00fa.Para su regreso a Buenos Aires, los espera el 29\u00a0 el Auditorio Sur, en Temperley, para luego comenzar el tramo \u00abNonpa al sur\u00bb:\u00a0 el 4 de julio en Teatro Rossini, Bah\u00eda Blanca, el 5 de julio en el C\u00edrculo Italiano, Cipolletti, al otro d\u00eda en el Gimnasio Maria Auxiliadora, Bariloche, R\u00edo Negro y al d\u00eda siguente en Ciriaco, General Pico.\u00a0Por otro lado, en agosto vuelven a Rosario, C\u00f3rdoba y Santa Fe.Cabe destacar que los planes de la banda son editar dos singles m\u00e1s antes del lanzamiento del esperado disco \u00abHecho en Jamaica\u00bb que saldr\u00e1 en noviembre de este a\u00f1o.<\/p>\n\n\n\n<figure class=\"wp-block-embed is-type-video is-provider-youtube wp-block-embed-youtube wp-embed-aspect-16-9 wp-has-aspect-ratio\"><div class=\"wp-block-embed__wrapper\">\n<div class=\"epyt-video-wrapper\"><iframe loading=\"lazy\"  id=\"_ytid_23945\"  width=\"640\" height=\"360\"  data-origwidth=\"640\" data-origheight=\"360\" src=\"https:\/\/www.youtube.com\/embed\/CuETGdyXrbI?enablejsapi=1&#038;autoplay=0&#038;cc_load_policy=0&#038;cc_lang_pref=&#038;iv_load_policy=1&#038;loop=0&#038;rel=1&#038;fs=1&#038;playsinline=0&#038;autohide=2&#038;theme=dark&#038;color=white&#038;controls=1&#038;\" class=\"__youtube_prefs__  epyt-is-override  no-lazyload\" data-vol=\"50\"  title=\"YouTube player\"  allow=\"fullscreen; accelerometer; autoplay; clipboard-write; encrypted-media; gyroscope; picture-in-picture; web-share\" referrerpolicy=\"strict-origin-when-cross-origin\" allowfullscreen data-no-lazy=\"1\" data-skipgform_ajax_framebjll=\"\"><\/iframe><\/div>\n<\/div><\/figure>\n\n\n\n<p><strong>Pr\u00f3ximas fechas:<\/strong><\/p>\n\n\n\n<p>14\/6 Sala Metr\u00f3nomo, Santiago, Chile.<br>15\/6 LaCuna Fest, Lima, Peru.<br>29\/6 Auditorio Sur, Temperley, Argentina.<br>4\/7 Teatro Rossini, Bah\u00eda Blanca, Argentina.<br>5\/7 Circulo Italiano, Cipolletti, Argentina.<br>6\/7 Gimnasio Maria Auxiliadora, Bariloche, R\u00edo Negro, Argentina.<br>7\/7 Ciriaco, General Pico, La Pampa, Argentina.<br>16\/7, Makena, Buenos Aires, Argentina.<br>9\/8 Centro de convenciones Forest, Santa f\u00e9, Rosario, Argentina.<br>10\/8 Festival Cultura Itinerante, C\u00f3rdoba, Argentina.<br>11\/8 Tribus Club de Arte, Santa f\u00e9, Argentina.<\/p>\n","protected":false},"excerpt":{"rendered":"","protected":false},"author":5,"featured_media":8479,"comment_status":"open","ping_status":"open","sticky":false,"template":"","format":"standard","meta":{"om_disable_all_campaigns":false,"_uf_show_specific_survey":0,"_uf_disable_surveys":false,"footnotes":""},"categories":[4],"tags":[],"class_list":["post-8477","post","type-post","status-publish","format-standard","has-post-thumbnail","hentry","category-musica"],"_links":{"self":[{"href":"https:\/\/entrenotasyacordes.com\/index.php?rest_route=\/wp\/v2\/posts\/8477","targetHints":{"allow":["GET"]}}],"collection":[{"href":"https:\/\/entrenotasyacordes.com\/index.php?rest_route=\/wp\/v2\/posts"}],"about":[{"href":"https:\/\/entrenotasyacordes.com\/index.php?rest_route=\/wp\/v2\/types\/post"}],"author":[{"embeddable":true,"href":"https:\/\/entrenotasyacordes.com\/index.php?rest_route=\/wp\/v2\/users\/5"}],"replies":[{"embeddable":true,"href":"https:\/\/entrenotasyacordes.com\/index.php?rest_route=%2Fwp%2Fv2%2Fcomments&post=8477"}],"version-history":[{"count":1,"href":"https:\/\/entrenotasyacordes.com\/index.php?rest_route=\/wp\/v2\/posts\/8477\/revisions"}],"predecessor-version":[{"id":8480,"href":"https:\/\/entrenotasyacordes.com\/index.php?rest_route=\/wp\/v2\/posts\/8477\/revisions\/8480"}],"wp:featuredmedia":[{"embeddable":true,"href":"https:\/\/entrenotasyacordes.com\/index.php?rest_route=\/wp\/v2\/media\/8479"}],"wp:attachment":[{"href":"https:\/\/entrenotasyacordes.com\/index.php?rest_route=%2Fwp%2Fv2%2Fmedia&parent=8477"}],"wp:term":[{"taxonomy":"category","embeddable":true,"href":"https:\/\/entrenotasyacordes.com\/index.php?rest_route=%2Fwp%2Fv2%2Fcategories&post=8477"},{"taxonomy":"post_tag","embeddable":true,"href":"https:\/\/entrenotasyacordes.com\/index.php?rest_route=%2Fwp%2Fv2%2Ftags&post=8477"}],"curies":[{"name":"wp","href":"https:\/\/api.w.org\/{rel}","templated":true}]}}