{"id":8481,"date":"2024-06-07T22:23:24","date_gmt":"2024-06-07T22:23:24","guid":{"rendered":"https:\/\/entrenotasyacordes.com\/?p=8481"},"modified":"2024-06-07T22:23:26","modified_gmt":"2024-06-07T22:23:26","slug":"midnvght-nengo-flow-y-dimewest-se-unen-y-hacen-caracol","status":"publish","type":"post","link":"https:\/\/entrenotasyacordes.com\/?p=8481","title":{"rendered":"Midnvght, \u00d1engo Flow y Dimewest se unen y hacen \u201cCaracol\u201d"},"content":{"rendered":"\n<!--more-->\n\n\n<div class=\"wp-block-image\">\n<figure class=\"aligncenter size-full is-resized\"><img loading=\"lazy\" decoding=\"async\" width=\"384\" height=\"384\" src=\"https:\/\/entrenotasyacordes.com\/wp-content\/uploads\/2024\/06\/Cover-Caracol-MIDNVGHT.png\" alt=\"\" class=\"wp-image-8482\" style=\"width:465px;height:auto\" srcset=\"https:\/\/entrenotasyacordes.com\/wp-content\/uploads\/2024\/06\/Cover-Caracol-MIDNVGHT.png 384w, https:\/\/entrenotasyacordes.com\/wp-content\/uploads\/2024\/06\/Cover-Caracol-MIDNVGHT-300x300.png 300w, https:\/\/entrenotasyacordes.com\/wp-content\/uploads\/2024\/06\/Cover-Caracol-MIDNVGHT-150x150.png 150w, https:\/\/entrenotasyacordes.com\/wp-content\/uploads\/2024\/06\/Cover-Caracol-MIDNVGHT-50x50.png 50w\" sizes=\"auto, (max-width: 384px) 100vw, 384px\" \/><\/figure>\n<\/div>\n\n\n<p>\u00abCaracol\u00bb, una colaboraci\u00f3n \u00fanica entre los artistas urbanos Midnvght, \u00d1engo Flow y Dimewest. Esta canci\u00f3n de trap es una expresi\u00f3n sincera de las experiencias vividas en las calles, los barrios y los desaf\u00edos que enfrenta la gente en esos entornos.<\/p>\n\n\n\n<p>\u00abCaracol\u00bb es m\u00e1s que una canci\u00f3n de trap, es un relato crudo y aut\u00e9ntico sobre la vida en la calle, los negocios y las tensiones entre diferentes grupos. La letra destaca la transformaci\u00f3n del caracol, simbolizando c\u00f3mo el \u00e9xito en los negocios puede sorprender a los adversarios. La canci\u00f3n explora temas como la lucha por el poder, la supervivencia y la determinaci\u00f3n de superar obst\u00e1culos.<\/p>\n\n\n\n<p>El video musical de \u00abCaracol\u00bb complementa perfectamente la narrativa de la canci\u00f3n, mostrando visualmente las situaciones descritas en la letra y capturando la esencia de la vida en las calles. Desde las calles vibrantes hasta los enfrentamientos emocionantes, el video lleva a los espectadores a un viaje inmersivo en el mundo que \u00abCaracol\u00bb representa:<\/p>\n\n\n\n<figure class=\"wp-block-embed is-type-video is-provider-youtube wp-block-embed-youtube wp-embed-aspect-16-9 wp-has-aspect-ratio\"><div class=\"wp-block-embed__wrapper\">\n<div class=\"epyt-video-wrapper\"><iframe loading=\"lazy\"  id=\"_ytid_82110\"  width=\"640\" height=\"360\"  data-origwidth=\"640\" data-origheight=\"360\" src=\"https:\/\/www.youtube.com\/embed\/B_8QsBcvPyA?enablejsapi=1&#038;autoplay=0&#038;cc_load_policy=0&#038;cc_lang_pref=&#038;iv_load_policy=1&#038;loop=0&#038;rel=1&#038;fs=1&#038;playsinline=0&#038;autohide=2&#038;theme=dark&#038;color=white&#038;controls=1&#038;\" class=\"__youtube_prefs__  epyt-is-override  no-lazyload\" data-vol=\"50\"  title=\"YouTube player\"  allow=\"fullscreen; accelerometer; autoplay; clipboard-write; encrypted-media; gyroscope; picture-in-picture; web-share\" referrerpolicy=\"strict-origin-when-cross-origin\" allowfullscreen data-no-lazy=\"1\" data-skipgform_ajax_framebjll=\"\"><\/iframe><\/div>\n<\/div><\/figure>\n\n\n\n<p>Midnvght, \u00d1engo Flow y Dimewest se unen en esta canci\u00f3n para compartir su talento y su mensaje con el mundo. \u00abCaracol\u00bb es una invitaci\u00f3n a reflexionar sobre las realidades de la vida en las calles y a reconocer el esfuerzo y la resiliencia de quienes enfrentan estos desaf\u00edos d\u00eda a d\u00eda.<\/p>\n\n\n\n<p>La producci\u00f3n de \u00abCaracol\u00bb ha sido un proceso colaborativo entre estos artistas, combinando sus estilos \u00fanicos y sus experiencias personales para crear una canci\u00f3n que resuene con autenticidad y relevancia en la escena musical actual. Desde la producci\u00f3n musical hasta la direcci\u00f3n art\u00edstica del video, cada aspecto de \u00abCaracol\u00bb ha sido cuidadosamente dise\u00f1ado para transmitir la historia y el mensaje detr\u00e1s de la canci\u00f3n.<\/p>\n\n\n\n<p>\u00abCaracol\u00bb ya est\u00e1 disponible en todas las plataformas digitales, junto con el emocionante video musical que acompa\u00f1a esta poderosa narrativa. Invitamos a todos a escuchar \u00abCaracol\u00bb y a sumergirse en la autenticidad y la pasi\u00f3n que estos artistas han plasmado en su obra.<\/p>\n\n\n\n<p>Para m\u00e1s informaci\u00f3n y para escuchar \u00abCaracol\u00bb de&nbsp; Midnvght, \u00d1engo Flow y Dimewest,&nbsp;&nbsp;visita las plataformas digitales donde la canci\u00f3n ya est\u00e1 disponible.<\/p>\n","protected":false},"excerpt":{"rendered":"","protected":false},"author":5,"featured_media":8482,"comment_status":"open","ping_status":"open","sticky":false,"template":"","format":"standard","meta":{"om_disable_all_campaigns":false,"_uf_show_specific_survey":0,"_uf_disable_surveys":false,"footnotes":""},"categories":[4],"tags":[],"class_list":["post-8481","post","type-post","status-publish","format-standard","has-post-thumbnail","hentry","category-musica"],"_links":{"self":[{"href":"https:\/\/entrenotasyacordes.com\/index.php?rest_route=\/wp\/v2\/posts\/8481","targetHints":{"allow":["GET"]}}],"collection":[{"href":"https:\/\/entrenotasyacordes.com\/index.php?rest_route=\/wp\/v2\/posts"}],"about":[{"href":"https:\/\/entrenotasyacordes.com\/index.php?rest_route=\/wp\/v2\/types\/post"}],"author":[{"embeddable":true,"href":"https:\/\/entrenotasyacordes.com\/index.php?rest_route=\/wp\/v2\/users\/5"}],"replies":[{"embeddable":true,"href":"https:\/\/entrenotasyacordes.com\/index.php?rest_route=%2Fwp%2Fv2%2Fcomments&post=8481"}],"version-history":[{"count":1,"href":"https:\/\/entrenotasyacordes.com\/index.php?rest_route=\/wp\/v2\/posts\/8481\/revisions"}],"predecessor-version":[{"id":8483,"href":"https:\/\/entrenotasyacordes.com\/index.php?rest_route=\/wp\/v2\/posts\/8481\/revisions\/8483"}],"wp:featuredmedia":[{"embeddable":true,"href":"https:\/\/entrenotasyacordes.com\/index.php?rest_route=\/wp\/v2\/media\/8482"}],"wp:attachment":[{"href":"https:\/\/entrenotasyacordes.com\/index.php?rest_route=%2Fwp%2Fv2%2Fmedia&parent=8481"}],"wp:term":[{"taxonomy":"category","embeddable":true,"href":"https:\/\/entrenotasyacordes.com\/index.php?rest_route=%2Fwp%2Fv2%2Fcategories&post=8481"},{"taxonomy":"post_tag","embeddable":true,"href":"https:\/\/entrenotasyacordes.com\/index.php?rest_route=%2Fwp%2Fv2%2Ftags&post=8481"}],"curies":[{"name":"wp","href":"https:\/\/api.w.org\/{rel}","templated":true}]}}