{"id":8484,"date":"2024-06-07T22:27:03","date_gmt":"2024-06-07T22:27:03","guid":{"rendered":"https:\/\/entrenotasyacordes.com\/?p=8484"},"modified":"2024-06-07T22:28:16","modified_gmt":"2024-06-07T22:28:16","slug":"midnvght-nengo-flow-y-dimewest-se-unen-y-hacen-caracol-2","status":"publish","type":"post","link":"https:\/\/entrenotasyacordes.com\/?p=8484","title":{"rendered":"Gonza presenta su nuevo sencillo \u00abLinda\u00bb"},"content":{"rendered":"\n<!--more-->\n\n\n<div class=\"wp-block-image\">\n<figure class=\"aligncenter size-full is-resized\"><img loading=\"lazy\" decoding=\"async\" width=\"1200\" height=\"1200\" src=\"https:\/\/entrenotasyacordes.com\/wp-content\/uploads\/2024\/06\/Cover-Linda-Gonza-2.png\" alt=\"\" class=\"wp-image-8488\" style=\"width:465px;height:auto\" srcset=\"https:\/\/entrenotasyacordes.com\/wp-content\/uploads\/2024\/06\/Cover-Linda-Gonza-2.png 1200w, https:\/\/entrenotasyacordes.com\/wp-content\/uploads\/2024\/06\/Cover-Linda-Gonza-2-300x300.png 300w, https:\/\/entrenotasyacordes.com\/wp-content\/uploads\/2024\/06\/Cover-Linda-Gonza-2-1024x1024.png 1024w, https:\/\/entrenotasyacordes.com\/wp-content\/uploads\/2024\/06\/Cover-Linda-Gonza-2-150x150.png 150w, https:\/\/entrenotasyacordes.com\/wp-content\/uploads\/2024\/06\/Cover-Linda-Gonza-2-768x768.png 768w, https:\/\/entrenotasyacordes.com\/wp-content\/uploads\/2024\/06\/Cover-Linda-Gonza-2-50x50.png 50w\" sizes=\"auto, (max-width: 1200px) 100vw, 1200px\" \/><\/figure>\n<\/div>\n\n\n<p>El talento emergente de la m\u00fasica urbana Gonza, contin\u00faa su vertiginoso ascenso en la industria con el lanzamiento de su m\u00e1s reciente sencillo, \u00abLinda\u00bb. Bajo el sello discogr\u00e1fico AP Global, esta moderna melod\u00eda urbana destaca tanto por su ritmo pegajoso como por su l\u00edrica que enaltece el lado sensual y rom\u00e1ntico del artista.<\/p>\n\n\n\n<p>Con una producci\u00f3n impecable a cargo de Came Beats junto a &nbsp;JH Beats, y la composici\u00f3n de Genio y el mismo Gonza, \u00abLinda\u00bb es una creaci\u00f3n que refleja la esencia y versatilidad del artista. Conocido por su estilo \u00fanico y su capacidad para conectar con su audiencia, Gonza ha creado una pieza que promete convertirse en un \u00e9xito rotundo en las listas de m\u00fasica urbana.<\/p>\n\n\n\n<p>\u00abLinda\u00bb no es solo una canci\u00f3n; es una muestra del crecimiento y la madurez art\u00edstica de Gonza. \u00abEstoy muy emocionado de compartir &#8216;Linda&#8217; con todos mis seguidores y espero que disfruten tanto como yo al crearla\u00bb, destac\u00f3 el cantante.<\/p>\n\n\n\n<p>La trayectoria de Gonza ha sido marcada por su dedicaci\u00f3n y pasi\u00f3n por la m\u00fasica, caracter\u00edsticas que quedan plasmadas en cada uno de sus lanzamientos. Con \u00abLinda\u00bb, el artista boricua no s\u00f3lo reafirma su talento, sino que tambi\u00e9n consolida su posici\u00f3n como una de las promesas m\u00e1s brillantes del g\u00e9nero urbano.<\/p>\n\n\n\n<p>El sencillo ya est\u00e1 disponible en todas las plataformas digitales, invitando a los fan\u00e1ticos de la m\u00fasica urbana a sumergirse en una experiencia musical \u00fanica y cautivadora.<\/p>\n\n\n<div class=\"wp-block-image\">\n<figure class=\"aligncenter size-full\"><img loading=\"lazy\" decoding=\"async\" width=\"572\" height=\"716\" src=\"https:\/\/entrenotasyacordes.com\/wp-content\/uploads\/2024\/06\/Gonza.png\" alt=\"\" class=\"wp-image-8486\" srcset=\"https:\/\/entrenotasyacordes.com\/wp-content\/uploads\/2024\/06\/Gonza.png 572w, https:\/\/entrenotasyacordes.com\/wp-content\/uploads\/2024\/06\/Gonza-240x300.png 240w\" sizes=\"auto, (max-width: 572px) 100vw, 572px\" \/><\/figure>\n<\/div>","protected":false},"excerpt":{"rendered":"","protected":false},"author":5,"featured_media":8488,"comment_status":"open","ping_status":"open","sticky":false,"template":"","format":"standard","meta":{"om_disable_all_campaigns":false,"_uf_show_specific_survey":0,"_uf_disable_surveys":false,"footnotes":""},"categories":[4],"tags":[],"class_list":["post-8484","post","type-post","status-publish","format-standard","has-post-thumbnail","hentry","category-musica"],"_links":{"self":[{"href":"https:\/\/entrenotasyacordes.com\/index.php?rest_route=\/wp\/v2\/posts\/8484","targetHints":{"allow":["GET"]}}],"collection":[{"href":"https:\/\/entrenotasyacordes.com\/index.php?rest_route=\/wp\/v2\/posts"}],"about":[{"href":"https:\/\/entrenotasyacordes.com\/index.php?rest_route=\/wp\/v2\/types\/post"}],"author":[{"embeddable":true,"href":"https:\/\/entrenotasyacordes.com\/index.php?rest_route=\/wp\/v2\/users\/5"}],"replies":[{"embeddable":true,"href":"https:\/\/entrenotasyacordes.com\/index.php?rest_route=%2Fwp%2Fv2%2Fcomments&post=8484"}],"version-history":[{"count":2,"href":"https:\/\/entrenotasyacordes.com\/index.php?rest_route=\/wp\/v2\/posts\/8484\/revisions"}],"predecessor-version":[{"id":8490,"href":"https:\/\/entrenotasyacordes.com\/index.php?rest_route=\/wp\/v2\/posts\/8484\/revisions\/8490"}],"wp:featuredmedia":[{"embeddable":true,"href":"https:\/\/entrenotasyacordes.com\/index.php?rest_route=\/wp\/v2\/media\/8488"}],"wp:attachment":[{"href":"https:\/\/entrenotasyacordes.com\/index.php?rest_route=%2Fwp%2Fv2%2Fmedia&parent=8484"}],"wp:term":[{"taxonomy":"category","embeddable":true,"href":"https:\/\/entrenotasyacordes.com\/index.php?rest_route=%2Fwp%2Fv2%2Fcategories&post=8484"},{"taxonomy":"post_tag","embeddable":true,"href":"https:\/\/entrenotasyacordes.com\/index.php?rest_route=%2Fwp%2Fv2%2Ftags&post=8484"}],"curies":[{"name":"wp","href":"https:\/\/api.w.org\/{rel}","templated":true}]}}