{"id":8491,"date":"2024-06-08T13:46:21","date_gmt":"2024-06-08T13:46:21","guid":{"rendered":"https:\/\/entrenotasyacordes.com\/?p=8491"},"modified":"2024-06-08T13:46:22","modified_gmt":"2024-06-08T13:46:22","slug":"pundonor-ultimas-4-funciones-con-una-deslumbrante-andrea-garrote-teatro-picadero","status":"publish","type":"post","link":"https:\/\/entrenotasyacordes.com\/?p=8491","title":{"rendered":"PUNDONOR, \u00faltimas 4 funciones con una deslumbrante Andrea GARROTE \/ Teatro Picadero"},"content":{"rendered":"\n<!--more-->\n\n\n<div class=\"wp-block-image\">\n<figure class=\"aligncenter size-full is-resized\"><img loading=\"lazy\" decoding=\"async\" width=\"2160\" height=\"1132\" src=\"https:\/\/entrenotasyacordes.com\/wp-content\/uploads\/2024\/06\/3a-1.jpg\" alt=\"\" class=\"wp-image-8492\" style=\"width:709px;height:auto\" srcset=\"https:\/\/entrenotasyacordes.com\/wp-content\/uploads\/2024\/06\/3a-1.jpg 2160w, https:\/\/entrenotasyacordes.com\/wp-content\/uploads\/2024\/06\/3a-1-300x157.jpg 300w, https:\/\/entrenotasyacordes.com\/wp-content\/uploads\/2024\/06\/3a-1-1024x537.jpg 1024w, https:\/\/entrenotasyacordes.com\/wp-content\/uploads\/2024\/06\/3a-1-768x402.jpg 768w, https:\/\/entrenotasyacordes.com\/wp-content\/uploads\/2024\/06\/3a-1-1536x805.jpg 1536w, https:\/\/entrenotasyacordes.com\/wp-content\/uploads\/2024\/06\/3a-1-2048x1073.jpg 2048w\" sizes=\"auto, (max-width: 2160px) 100vw, 2160px\" \/><\/figure>\n<\/div>\n\n\n<p><strong>\u00daLTIMAS 4 FUNCIONES\u00a0\u00a0| ANDREA GARROTE en un UNIPERSONAL sorprendente!<\/strong><\/p>\n\n\n\n<p>ANDREA GARROTE y su desopilante profesora Claudia P\u00e9rez Espinoza presenta las \u00faltimas funciones de sus clases magistrales, para reir sin parar, los domingos de junio a las 18.30 h en el teatro Picadero (Pasaje Santos Disc\u00e9polo 1857, CABA).<\/p>\n\n\n\n<p>Luego de una extensa gira internacional y del marcado \u00e9xito de la obra en Madrid, el unipersonal escrito e interpretado por Andrea Garrote -con la co- direcci\u00f3n de Rafael Spregelburd- desembarca en el Picadero para ponerle mucho humor a las tardes de domingo porte\u00f1o.<\/p>\n\n\n\n<p>Pundonor: s. m. Sentimiento de orgullo o amor propio que anima a mantener una actitud y apariencia dignas y respetables, nunca inferiores a las de los dem\u00e1s. Autoestima, dignidad.<\/p>\n\n\n\n<p>La profesora Claudia P\u00e9rez Espinoza ha ense\u00f1ado Foucault en la universidad toda su vida profesional. En este mon\u00f3logo, que constituye su mejor clase, debe enfrentarse al pensador franc\u00e9s para sobrevivir un d\u00eda m\u00e1s. La clase se ve interrumpida constantemente debido a su fr\u00e1gil situaci\u00f3n. En su desesperaci\u00f3n, Claudia, se vuelve imprevisible, vulnerable.<\/p>\n\n\n\n<p>PUNDONOR es una obra hilarante y emotiva que, a trav\u00e9s de la risa reflexiona sobre temas muy actuales como las redes sociales, el rol de la mujer, el poder y la l\u00ednea de la \u201cnormalidad\u201d, entre otros.<\/p>\n\n\n\n<p>Por su trabajo en PUNDONOR, Andrea Garrote recibi\u00f3 el premio Konex 2021 al mejor unipersonal de la d\u00e9cada, la nominaci\u00f3n a los Premios Trinidad Guevara en el rubro mejor actuaci\u00f3n protag\u00f3nica. El Premio Teatro XXI a la mejor obra dram\u00e1tica y la reciente nominaci\u00f3n a los Premios Mar\u00eda Guerrero en la categor\u00eda actuaci\u00f3n unipersonal.<br>La obra ha sido editada en Espa\u00f1a y en Argentina a trav\u00e9s de la editorial Blatt &amp; R\u00edos.<\/p>\n\n\n<div class=\"wp-block-image\">\n<figure class=\"aligncenter size-large\"><img loading=\"lazy\" decoding=\"async\" width=\"1024\" height=\"681\" src=\"https:\/\/entrenotasyacordes.com\/wp-content\/uploads\/2024\/06\/Pundonor-escena-6-1024x681.jpg\" alt=\"\" class=\"wp-image-8494\" srcset=\"https:\/\/entrenotasyacordes.com\/wp-content\/uploads\/2024\/06\/Pundonor-escena-6-1024x681.jpg 1024w, https:\/\/entrenotasyacordes.com\/wp-content\/uploads\/2024\/06\/Pundonor-escena-6-300x200.jpg 300w, https:\/\/entrenotasyacordes.com\/wp-content\/uploads\/2024\/06\/Pundonor-escena-6-768x511.jpg 768w, https:\/\/entrenotasyacordes.com\/wp-content\/uploads\/2024\/06\/Pundonor-escena-6-1536x1022.jpg 1536w, https:\/\/entrenotasyacordes.com\/wp-content\/uploads\/2024\/06\/Pundonor-escena-6-2048x1363.jpg 2048w\" sizes=\"auto, (max-width: 1024px) 100vw, 1024px\" \/><figcaption class=\"wp-element-caption\">pundonor Foto :Sandra Cartasso<\/figcaption><\/figure>\n<\/div>\n\n\n<p class=\"has-text-align-center\">Escrito e interpretado por ANDREA GARROTE<br>Direcci\u00f3n RAFAEL SPREGELBURD &amp; ANDREA GARROTE<br>Escenograf\u00eda e iluminaci\u00f3n: Santiago Badillo<br>Vestuario: Lara Sol Gaudini<br>M\u00fasica original: Federico Marquest\u00f3<br>Producci\u00f3n: Carolina Stegmayer<br>Comunicaci\u00f3n &amp; prensa: Cecilia Gamboa<\/p>\n\n\n\n<p><strong>PUNDONOR CON ANDREA GARROTE |&nbsp;Dgos de junio en el Teatro PICADERO<\/strong><br>Pasaje Santos Disc\u00e9polo 1857, CABA. Localidades $15.000 disponibles en&nbsp;<strong><a href=\"https:\/\/4hsr4.r.a.d.sendibm1.com\/mk\/cl\/f\/sh\/SMK1E8tHeG13DL3OCboIMcOrnySo\/5CsHyThMQk4H\">PLATEANET<\/a><\/strong><br>8 \u00fanicas funciones: domingos de junio, 18.30 h.<\/p>\n\n\n\n<p>2X1 con Club La Naci\u00f3n, Clar\u00edn 365, 10 % de descuento Comunidad Picadero y Para\u00edso Club.<\/p>\n\n\n<div class=\"wp-block-image\">\n<figure class=\"aligncenter size-large\"><img loading=\"lazy\" decoding=\"async\" width=\"770\" height=\"1024\" src=\"https:\/\/entrenotasyacordes.com\/wp-content\/uploads\/2024\/06\/Andrea-Garrote-foto-Carlos-Furman-1-770x1024.jpg\" alt=\"\" class=\"wp-image-8493\" srcset=\"https:\/\/entrenotasyacordes.com\/wp-content\/uploads\/2024\/06\/Andrea-Garrote-foto-Carlos-Furman-1-770x1024.jpg 770w, https:\/\/entrenotasyacordes.com\/wp-content\/uploads\/2024\/06\/Andrea-Garrote-foto-Carlos-Furman-1-226x300.jpg 226w, https:\/\/entrenotasyacordes.com\/wp-content\/uploads\/2024\/06\/Andrea-Garrote-foto-Carlos-Furman-1-768x1022.jpg 768w, https:\/\/entrenotasyacordes.com\/wp-content\/uploads\/2024\/06\/Andrea-Garrote-foto-Carlos-Furman-1-1155x1536.jpg 1155w, https:\/\/entrenotasyacordes.com\/wp-content\/uploads\/2024\/06\/Andrea-Garrote-foto-Carlos-Furman-1-1540x2048.jpg 1540w, https:\/\/entrenotasyacordes.com\/wp-content\/uploads\/2024\/06\/Andrea-Garrote-foto-Carlos-Furman-1-1024x1362.jpg 1024w, https:\/\/entrenotasyacordes.com\/wp-content\/uploads\/2024\/06\/Andrea-Garrote-foto-Carlos-Furman-1-scaled.jpg 1925w\" sizes=\"auto, (max-width: 770px) 100vw, 770px\" \/><\/figure>\n<\/div>\n\n\n<p><strong>ANDREA GARROTE<\/strong><\/p>\n\n\n\n<p>Es actriz, directora, dramaturga y docente.<br>Directora de la maestr\u00eda en Dramaturgia de la Universidad Nacional de las Artes, titular de la c\u00e1tedra Dramaturgia II y tutora de los proyectos de graduaci\u00f3n de la carrera de Direcci\u00f3n esc\u00e9nica.<br>Es fundadora, junto a Rafael Spregelburd, de El Patr\u00f3n V\u00e1zquez, uno de los grupos m\u00e1s prol\u00edficos y longevos de la escena argentina actual.<br><br>Como actriz, ha participado en m\u00e1s de una veintena de obras teatrales bajo la direcci\u00f3n de artistas de gran trayectoria, tanto en el circuito oficial como independiente, adem\u00e1s de varios cortometrajes, films y programas de tev\u00e9. Recientemente se destac\u00f3 como co- guionista y actriz en el film \u201cEl Rapto\u201d, con direcci\u00f3n de Daniela Goggi.<br><br>Publica varios art\u00edculos sobre el quehacer art\u00edstico y pedag\u00f3gico y funda el ciclo Perfecta Anarqu\u00eda que nuclea los trabajos de teatro breve que se producen en sus talleres de entrenamiento y dramaturgia para actores. Trabaj\u00f3 en la maestr\u00eda de direcci\u00f3n de la Universidad de Cali y dict\u00f3 talleres en Colombia, Uruguay y Espa\u00f1a.<br><br>En el rol de directora se destaca en la exitosa \u201cUna casa llena de agua\u201d de Tamara Tenembaum protagonizada por Violeta Urtizberea y pr\u00f3ximamente tendr\u00e1 a su cargo la direcci\u00f3n de \u201cPrima Fascie\u201d, mon\u00f3logo de la dramaturga australiana Suzie Miller, que contar\u00e1 con la interpretaci\u00f3n de la actriz Julieta Zylberberg. Hacia fin de a\u00f1o tambi\u00e9n dirigir\u00e1 \u201cLa Madre\u201d de Florian Zeller con Cecilia Roth y elenco.<br><br>Protagonista absoluta de PUNDONOR inicia su octava temporada en Buenos Aires con uno de los unipersonales de la d\u00e9cada. La obra cuenta con dos ediciones biling\u00fces, premios en varios rubros y giras nacionales e internacionales.&nbsp;<\/p>\n","protected":false},"excerpt":{"rendered":"","protected":false},"author":5,"featured_media":8492,"comment_status":"open","ping_status":"open","sticky":false,"template":"","format":"standard","meta":{"om_disable_all_campaigns":false,"_uf_show_specific_survey":0,"_uf_disable_surveys":false,"footnotes":""},"categories":[9],"tags":[],"class_list":["post-8491","post","type-post","status-publish","format-standard","has-post-thumbnail","hentry","category-cine-y-teatro"],"_links":{"self":[{"href":"https:\/\/entrenotasyacordes.com\/index.php?rest_route=\/wp\/v2\/posts\/8491","targetHints":{"allow":["GET"]}}],"collection":[{"href":"https:\/\/entrenotasyacordes.com\/index.php?rest_route=\/wp\/v2\/posts"}],"about":[{"href":"https:\/\/entrenotasyacordes.com\/index.php?rest_route=\/wp\/v2\/types\/post"}],"author":[{"embeddable":true,"href":"https:\/\/entrenotasyacordes.com\/index.php?rest_route=\/wp\/v2\/users\/5"}],"replies":[{"embeddable":true,"href":"https:\/\/entrenotasyacordes.com\/index.php?rest_route=%2Fwp%2Fv2%2Fcomments&post=8491"}],"version-history":[{"count":1,"href":"https:\/\/entrenotasyacordes.com\/index.php?rest_route=\/wp\/v2\/posts\/8491\/revisions"}],"predecessor-version":[{"id":8495,"href":"https:\/\/entrenotasyacordes.com\/index.php?rest_route=\/wp\/v2\/posts\/8491\/revisions\/8495"}],"wp:featuredmedia":[{"embeddable":true,"href":"https:\/\/entrenotasyacordes.com\/index.php?rest_route=\/wp\/v2\/media\/8492"}],"wp:attachment":[{"href":"https:\/\/entrenotasyacordes.com\/index.php?rest_route=%2Fwp%2Fv2%2Fmedia&parent=8491"}],"wp:term":[{"taxonomy":"category","embeddable":true,"href":"https:\/\/entrenotasyacordes.com\/index.php?rest_route=%2Fwp%2Fv2%2Fcategories&post=8491"},{"taxonomy":"post_tag","embeddable":true,"href":"https:\/\/entrenotasyacordes.com\/index.php?rest_route=%2Fwp%2Fv2%2Ftags&post=8491"}],"curies":[{"name":"wp","href":"https:\/\/api.w.org\/{rel}","templated":true}]}}