{"id":8496,"date":"2024-06-08T13:50:56","date_gmt":"2024-06-08T13:50:56","guid":{"rendered":"https:\/\/entrenotasyacordes.com\/?p=8496"},"modified":"2024-06-08T13:50:57","modified_gmt":"2024-06-08T13:50:57","slug":"luz-gaggi-presenta-%c2%a8altar%c2%a8-en-el-teatro-opera-la-plata","status":"publish","type":"post","link":"https:\/\/entrenotasyacordes.com\/?p=8496","title":{"rendered":"LUZ GAGGI PRESENTA \u00a8ALTAR\u00a8 EN EL TEATRO \u00d3PERA LA PLATA."},"content":{"rendered":"\n<!--more-->\n\n\n<div class=\"wp-block-image\">\n<figure class=\"aligncenter size-full is-resized\"><img loading=\"lazy\" decoding=\"async\" width=\"2250\" height=\"2250\" src=\"https:\/\/entrenotasyacordes.com\/wp-content\/uploads\/2024\/06\/3b-1.jpg\" alt=\"\" class=\"wp-image-8497\" style=\"width:465px;height:auto\" srcset=\"https:\/\/entrenotasyacordes.com\/wp-content\/uploads\/2024\/06\/3b-1.jpg 2250w, https:\/\/entrenotasyacordes.com\/wp-content\/uploads\/2024\/06\/3b-1-300x300.jpg 300w, https:\/\/entrenotasyacordes.com\/wp-content\/uploads\/2024\/06\/3b-1-1024x1024.jpg 1024w, https:\/\/entrenotasyacordes.com\/wp-content\/uploads\/2024\/06\/3b-1-150x150.jpg 150w, https:\/\/entrenotasyacordes.com\/wp-content\/uploads\/2024\/06\/3b-1-768x768.jpg 768w, https:\/\/entrenotasyacordes.com\/wp-content\/uploads\/2024\/06\/3b-1-1536x1536.jpg 1536w, https:\/\/entrenotasyacordes.com\/wp-content\/uploads\/2024\/06\/3b-1-2048x2048.jpg 2048w, https:\/\/entrenotasyacordes.com\/wp-content\/uploads\/2024\/06\/3b-1-50x50.jpg 50w\" sizes=\"auto, (max-width: 2250px) 100vw, 2250px\" \/><\/figure>\n<\/div>\n\n\n<p class=\"has-text-align-center\"><strong>Viernes 5 de julio, 20hs<br>Teatro \u00d3pera La Plata<\/strong><br><strong>Entradas a la venta por sistema<\/strong><a href=\"https:\/\/livepass.com.ar\/events\/luz-gaggi-en-el-teatro-opera-lp\" target=\"_blank\" rel=\"noreferrer noopener\">Livepass<\/a>\u00a0\u00a0y boleter\u00eda del teatro.<br>Con\u00a0<strong>Banco\u00a0Provincia\u00a0<\/strong>tenes\u00a0<strong>4 cuotas sin\u00a0inter\u00e9s<\/strong><\/p>\n\n\n\n<p><strong>LUEGO DE SU EXITOSA PRESENTACI\u00d3N EN EL TEATRO COLISEO CON SOLD OUT, LUZ<\/strong> <strong>PRESENTA SU EP \u201cPIERDO EL AMOR\u201d UNA INCRE\u00cdBLE LIVE SESSION, LUZ GAGGI LLEGA AL TEATRO \u00d3PERA LA PLATA.<\/strong><\/p>\n\n\n\n<p>La cita ser\u00e1 el viernes 5 de julio &#8211; 20hs &#8211; en el Teatro \u00d3pera La Plata y las entradas anticipadas ya se encuentran a la venta.<\/p>\n\n\n<div class=\"wp-block-image\">\n<figure class=\"aligncenter size-full\"><img loading=\"lazy\" decoding=\"async\" width=\"2560\" height=\"1707\" src=\"https:\/\/entrenotasyacordes.com\/wp-content\/uploads\/2024\/06\/3bb-scaled.jpg\" alt=\"\" class=\"wp-image-8498\" srcset=\"https:\/\/entrenotasyacordes.com\/wp-content\/uploads\/2024\/06\/3bb-scaled.jpg 2560w, https:\/\/entrenotasyacordes.com\/wp-content\/uploads\/2024\/06\/3bb-300x200.jpg 300w, https:\/\/entrenotasyacordes.com\/wp-content\/uploads\/2024\/06\/3bb-1024x683.jpg 1024w, https:\/\/entrenotasyacordes.com\/wp-content\/uploads\/2024\/06\/3bb-768x512.jpg 768w, https:\/\/entrenotasyacordes.com\/wp-content\/uploads\/2024\/06\/3bb-1536x1024.jpg 1536w, https:\/\/entrenotasyacordes.com\/wp-content\/uploads\/2024\/06\/3bb-2048x1365.jpg 2048w\" sizes=\"auto, (max-width: 2560px) 100vw, 2560px\" \/><\/figure>\n<\/div>\n\n\n<p>Luego de su exitosa presentaci\u00f3n a sala llena en el Teatro Coliseo y\u00a0 de su visita a Estados Unidos, donde estuvo grabando nuevos temas,\u00a0 sumado a sus primeras nominaciones a Los Premios Gardel como \u201cMejor Nuevo Artista\u201d y \u201cMejor \u00c1lbum Artista Pop\u201d, Luz nos abre su coraz\u00f3n compartiendo una experiencia \u00fanica al revelar un EP titulado PIERDO EL AMOR, donde podemos disfrutar de la voz de LUZ en vivo interpretando Animales, Pierdo el amor, Nunca y No lo pienses m\u00e1s, las canciones m\u00e1s representativas de su gran \u00e1lbum debut ALTAR.\u00a0<\/p>\n\n\n\n<p>Pierdo el amor es una emocionante canci\u00f3n que le permite a LUZ lucir sus rangos vocales y que cuenta una dolorosa historia sobre su realidad y su fuerte convicci\u00f3n de no perder el amor.<\/p>\n\n\n\n<p>En la live session se encuentra acompa\u00f1ada por su incre\u00edble banda, quienes son testigos de cada uno de los triunfos que Luz logra en cada escenario.<\/p>\n\n\n\n<p>Esta reversion nos pone la piel de gallina y nos afirma cada vez m\u00e1s la versatilidad que tiene como cantante con su voz, que logra ser tan sutil y a la vez tan poderosa, la cual le permite mostrarse a flor de piel con sus emociones y traspasar ese sentimiento a sus oyentes tan naturalmente.<\/p>\n\n\n\n<p>Con esta nueva versi\u00f3n, la joven artista sigue abriendo su camino hac\u00eda un futuro prometedor&nbsp; lleno de reconocimiento y oportunidades \u00fanicas.<\/p>\n\n\n\n<p>Luz Gaggi estar\u00e1 tocando su \u00e1lbum debut el 14 de junio en el Centro Cultural G\u00fcemes en Rosario, y el 5 de julio en el Teatro Opera de La Plata, siendo estas las dos primeras fechas confirmadas de su tour \u201cAltar\u201d con el que recorrer\u00e1 el pa\u00eds.<\/p>\n","protected":false},"excerpt":{"rendered":"","protected":false},"author":5,"featured_media":8497,"comment_status":"open","ping_status":"open","sticky":false,"template":"","format":"standard","meta":{"om_disable_all_campaigns":false,"_uf_show_specific_survey":0,"_uf_disable_surveys":false,"footnotes":""},"categories":[36,4],"tags":[],"class_list":["post-8496","post","type-post","status-publish","format-standard","has-post-thumbnail","hentry","category-conciertos","category-musica"],"_links":{"self":[{"href":"https:\/\/entrenotasyacordes.com\/index.php?rest_route=\/wp\/v2\/posts\/8496","targetHints":{"allow":["GET"]}}],"collection":[{"href":"https:\/\/entrenotasyacordes.com\/index.php?rest_route=\/wp\/v2\/posts"}],"about":[{"href":"https:\/\/entrenotasyacordes.com\/index.php?rest_route=\/wp\/v2\/types\/post"}],"author":[{"embeddable":true,"href":"https:\/\/entrenotasyacordes.com\/index.php?rest_route=\/wp\/v2\/users\/5"}],"replies":[{"embeddable":true,"href":"https:\/\/entrenotasyacordes.com\/index.php?rest_route=%2Fwp%2Fv2%2Fcomments&post=8496"}],"version-history":[{"count":1,"href":"https:\/\/entrenotasyacordes.com\/index.php?rest_route=\/wp\/v2\/posts\/8496\/revisions"}],"predecessor-version":[{"id":8499,"href":"https:\/\/entrenotasyacordes.com\/index.php?rest_route=\/wp\/v2\/posts\/8496\/revisions\/8499"}],"wp:featuredmedia":[{"embeddable":true,"href":"https:\/\/entrenotasyacordes.com\/index.php?rest_route=\/wp\/v2\/media\/8497"}],"wp:attachment":[{"href":"https:\/\/entrenotasyacordes.com\/index.php?rest_route=%2Fwp%2Fv2%2Fmedia&parent=8496"}],"wp:term":[{"taxonomy":"category","embeddable":true,"href":"https:\/\/entrenotasyacordes.com\/index.php?rest_route=%2Fwp%2Fv2%2Fcategories&post=8496"},{"taxonomy":"post_tag","embeddable":true,"href":"https:\/\/entrenotasyacordes.com\/index.php?rest_route=%2Fwp%2Fv2%2Ftags&post=8496"}],"curies":[{"name":"wp","href":"https:\/\/api.w.org\/{rel}","templated":true}]}}