{"id":9356,"date":"2024-07-02T18:48:50","date_gmt":"2024-07-02T18:48:50","guid":{"rendered":"https:\/\/entrenotasyacordes.com\/?p=9356"},"modified":"2024-07-02T18:48:53","modified_gmt":"2024-07-02T18:48:53","slug":"qlokura-por-entradas-agotadas-nueva-funcion-en-movistar-arena-el-13-de-octubre","status":"publish","type":"post","link":"https:\/\/entrenotasyacordes.com\/?p=9356","title":{"rendered":"Q\u00b4LOKURA Por entradas agotadas nueva funci\u00f3n en Movistar Arena el 13 de Octubre"},"content":{"rendered":"\n<p><strong><s>11 DE AGOSTO &#8211;\u00a0\u00a1AGOTADO!\u00a0<\/s><\/strong><br><strong>13 DE OCTUBRE &#8211;\u00a0NUEVA FECHA<\/strong><\/p>\n\n\n\n<!--more-->\n\n\n\n<p><strong>Q`LOKURA,&nbsp;<\/strong>el grupo de cuarteto&nbsp;del momento&nbsp;suma una&nbsp;<strong>nueva funci\u00f3n&nbsp;<\/strong>en el Movistar Arena, el domingo 13 de octubre.<\/p>\n\n\n\n<p>Entradas a la venta a partir de las 13hs \u00fanicamente en\u00a0<strong><em>\u00a0<\/em><\/strong><a href=\"http:\/\/www.movistar.com.ar\/\" target=\"_blank\" rel=\"noreferrer noopener\"><strong>www.movistararena.com.ar<\/strong><\/a><\/p>\n\n\n<div class=\"wp-block-image\">\n<figure class=\"aligncenter size-full is-resized\"><img loading=\"lazy\" decoding=\"async\" width=\"873\" height=\"873\" src=\"https:\/\/entrenotasyacordes.com\/wp-content\/uploads\/2024\/07\/2a.jpg\" alt=\"\" class=\"wp-image-9357\" style=\"width:607px;height:auto\" srcset=\"https:\/\/entrenotasyacordes.com\/wp-content\/uploads\/2024\/07\/2a.jpg 873w, https:\/\/entrenotasyacordes.com\/wp-content\/uploads\/2024\/07\/2a-300x300.jpg 300w, https:\/\/entrenotasyacordes.com\/wp-content\/uploads\/2024\/07\/2a-150x150.jpg 150w, https:\/\/entrenotasyacordes.com\/wp-content\/uploads\/2024\/07\/2a-768x768.jpg 768w, https:\/\/entrenotasyacordes.com\/wp-content\/uploads\/2024\/07\/2a-50x50.jpg 50w\" sizes=\"auto, (max-width: 873px) 100vw, 873px\" \/><\/figure>\n<\/div>\n\n\n<p>Por entradas totalmente agotadas la banda de cuarteto\u00a0m\u00e1s importante del momento\u00a0<strong>Q`LOKURA<\/strong>\u00a0suma una\u00a0<strong>nueva funci\u00f3n en el Movistar Arena<\/strong>, la cita ser\u00e1 el\u00a0<strong>domingo 13 de octubre<\/strong>,\u00a0<strong>con producci\u00f3n de Fenix Entertainment<\/strong>. Las entradas estar\u00e1n disponibles a partir de hoy a las 13hs \u00fanicamente en\u00a0<a href=\"http:\/\/www.movistar.com.ar\/\" target=\"_blank\" rel=\"noreferrer noopener\">www.movistararena.com.ar<\/a>.\u00a0<\/p>\n\n\n\n<p>La nueva fecha se suma a una seguidilla de shows que vienen realizando en Buenos Aires, incluyendo 2 fechas en Movistar Arena en 2023 y 4 en el Luna Park en 2022. Con estas presentaciones la banda se consagr\u00f3 como una de las m\u00e1s populares y convocantes, afianzando el fen\u00f3meno del cuarteto cordob\u00e9s entre el p\u00fablico porte\u00f1o.<\/p>\n\n\n\n<p>Formada en 2018,&nbsp;<strong>Q`LOKURA<\/strong>&nbsp;lleg\u00f3 r\u00e1pidamente a la cima entre los grupos cuarteteros por la atracci\u00f3n y preferencia que gener\u00f3 en la gente con sus canciones.<\/p>\n\n\n\n<p>Como una m\u00e1quina de hacer \u00e9xitos, se posicion\u00f3 r\u00e1pidamente liderando los r\u00e1nkings radiales. Sus videos en Youtube generaron millones de vistas y trascendieron los l\u00edmites de su propio g\u00e9nero siendo la banda que la gente elige a la hora de divertirse, con casi 3 millones de oyentes mensuales en Spotify.<\/p>\n\n\n\n<p>En abril el d\u00fao cordob\u00e9s estren\u00f3 una reversi\u00f3n del tema\u00a0\u201cMil Preguntas\u201d junto a\u00a0<strong>Luck Ra<\/strong>, canci\u00f3n que formaba parte del Cuarteto Session #3 lanzado a fines de 2023. El video se ubic\u00f3 en el #2 entre los 10 videos m\u00e1s vistos de esas semanas y ya super\u00f3 los 22 millones de vistas en Youtube.\u00a0<\/p>\n\n\n\n<p>Hace unas semanas lanzaron\u00a0<strong>\u201cTu Foto\u201d<\/strong>, un nuevo single con Valentino Merlo, artista adolescente rosarino, que alcanz\u00f3 el\u00a0<strong>#1 en el top 50 de Spotify Argentina<\/strong>\u00a0y ya acumula m\u00e1s de 10 millones de reproducciones.<\/p>\n\n\n\n<figure class=\"wp-block-embed is-type-video is-provider-youtube wp-block-embed-youtube wp-embed-aspect-16-9 wp-has-aspect-ratio\"><div class=\"wp-block-embed__wrapper\">\n<div class=\"epyt-video-wrapper\"><iframe loading=\"lazy\"  id=\"_ytid_45763\"  width=\"640\" height=\"360\"  data-origwidth=\"640\" data-origheight=\"360\" src=\"https:\/\/www.youtube.com\/embed\/mKuJulPsWMY?enablejsapi=1&#038;autoplay=0&#038;cc_load_policy=0&#038;cc_lang_pref=&#038;iv_load_policy=1&#038;loop=0&#038;rel=1&#038;fs=1&#038;playsinline=0&#038;autohide=2&#038;theme=dark&#038;color=white&#038;controls=1&#038;\" class=\"__youtube_prefs__  epyt-is-override  no-lazyload\" data-vol=\"50\"  title=\"YouTube player\"  allow=\"fullscreen; accelerometer; autoplay; clipboard-write; encrypted-media; gyroscope; picture-in-picture; web-share\" referrerpolicy=\"strict-origin-when-cross-origin\" allowfullscreen data-no-lazy=\"1\" data-skipgform_ajax_framebjll=\"\"><\/iframe><\/div>\n<\/div><\/figure>\n\n\n\n<p><strong>Q`LOKURA<\/strong>\u00a0fue formada en 2018 por Nico Sattler y Facundo \u201cChino\u201d Herrera, ex integrantes de la banda Chipote durante 11 a\u00f1os. Con la decisi\u00f3n de hacer su propio camino ambos se encargan de seleccionar y producir las canciones que elige el p\u00fablico. Con un promedio de 20 shows mensuales &#8211; en temporada de verano han llegado a sumar hasta 40 conciertos al mes &#8211;\u00a0<strong>Q`LOKURA\u00a0<\/strong>se impuso en poco tiempo como una de las principales bandas de cuarteto del pa\u00eds.\u00a0<\/p>\n\n\n\n<p>Su m\u00fasica combina el cuarteto moderno con el cuarteto m\u00e1s tradicional, donde el acorde\u00f3n es el protagonista.\u00a0<\/p>\n\n\n\n<p>Con 3 discos ya editados &#8211; An\u00edmate (2018), Mala Conducta (2019) y Mundo Streaming (2020) -,\u00a0sus shows son una fiesta que incluye m\u00e1s de 60 canciones, con un repertorio que va desde \u201cAhora que te vas\u201d, \u201cPoliamor\u201d, \u201cMe inventar\u00e9\u201d, \u201cFalta Amor\u201d, \u201c200 Copas\u201d,\u00a0hasta hits como \u201cYo era\u201d, \u201cCreo en mi\u201d, \u201cMaldita mentirosa\u201d o \u201cElla no se enamora\u201d, entre otros.\u00a0<\/p>\n\n\n\n<p>En abril&nbsp;<strong>Q`LOKURA<\/strong>&nbsp;realiz\u00f3 una gira por Espa\u00f1a que incluy\u00f3 6 conciertos en una semana, pasando por Madrid, Mallorca, Valencia, Murcia, Barcelona y M\u00e1laga.<\/p>\n","protected":false},"excerpt":{"rendered":"<p>11 DE AGOSTO &#8211;\u00a0\u00a1AGOTADO!\u00a013 DE OCTUBRE &#8211;\u00a0NUEVA FECHA<\/p>\n","protected":false},"author":5,"featured_media":9357,"comment_status":"open","ping_status":"open","sticky":false,"template":"","format":"standard","meta":{"om_disable_all_campaigns":false,"_uf_show_specific_survey":0,"_uf_disable_surveys":false,"footnotes":""},"categories":[36],"tags":[],"class_list":["post-9356","post","type-post","status-publish","format-standard","has-post-thumbnail","hentry","category-conciertos"],"_links":{"self":[{"href":"https:\/\/entrenotasyacordes.com\/index.php?rest_route=\/wp\/v2\/posts\/9356","targetHints":{"allow":["GET"]}}],"collection":[{"href":"https:\/\/entrenotasyacordes.com\/index.php?rest_route=\/wp\/v2\/posts"}],"about":[{"href":"https:\/\/entrenotasyacordes.com\/index.php?rest_route=\/wp\/v2\/types\/post"}],"author":[{"embeddable":true,"href":"https:\/\/entrenotasyacordes.com\/index.php?rest_route=\/wp\/v2\/users\/5"}],"replies":[{"embeddable":true,"href":"https:\/\/entrenotasyacordes.com\/index.php?rest_route=%2Fwp%2Fv2%2Fcomments&post=9356"}],"version-history":[{"count":1,"href":"https:\/\/entrenotasyacordes.com\/index.php?rest_route=\/wp\/v2\/posts\/9356\/revisions"}],"predecessor-version":[{"id":9358,"href":"https:\/\/entrenotasyacordes.com\/index.php?rest_route=\/wp\/v2\/posts\/9356\/revisions\/9358"}],"wp:featuredmedia":[{"embeddable":true,"href":"https:\/\/entrenotasyacordes.com\/index.php?rest_route=\/wp\/v2\/media\/9357"}],"wp:attachment":[{"href":"https:\/\/entrenotasyacordes.com\/index.php?rest_route=%2Fwp%2Fv2%2Fmedia&parent=9356"}],"wp:term":[{"taxonomy":"category","embeddable":true,"href":"https:\/\/entrenotasyacordes.com\/index.php?rest_route=%2Fwp%2Fv2%2Fcategories&post=9356"},{"taxonomy":"post_tag","embeddable":true,"href":"https:\/\/entrenotasyacordes.com\/index.php?rest_route=%2Fwp%2Fv2%2Ftags&post=9356"}],"curies":[{"name":"wp","href":"https:\/\/api.w.org\/{rel}","templated":true}]}}