{"id":9359,"date":"2024-07-02T18:53:49","date_gmt":"2024-07-02T18:53:49","guid":{"rendered":"https:\/\/entrenotasyacordes.com\/?p=9359"},"modified":"2024-07-02T18:53:51","modified_gmt":"2024-07-02T18:53:51","slug":"parque-lezama-dice-adios-a-los-escenarios","status":"publish","type":"post","link":"https:\/\/entrenotasyacordes.com\/?p=9359","title":{"rendered":"PARQUE LEZAMA dice adi\u00f3s a los escenarios"},"content":{"rendered":"\n<p><strong>El s\u00e1bado 3 de agosto ser\u00e1 la emotiva despedida de \u00abParque Lezama\u00bb en el Teatro Politeama.\u00a0<\/strong><\/p>\n\n\n\n<!--more-->\n\n\n\n<p class=\"has-text-align-center\"><strong>\u00daLTIMAS FUNCIONES:<\/strong><br>mi\u00e9rcoles y jueves a las 20 hs.<br><strong>DESPEDIDA \u2013 S\u00c1BADO 3 de AGOSTO.<\/strong><br>Politeama \u2013 Paran\u00e1 353<br>Entradas en venta por\u00a0<a href=\"https:\/\/ov.pemsv27.net\/lolabarredo\/lolabarredo_campaign_simple_tpl_cly08zecw3byj0834qu4oljs8\/www.plateanet.com?utm_source=perfit&amp;utm_medium=email\">www.plateanet.com<\/a><\/p>\n\n\n<div class=\"wp-block-image\">\n<figure class=\"aligncenter size-full\"><img loading=\"lazy\" decoding=\"async\" width=\"1280\" height=\"927\" src=\"https:\/\/entrenotasyacordes.com\/wp-content\/uploads\/2024\/07\/2b.jpg\" alt=\"\" class=\"wp-image-9361\" srcset=\"https:\/\/entrenotasyacordes.com\/wp-content\/uploads\/2024\/07\/2b.jpg 1280w, https:\/\/entrenotasyacordes.com\/wp-content\/uploads\/2024\/07\/2b-300x217.jpg 300w, https:\/\/entrenotasyacordes.com\/wp-content\/uploads\/2024\/07\/2b-1024x742.jpg 1024w, https:\/\/entrenotasyacordes.com\/wp-content\/uploads\/2024\/07\/2b-768x556.jpg 768w\" sizes=\"auto, (max-width: 1280px) 100vw, 1280px\" \/><\/figure>\n<\/div>\n\n\n<p>Despu\u00e9s de una exitosa y emocionante d\u00e9cada en los escenarios argentinos, la aclamada obra teatral \u00abParque Lezama\u00bb se prepara para despedirse definitivamente de su p\u00fablico. Desde su estreno en agosto de 2013, esta cautivadora producci\u00f3n realiz\u00f3 m\u00e1s de 1200 funciones y ha dejado una huella imborrable en el coraz\u00f3n de m\u00e1s de 1.000.000 de espectadores.<\/p>\n\n\n\n<p>Tras un exitoso comienzo, la obra teatral de\u00a0<strong>Herb Gardner<\/strong>, adaptada y dirigida por\u00a0<strong>Juan Jos\u00e9 Campanella<\/strong>, en el a\u00f1o 2016 se destac\u00f3 como la obra m\u00e1s premiada de la temporada en Mar del Plata y continu\u00f3 su camino llevando su magia a lo largo y ancho del pa\u00eds. Con una gira por el interior que atrajo gran convocatoria de p\u00fablico en cada funci\u00f3n y una posterior gira que los llev\u00f3 a presentarse en Madrid, la obra se convirti\u00f3 en un verdadero fen\u00f3meno teatral, gracias al talento de sus protagonistas,\u00a0<strong>Luis Brandoni\u00a0<\/strong>y\u00a0<strong>Eduardo Blanco<\/strong>, y al gran elenco que los ha acompa\u00f1ado a lo largo de los a\u00f1os.\u00a0<\/p>\n\n\n\n<p>Al celebrar su d\u00e9cimo aniversario, \u00abParque Lezama\u00bb regres\u00f3 triunfante al Teatro Politeama, donde cautiv\u00f3 nuevamente a la audiencia con una temporada inolvidable. El \u00e9xito fue tal que se decidi\u00f3 extender la temporada a lo largo del 2024.<\/p>\n\n\n\n<p>Sin embargo, toda gran historia tiene su momento final, y es con profunda nostalgia que anunciamos que el primer fin de semana de agosto marcar\u00e1 la despedida definitiva de \u00abParque Lezama\u00bb de los escenarios. Ser\u00e1 un adi\u00f3s emotivo, lleno de recuerdos y gratitud hacia todos aquellos que han hecho posible este incre\u00edble viaje teatral que ya cumpli\u00f3 11 a\u00f1os.\u00a0<\/p>\n\n\n\n<p>No te pierdas la oportunidad de ser parte de este momento hist\u00f3rico.\u00a0<strong>Despedite de \u00abParque Lezama\u00bb<\/strong>\u00a0en el\u00a0<strong>Teatro Politeama<\/strong>\u00a0antes de que las luces se apaguen por \u00faltima vez, el\u00a0<strong>s\u00e1bado 3 de agosto<\/strong>.<\/p>\n\n\n\n<p>Entradas en venta por\u00a0<a href=\"https:\/\/ov.pemsv27.net\/lolabarredo\/lolabarredo_campaign_simple_tpl_cly08zecw3byj0834qu4oljs8\/www.plateanet.com?utm_source=perfit&amp;utm_medium=email\">www.plateanet.com<\/a>. Para m\u00e1s informaci\u00f3n, visita\u00a0<a href=\"https:\/\/ov.pemsv27.net\/lolabarredo\/lolabarredo_campaign_simple_tpl_cly08zecw3byj0834qu4oljs8\/www.elpoliteama.com?utm_source=perfit&amp;utm_medium=email\">www.elpoliteama.com<\/a><\/p>\n\n\n\n<p><strong>SINOPSIS<\/strong>:<\/p>\n\n\n\n<p>Le\u00f3n, luchador incansable y mentiroso compulsivo, y Cardozo, un encargado casi ciego a punto de ser jubilado a la fuerza comparten la vida (y el banco) en el Parque Lezama. \u00a0El compromiso de Le\u00f3n choca con el conformismo de Cardozo. Y aunque Cardozo elija siempre no meterse en problemas y \u201carreglar\u201d, Le\u00f3n lo obliga a ponerse de pie y presentar batalla. \u00a0Juntos se har\u00e1n notar (y c\u00f3mo) en un mundo que los quiere invisibles. Desde su banco en el parque intentar\u00e1n cambiar el mundo, lograr la justicia social, luchar contra el narcotr\u00e1fico, rescatar doncellas en peligro y detener el tiempo. Quiz\u00e1s no lo logren, pero en el intento cambiar\u00e1n sus vidas, y quiz\u00e1s la del espectador.<\/p>\n\n\n\n<p>Luis Brandoni y Eduardo Blanco vuelven a hacer historia en la piel de Le\u00f3n y Cardozo. Un evento teatral que vas a querer compartir con tu gente querida. Si ya la viste, sab\u00e9s de qu\u00e9 hablamos. Si no la viste, te esperamos para compartirla.<\/p>\n\n\n\n<p><strong>Elenco:<\/strong><br><strong>Luis Brandoni<\/strong><br><strong>Eduardo Blanco<\/strong><br>Ver\u00f3nica Pelaccini<br>Gustavo Pardi<br>Mariano Reynaga<br>Mat\u00edas Alarc\u00f3n<br>Manu Men\u00e9ndez<\/p>\n\n\n\n<p><strong>FICHA T\u00c9CNICA:<\/strong><br>Direcci\u00f3n: Juan Jos\u00e9 Campanella<br>Traducci\u00f3n y Adaptaci\u00f3n: Juan Jos\u00e9 Campanella<br>Dise\u00f1o de escenograf\u00eda y Vestuario: Cecilia Monti \u00a0 \u00a0 \u00a0 \u00a0 \u00a0 \u00a0 \u00a0 \u00a0 \u00a0 \u00a0 \u00a0 \u00a0<br>Dise\u00f1o de luces: F\u00e9lix Monti y Magdalena Ripa Alsina<br>Producci\u00f3n General: Muriel Cabeza<br>Prensa y Comunicaci\u00f3n: Lola Barredo<\/p>\n","protected":false},"excerpt":{"rendered":"<p>El s\u00e1bado 3 de agosto ser\u00e1 la emotiva despedida de \u00abParque Lezama\u00bb en el Teatro<\/p>\n","protected":false},"author":5,"featured_media":9361,"comment_status":"open","ping_status":"open","sticky":false,"template":"","format":"standard","meta":{"om_disable_all_campaigns":false,"_uf_show_specific_survey":0,"_uf_disable_surveys":false,"footnotes":""},"categories":[9],"tags":[],"class_list":["post-9359","post","type-post","status-publish","format-standard","has-post-thumbnail","hentry","category-cine-y-teatro"],"_links":{"self":[{"href":"https:\/\/entrenotasyacordes.com\/index.php?rest_route=\/wp\/v2\/posts\/9359","targetHints":{"allow":["GET"]}}],"collection":[{"href":"https:\/\/entrenotasyacordes.com\/index.php?rest_route=\/wp\/v2\/posts"}],"about":[{"href":"https:\/\/entrenotasyacordes.com\/index.php?rest_route=\/wp\/v2\/types\/post"}],"author":[{"embeddable":true,"href":"https:\/\/entrenotasyacordes.com\/index.php?rest_route=\/wp\/v2\/users\/5"}],"replies":[{"embeddable":true,"href":"https:\/\/entrenotasyacordes.com\/index.php?rest_route=%2Fwp%2Fv2%2Fcomments&post=9359"}],"version-history":[{"count":3,"href":"https:\/\/entrenotasyacordes.com\/index.php?rest_route=\/wp\/v2\/posts\/9359\/revisions"}],"predecessor-version":[{"id":9363,"href":"https:\/\/entrenotasyacordes.com\/index.php?rest_route=\/wp\/v2\/posts\/9359\/revisions\/9363"}],"wp:featuredmedia":[{"embeddable":true,"href":"https:\/\/entrenotasyacordes.com\/index.php?rest_route=\/wp\/v2\/media\/9361"}],"wp:attachment":[{"href":"https:\/\/entrenotasyacordes.com\/index.php?rest_route=%2Fwp%2Fv2%2Fmedia&parent=9359"}],"wp:term":[{"taxonomy":"category","embeddable":true,"href":"https:\/\/entrenotasyacordes.com\/index.php?rest_route=%2Fwp%2Fv2%2Fcategories&post=9359"},{"taxonomy":"post_tag","embeddable":true,"href":"https:\/\/entrenotasyacordes.com\/index.php?rest_route=%2Fwp%2Fv2%2Ftags&post=9359"}],"curies":[{"name":"wp","href":"https:\/\/api.w.org\/{rel}","templated":true}]}}