{"id":9364,"date":"2024-07-02T18:59:14","date_gmt":"2024-07-02T18:59:14","guid":{"rendered":"https:\/\/entrenotasyacordes.com\/?p=9364"},"modified":"2024-07-02T18:59:16","modified_gmt":"2024-07-02T18:59:16","slug":"luca-bocci-despide-su-disco-en-buenos-aires","status":"publish","type":"post","link":"https:\/\/entrenotasyacordes.com\/?p=9364","title":{"rendered":"Luca Bocci despide su\u00a0disco en Buenos Aires"},"content":{"rendered":"\n<p>El artista mendocino despide su tercer \u00e1lbum\u00a0<strong><em>Para\u00edso Coraz\u00f3n<\/em><\/strong>\u00a0con una gira que comienza en Capital Federal y contin\u00faa con su\u00a0gira de despedida por el Gran Buenos Aires.\u00a0<\/p>\n\n\n\n<!--more-->\n\n\n<div class=\"wp-block-image\">\n<figure class=\"aligncenter size-full is-resized\"><img loading=\"lazy\" decoding=\"async\" width=\"500\" height=\"625\" src=\"https:\/\/entrenotasyacordes.com\/wp-content\/uploads\/2024\/07\/2c.jpg\" alt=\"\" class=\"wp-image-9365\" style=\"width:607px;height:auto\" srcset=\"https:\/\/entrenotasyacordes.com\/wp-content\/uploads\/2024\/07\/2c.jpg 500w, https:\/\/entrenotasyacordes.com\/wp-content\/uploads\/2024\/07\/2c-240x300.jpg 240w\" sizes=\"auto, (max-width: 500px) 100vw, 500px\" \/><\/figure>\n<\/div>\n\n\n<p>La sensibilidad \u00fanica de&nbsp;<strong>Luca Bocci<\/strong>&nbsp;encontr\u00f3 un nuevo refugio en&nbsp;2023 con&nbsp;<strong><em>Para\u00edso Coraz\u00f3n<\/em><\/strong>.&nbsp;Pero hoy, con vistas a lo que se viene y luego de una exitosa presentaci\u00f3n del mismo en&nbsp;<strong>Teatro Vorterix<\/strong>, se prepara para cerrar este ciclo sonoro y po\u00e9tico.&nbsp;<\/p>\n\n\n\n<p>Lo har\u00e1 con una gira que comienza el pr\u00f3ximo\u00a0<strong>s\u00e1bado 27 de julio\u00a0en\u00a0Niceto Club<\/strong>. y continuar\u00e1 por el Gran Buenos Aires.\u00a0Las entradas ya se encuentran disponibles a trav\u00e9s de\u00a0Passline Argentina.<\/p>\n\n\n\n<p><strong>S\u00e1bado 27 de Julio\u00a0<\/strong><br><strong>20.00hs<\/strong><br><strong>Niceto Club<\/strong>\u00a0<br>Entradas\u00a0a trav\u00e9s de Passline: <a href=\"https:\/\/www.passline.com\/eventos\/luca-bocci-en-niceto-club-282786\">https:\/\/www.passline.com\/eventos\/luca-bocci-en-niceto-club-282786<\/a><\/p>\n\n\n\n<p class=\"has-text-align-center\"><strong>Gira Bonaerense<\/strong><br>10\/08 &#8211; Ciudad de Gatos (La Plata)<br>16\/08 &#8211; IL Amichi Bar (San Miguel)<br>17\/08 &#8211; Espacio Cultural Laberinto (Mor\u00f3n)<br>22\/08 &#8211; CCSI San Isidro (San Isidro)<br>23\/08 &#8211; Club de Arte Tempuja (Bernal)<\/p>\n\n\n\n<p><strong><em>Para\u00edso Coraz\u00f3n<\/em><\/strong>&nbsp;es el sucesor de&nbsp;<em><strong>No pierdas la simpleza,<\/strong><\/em>&nbsp;y es el \u00e1lbum que alberg\u00f3 su proceso post-pand\u00e9mico y&nbsp;signific\u00f3 el regreso a Buenos Aires despu\u00e9s de un tiempo viviendo en Barcelona.<\/p>\n\n\n\n<p>En palabras de Bocci:\u00a0\u201c<em>Estas 10 canciones reflejan lo m\u00e1s puro de mi ser. El sonido es muy diverso, con R&amp;B, g\u00f3spel, soul, punk, rock, hip-hop; en este disco me solt\u00e9 completamente en sonido y me concentr\u00e9 espec\u00edficamente en el mensaje<\/em>\u00ab.\u00a0<\/p>\n\n\n<div class=\"wp-block-image\">\n<figure class=\"aligncenter size-full\"><img loading=\"lazy\" decoding=\"async\" width=\"500\" height=\"333\" src=\"https:\/\/entrenotasyacordes.com\/wp-content\/uploads\/2024\/07\/2cc.jpg\" alt=\"\" class=\"wp-image-9366\" srcset=\"https:\/\/entrenotasyacordes.com\/wp-content\/uploads\/2024\/07\/2cc.jpg 500w, https:\/\/entrenotasyacordes.com\/wp-content\/uploads\/2024\/07\/2cc-300x200.jpg 300w\" sizes=\"auto, (max-width: 500px) 100vw, 500px\" \/><\/figure>\n<\/div>\n\n\n<p>Luca&nbsp;Bocci naci\u00f3 en Mendoza (Argentina) pero desde joven se volvi\u00f3 una persona de mundo. Cosmop\u00f3lita y explorativo en el d\u00eda a d\u00eda, su m\u00fasica tiene una b\u00fasqueda constante de nuevos sonidos, estilos y exploraciones que lo hacen uno de los proyectos m\u00e1s vanguardistas a la hora de hablar de la nueva m\u00fasica argentina.<\/p>\n\n\n\n<p>Con tres discos lanzados, siendo el debut un fen\u00f3meno viral y el segundo una b\u00fasqueda introspectiva, su tercero y m\u00e1s reciente, \u00abPara\u00edso Coraz\u00f3n\u00bb, representa para Luca un viaje emocional \u201cdel yo\u201d, un intento por conectar con lo que todos llevamos dentro, un jard\u00edn o Ed\u00e9n donde a veces resulta dif\u00edcil encontrar paz.<\/p>\n\n\n\n<p>Tambi\u00e9n resume perfectamente a Bocci en una gran foto. Es dolor y tormenta, es luz y sombra, es lo imperfecto e incompleto, \u201cpero al fin y al cabo eres lo que eres\u201d, y solo hay un Luca Bocci en el mundo.<\/p>\n","protected":false},"excerpt":{"rendered":"<p>El artista mendocino despide su tercer \u00e1lbum\u00a0Para\u00edso Coraz\u00f3n\u00a0con una gira que comienza en Capital Federal<\/p>\n","protected":false},"author":5,"featured_media":9365,"comment_status":"open","ping_status":"open","sticky":false,"template":"","format":"standard","meta":{"om_disable_all_campaigns":false,"_uf_show_specific_survey":0,"_uf_disable_surveys":false,"footnotes":""},"categories":[36],"tags":[],"class_list":["post-9364","post","type-post","status-publish","format-standard","has-post-thumbnail","hentry","category-conciertos"],"_links":{"self":[{"href":"https:\/\/entrenotasyacordes.com\/index.php?rest_route=\/wp\/v2\/posts\/9364","targetHints":{"allow":["GET"]}}],"collection":[{"href":"https:\/\/entrenotasyacordes.com\/index.php?rest_route=\/wp\/v2\/posts"}],"about":[{"href":"https:\/\/entrenotasyacordes.com\/index.php?rest_route=\/wp\/v2\/types\/post"}],"author":[{"embeddable":true,"href":"https:\/\/entrenotasyacordes.com\/index.php?rest_route=\/wp\/v2\/users\/5"}],"replies":[{"embeddable":true,"href":"https:\/\/entrenotasyacordes.com\/index.php?rest_route=%2Fwp%2Fv2%2Fcomments&post=9364"}],"version-history":[{"count":1,"href":"https:\/\/entrenotasyacordes.com\/index.php?rest_route=\/wp\/v2\/posts\/9364\/revisions"}],"predecessor-version":[{"id":9367,"href":"https:\/\/entrenotasyacordes.com\/index.php?rest_route=\/wp\/v2\/posts\/9364\/revisions\/9367"}],"wp:featuredmedia":[{"embeddable":true,"href":"https:\/\/entrenotasyacordes.com\/index.php?rest_route=\/wp\/v2\/media\/9365"}],"wp:attachment":[{"href":"https:\/\/entrenotasyacordes.com\/index.php?rest_route=%2Fwp%2Fv2%2Fmedia&parent=9364"}],"wp:term":[{"taxonomy":"category","embeddable":true,"href":"https:\/\/entrenotasyacordes.com\/index.php?rest_route=%2Fwp%2Fv2%2Fcategories&post=9364"},{"taxonomy":"post_tag","embeddable":true,"href":"https:\/\/entrenotasyacordes.com\/index.php?rest_route=%2Fwp%2Fv2%2Ftags&post=9364"}],"curies":[{"name":"wp","href":"https:\/\/api.w.org\/{rel}","templated":true}]}}