{"id":9398,"date":"2024-07-03T13:54:24","date_gmt":"2024-07-03T13:54:24","guid":{"rendered":"https:\/\/entrenotasyacordes.com\/?p=9398"},"modified":"2024-07-03T13:54:25","modified_gmt":"2024-07-03T13:54:25","slug":"luego-de-su-presentacion-como-teloneros-de-vox-dei-anna-strauss-anuncia-el-lanzamiento-de-su-primer-lp-vida-y-obra-de-j","status":"publish","type":"post","link":"https:\/\/entrenotasyacordes.com\/?p=9398","title":{"rendered":"Luego de su presentaci\u00f3n como teloneros de Vox Dei, Anna Strauss anuncia el lanzamiento de su primer LP \u201cVida y Obra de J\u201d"},"content":{"rendered":"\n<!--more-->\n\n\n<div class=\"wp-block-image\">\n<figure class=\"aligncenter size-full is-resized\"><img loading=\"lazy\" decoding=\"async\" width=\"1080\" height=\"1080\" src=\"https:\/\/entrenotasyacordes.com\/wp-content\/uploads\/2024\/07\/Tapa-CD.jpg\" alt=\"\" class=\"wp-image-9399\" style=\"width:607px;height:auto\" srcset=\"https:\/\/entrenotasyacordes.com\/wp-content\/uploads\/2024\/07\/Tapa-CD.jpg 1080w, https:\/\/entrenotasyacordes.com\/wp-content\/uploads\/2024\/07\/Tapa-CD-300x300.jpg 300w, https:\/\/entrenotasyacordes.com\/wp-content\/uploads\/2024\/07\/Tapa-CD-1024x1024.jpg 1024w, https:\/\/entrenotasyacordes.com\/wp-content\/uploads\/2024\/07\/Tapa-CD-150x150.jpg 150w, https:\/\/entrenotasyacordes.com\/wp-content\/uploads\/2024\/07\/Tapa-CD-768x768.jpg 768w, https:\/\/entrenotasyacordes.com\/wp-content\/uploads\/2024\/07\/Tapa-CD-50x50.jpg 50w\" sizes=\"auto, (max-width: 1080px) 100vw, 1080px\" \/><\/figure>\n<\/div>\n\n\n<p>Vida y Obra de J es el primer esfuerzo discogr\u00e1fico de larga duraci\u00f3n del d\u00fao Anna Strauss, donde aprovechan el medio y lo llevan al m\u00e1ximo potencial, proponiendo una experiencia completa. Adem\u00e1s de ser un disco conceptual desde su trama l\u00edrica y narrativa, presentando una historia con personajes que se va desarrollando con el correr de las canciones, tambi\u00e9n esta idea se traduce al plano sonoro, donde dependiendo del arco de la historia, el sonido va variando de potencia y texturas para apoyar y explotar la idea general del \u00e1lbum, que m\u00e1s que en lado A y lado B, se divide en 3 actos como una obra de teatro. Esta nueva apuesta discogr\u00e1fica en la cual se sumerge la banda ya se encuentra disponible en YouTube, Spotify, iTunes, Bandcamp y todas las plataformas de streaming digital.<\/p>\n\n\n\n<p>Anna Strauss es un potente d\u00fao formado por Angus (en voz, guitarra y teclado) y Nawe (en bater\u00eda, voz y guitarra), el pasado 21 de Junio fueron convocados para tocar en \u201cCity Bar\u201d de Mart\u00ednez, abriendo el show para una leyenda viviente: Willy Quiroga y su Vox Dei, sin duda un hito muy significativo para la banda.<\/p>\n\n\n<div class=\"wp-block-image\">\n<figure class=\"aligncenter size-full\"><img loading=\"lazy\" decoding=\"async\" width=\"2560\" height=\"1920\" src=\"https:\/\/entrenotasyacordes.com\/wp-content\/uploads\/2024\/07\/CityBar02-scaled.jpg\" alt=\"\" class=\"wp-image-9400\" srcset=\"https:\/\/entrenotasyacordes.com\/wp-content\/uploads\/2024\/07\/CityBar02-scaled.jpg 2560w, https:\/\/entrenotasyacordes.com\/wp-content\/uploads\/2024\/07\/CityBar02-300x225.jpg 300w, https:\/\/entrenotasyacordes.com\/wp-content\/uploads\/2024\/07\/CityBar02-1024x768.jpg 1024w, https:\/\/entrenotasyacordes.com\/wp-content\/uploads\/2024\/07\/CityBar02-768x576.jpg 768w, https:\/\/entrenotasyacordes.com\/wp-content\/uploads\/2024\/07\/CityBar02-1536x1152.jpg 1536w, https:\/\/entrenotasyacordes.com\/wp-content\/uploads\/2024\/07\/CityBar02-2048x1536.jpg 2048w\" sizes=\"auto, (max-width: 2560px) 100vw, 2560px\" \/><\/figure>\n<\/div>\n\n\n<p>Se conocieron en 2013 en juntadas que se armaban entre fans de bandas que en ese momento escuchaban, en esos encuentros so\u00f1aban y se imaginaban artistas, los lideres de su propio proyecto. Un d\u00eda ese sue\u00f1o se convirti\u00f3 en realidad, y a finales de 2018 crean Anna, AN por Angus y Na por Nahuel, pero como a la hora de registrarlo surgi\u00f3 un inconveniente, deciden agregar el Strauss, en honor al compositor Austriaco Johann Strauss al cual ambos admiran. La presentaci\u00f3n oficial llegar\u00eda en Marzo de 2019, donde lanzan su primer single, ah\u00ed se podr\u00eda decir que nace A.S. Su m\u00fasica es influenciada por g\u00e9neros como Pop\/Rock, \u00d3pera y Jazz, pero tocado con la intensidad del Rock Alternativo. Cabe destacar<br>que el 90% de todas las actividades de la banda, son fuertemente autogestivas, al punto de que lo toman como una bandera propia que los identifica a\u00fan m\u00e1s. Recordemos que la banda tiene un EP llamado \u201cAventura\u201d.<\/p>\n","protected":false},"excerpt":{"rendered":"","protected":false},"author":5,"featured_media":9399,"comment_status":"open","ping_status":"open","sticky":false,"template":"","format":"standard","meta":{"om_disable_all_campaigns":false,"_uf_show_specific_survey":0,"_uf_disable_surveys":false,"footnotes":""},"categories":[4],"tags":[],"class_list":["post-9398","post","type-post","status-publish","format-standard","has-post-thumbnail","hentry","category-musica"],"_links":{"self":[{"href":"https:\/\/entrenotasyacordes.com\/index.php?rest_route=\/wp\/v2\/posts\/9398","targetHints":{"allow":["GET"]}}],"collection":[{"href":"https:\/\/entrenotasyacordes.com\/index.php?rest_route=\/wp\/v2\/posts"}],"about":[{"href":"https:\/\/entrenotasyacordes.com\/index.php?rest_route=\/wp\/v2\/types\/post"}],"author":[{"embeddable":true,"href":"https:\/\/entrenotasyacordes.com\/index.php?rest_route=\/wp\/v2\/users\/5"}],"replies":[{"embeddable":true,"href":"https:\/\/entrenotasyacordes.com\/index.php?rest_route=%2Fwp%2Fv2%2Fcomments&post=9398"}],"version-history":[{"count":1,"href":"https:\/\/entrenotasyacordes.com\/index.php?rest_route=\/wp\/v2\/posts\/9398\/revisions"}],"predecessor-version":[{"id":9401,"href":"https:\/\/entrenotasyacordes.com\/index.php?rest_route=\/wp\/v2\/posts\/9398\/revisions\/9401"}],"wp:featuredmedia":[{"embeddable":true,"href":"https:\/\/entrenotasyacordes.com\/index.php?rest_route=\/wp\/v2\/media\/9399"}],"wp:attachment":[{"href":"https:\/\/entrenotasyacordes.com\/index.php?rest_route=%2Fwp%2Fv2%2Fmedia&parent=9398"}],"wp:term":[{"taxonomy":"category","embeddable":true,"href":"https:\/\/entrenotasyacordes.com\/index.php?rest_route=%2Fwp%2Fv2%2Fcategories&post=9398"},{"taxonomy":"post_tag","embeddable":true,"href":"https:\/\/entrenotasyacordes.com\/index.php?rest_route=%2Fwp%2Fv2%2Ftags&post=9398"}],"curies":[{"name":"wp","href":"https:\/\/api.w.org\/{rel}","templated":true}]}}