{"id":9402,"date":"2024-07-03T14:01:46","date_gmt":"2024-07-03T14:01:46","guid":{"rendered":"https:\/\/entrenotasyacordes.com\/?p=9402"},"modified":"2024-07-03T14:01:48","modified_gmt":"2024-07-03T14:01:48","slug":"luego-de-una-exitosa-preventa-ya-se-conoce-la-grilla-del-festival-bandera-5ta-edicion","status":"publish","type":"post","link":"https:\/\/entrenotasyacordes.com\/?p=9402","title":{"rendered":"LUEGO DE UNA EXITOSA PREVENTA YA SE CONOCE LA GRILLA DEL FESTIVAL BANDERA 5ta edici\u00f3n"},"content":{"rendered":"\n<h4 class=\"wp-block-heading\"><strong>M\u00c1S CULTURA, M\u00c1S CONTENIDOS Y M\u00c1S PROPUESTAS EN UNO DE LOS FESTIVALES DE M\u00daSICA M\u00c1S IMPORTANTES DEL PA\u00cdS<\/strong><\/h4>\n\n\n\n<!--more-->\n\n\n\n<p><strong>Preventa general ya disponible a trav\u00e9s de\u00a0<a href=\"http:\/\/tuentrada.com\/\" target=\"_blank\" rel=\"noreferrer noopener\">tuentrada.com<\/a> y en Amadeus (C\u00f3rdoba 1369 Local 9, Rosario)<\/strong><\/p>\n\n\n\n<p><strong>S\u00c1BADO 26 de octubre | desde las 14:30 hs EX RURAL (Parque Independencia. Rosario)<\/strong><\/p>\n\n\n<div class=\"wp-block-image\">\n<figure class=\"aligncenter size-full is-resized\"><img loading=\"lazy\" decoding=\"async\" width=\"2250\" height=\"2250\" src=\"https:\/\/entrenotasyacordes.com\/wp-content\/uploads\/2024\/07\/3f.jpg\" alt=\"\" class=\"wp-image-9403\" style=\"width:607px;height:auto\" srcset=\"https:\/\/entrenotasyacordes.com\/wp-content\/uploads\/2024\/07\/3f.jpg 2250w, https:\/\/entrenotasyacordes.com\/wp-content\/uploads\/2024\/07\/3f-300x300.jpg 300w, https:\/\/entrenotasyacordes.com\/wp-content\/uploads\/2024\/07\/3f-1024x1024.jpg 1024w, https:\/\/entrenotasyacordes.com\/wp-content\/uploads\/2024\/07\/3f-150x150.jpg 150w, https:\/\/entrenotasyacordes.com\/wp-content\/uploads\/2024\/07\/3f-768x768.jpg 768w, https:\/\/entrenotasyacordes.com\/wp-content\/uploads\/2024\/07\/3f-1536x1536.jpg 1536w, https:\/\/entrenotasyacordes.com\/wp-content\/uploads\/2024\/07\/3f-2048x2048.jpg 2048w, https:\/\/entrenotasyacordes.com\/wp-content\/uploads\/2024\/07\/3f-50x50.jpg 50w\" sizes=\"auto, (max-width: 2250px) 100vw, 2250px\" \/><\/figure>\n<\/div>\n\n\n<p>La 5ta edici\u00f3n del\u00a0FESTIVAL BANDERA\u00a0ya tiene grilla confirmada y es una bomba! Poniendo a Rosario en lo m\u00e1s alto del plano nacional, el\u00a0BANDERA\u00a0contin\u00faa haciendo historia en una edici\u00f3n con grandes sorpresas.<\/p>\n\n\n\n<p>Las bandas y artistas que formar\u00e1n parte de esta edici\u00f3n son:<br>BABASONICOS | TRUENO | EL KUELGUE | DILLOM | MARIANO MELLINO | USTED SE\u00d1ALEMELO | PECES RAROS | GUASONES | EL PLAN DE LA MARIPOSA | ZOE GOTUSSO | TURF | ESTELARES | INDIOS | SANTIAGO MOTORIZADO | AINDA | ERUCA SATIVA | CHITA | CIELO RAZZO | LUZ GAGGI | BLAIR | FELI RUIZ | CALIOPE FAMILY | AGUSFORNITE2008&amp;STIFFY | LUCKY RIVERS | MICA RACCIATTI | BARFEYE\u00a0<\/p>\n\n\n\n<p>El s\u00e1bado 26 de octubre, Rosario volver\u00e1 a ser el epicentro de la m\u00fasica y, como en su anterior edici\u00f3n, el lugar elegido es la ex Rural (en el Parque Independencia). El FESTIVAL BANDERA contin\u00faa creciendo y en esta edici\u00f3n apuesta a m\u00e1s cultura, m\u00e1s contenidos y m\u00e1s propuestas.<\/p>\n\n\n\n<p>Las entradas pueden conseguirse de manera on line a trav\u00e9s de<br><a href=\"http:\/\/tuentrada.com\/\" target=\"_blank\" rel=\"noreferrer noopener\">tuentrada.com<\/a>\u00a0con tarjetas de todos los bancos y en 6 cuotas sin inter\u00e9s para clientes del Banco Santa Fe.<br>De manera presencial y en efectivo se venden en Amadeus (C\u00f3rdoba 1369 local 9) sin costo de servicio.<\/p>\n\n\n\n<p><strong>+ info sobre la 5ta edici\u00f3n del FESTIVAL BANDERA:<\/strong><\/p>\n\n\n\n<p>Un a\u00f1o m\u00e1s el\u00a0FESTIVAL BANDERA\u00a0dice presente para presentar, en m\u00faltiples escenarios, lo mejor de la escena musical en una jornada para disfrutar al aire libre y con todos los sentidos.<\/p>\n\n\n\n<p>Luego de una exitosa etapa de preventa comienza, con el line up develado, la venta general.<\/p>\n\n\n\n<p>Definitivamente instalado como el segundo festival de m\u00fasica a nivel nacional, el\u00a0BANDERA\u00a0se destaca por la gran cantidad y variedad de artistas que participan en una \u00fanica jornada.<br>Como reflejaron los medios \u201cUn rasgo distintivo del Bandera es su capacidad de leer y traducir la actualidad de la m\u00fasica popular contempor\u00e1nea nacional, a trav\u00e9s de un formato pr\u00f3ximo a lo boutique, aunque sin desestimar lo cl\u00e1sico.<\/p>\n\n\n\n<p>En su \u00faltimo encuentro el\u00a0BANDERA\u00a0confirm\u00f3 su condici\u00f3n de amplificador de la pluralidad art\u00edstica.\u201d<br>Al igual que en las 4 ediciones anteriores el\u00a0BANDERA\u00a0se prepara para recibir a p\u00fablico de todo el pa\u00eds que se da cita en un encuentro que ya se destaca entre los festivales m\u00e1s importantes de m\u00fasica de la agenda nacional.<\/p>\n\n\n\n<p>Para ver algo de lo que pas\u00f3 en la \u00faltima edici\u00f3n del BANDERA:<\/p>\n\n\n\n<figure class=\"wp-block-embed is-type-video is-provider-youtube wp-block-embed-youtube wp-embed-aspect-16-9 wp-has-aspect-ratio\"><div class=\"wp-block-embed__wrapper\">\n<div class=\"epyt-video-wrapper\"><iframe loading=\"lazy\"  id=\"_ytid_92837\"  width=\"640\" height=\"360\"  data-origwidth=\"640\" data-origheight=\"360\" src=\"https:\/\/www.youtube.com\/embed\/BbDa0JIKL-A?enablejsapi=1&#038;autoplay=0&#038;cc_load_policy=0&#038;cc_lang_pref=&#038;iv_load_policy=1&#038;loop=0&#038;rel=1&#038;fs=1&#038;playsinline=0&#038;autohide=2&#038;theme=dark&#038;color=white&#038;controls=1&#038;\" class=\"__youtube_prefs__  epyt-is-override  no-lazyload\" data-vol=\"50\"  title=\"YouTube player\"  allow=\"fullscreen; accelerometer; autoplay; clipboard-write; encrypted-media; gyroscope; picture-in-picture; web-share\" referrerpolicy=\"strict-origin-when-cross-origin\" allowfullscreen data-no-lazy=\"1\" data-skipgform_ajax_framebjll=\"\"><\/iframe><\/div>\n<\/div><\/figure>\n","protected":false},"excerpt":{"rendered":"<p>M\u00c1S CULTURA, M\u00c1S CONTENIDOS Y M\u00c1S PROPUESTAS EN UNO DE LOS FESTIVALES DE M\u00daSICA M\u00c1S<\/p>\n","protected":false},"author":5,"featured_media":9403,"comment_status":"open","ping_status":"open","sticky":false,"template":"","format":"standard","meta":{"om_disable_all_campaigns":false,"_uf_show_specific_survey":0,"_uf_disable_surveys":false,"footnotes":""},"categories":[36],"tags":[],"class_list":["post-9402","post","type-post","status-publish","format-standard","has-post-thumbnail","hentry","category-conciertos"],"_links":{"self":[{"href":"https:\/\/entrenotasyacordes.com\/index.php?rest_route=\/wp\/v2\/posts\/9402","targetHints":{"allow":["GET"]}}],"collection":[{"href":"https:\/\/entrenotasyacordes.com\/index.php?rest_route=\/wp\/v2\/posts"}],"about":[{"href":"https:\/\/entrenotasyacordes.com\/index.php?rest_route=\/wp\/v2\/types\/post"}],"author":[{"embeddable":true,"href":"https:\/\/entrenotasyacordes.com\/index.php?rest_route=\/wp\/v2\/users\/5"}],"replies":[{"embeddable":true,"href":"https:\/\/entrenotasyacordes.com\/index.php?rest_route=%2Fwp%2Fv2%2Fcomments&post=9402"}],"version-history":[{"count":1,"href":"https:\/\/entrenotasyacordes.com\/index.php?rest_route=\/wp\/v2\/posts\/9402\/revisions"}],"predecessor-version":[{"id":9404,"href":"https:\/\/entrenotasyacordes.com\/index.php?rest_route=\/wp\/v2\/posts\/9402\/revisions\/9404"}],"wp:featuredmedia":[{"embeddable":true,"href":"https:\/\/entrenotasyacordes.com\/index.php?rest_route=\/wp\/v2\/media\/9403"}],"wp:attachment":[{"href":"https:\/\/entrenotasyacordes.com\/index.php?rest_route=%2Fwp%2Fv2%2Fmedia&parent=9402"}],"wp:term":[{"taxonomy":"category","embeddable":true,"href":"https:\/\/entrenotasyacordes.com\/index.php?rest_route=%2Fwp%2Fv2%2Fcategories&post=9402"},{"taxonomy":"post_tag","embeddable":true,"href":"https:\/\/entrenotasyacordes.com\/index.php?rest_route=%2Fwp%2Fv2%2Ftags&post=9402"}],"curies":[{"name":"wp","href":"https:\/\/api.w.org\/{rel}","templated":true}]}}