{"id":9405,"date":"2024-07-03T14:08:28","date_gmt":"2024-07-03T14:08:28","guid":{"rendered":"https:\/\/entrenotasyacordes.com\/?p=9405"},"modified":"2024-07-03T14:08:29","modified_gmt":"2024-07-03T14:08:29","slug":"chechi-de-marcos-hipnotica-en-ciudad-cultural-konex","status":"publish","type":"post","link":"https:\/\/entrenotasyacordes.com\/?p=9405","title":{"rendered":"CHECHI DE MARCOS + HIPN\u00d3TICA\u00a0EN CIUDAD CULTURAL KONEX"},"content":{"rendered":"\n<!--more-->\n\n\n\n<p class=\"has-text-align-center\"><strong>11 DE JULIO | 20HS<\/strong><br>Sarmiento 3131, CABA<\/p>\n\n\n<div class=\"wp-block-image\">\n<figure class=\"aligncenter size-full is-resized\"><img loading=\"lazy\" decoding=\"async\" width=\"600\" height=\"600\" src=\"https:\/\/entrenotasyacordes.com\/wp-content\/uploads\/2024\/07\/3g.jpeg\" alt=\"\" class=\"wp-image-9406\" style=\"width:607px;height:auto\" srcset=\"https:\/\/entrenotasyacordes.com\/wp-content\/uploads\/2024\/07\/3g.jpeg 600w, https:\/\/entrenotasyacordes.com\/wp-content\/uploads\/2024\/07\/3g-300x300.jpeg 300w, https:\/\/entrenotasyacordes.com\/wp-content\/uploads\/2024\/07\/3g-150x150.jpeg 150w, https:\/\/entrenotasyacordes.com\/wp-content\/uploads\/2024\/07\/3g-50x50.jpeg 50w\" sizes=\"auto, (max-width: 600px) 100vw, 600px\" \/><\/figure>\n<\/div>\n\n\n<p>Por primera vez,&nbsp;<a href=\"https:\/\/aafop.r.a.d.sendibm1.com\/mk\/cl\/f\/sh\/6rqJfgq8dIPRQm7UlO3tXz7Yk45\/QtFLRXHvG2nJ\" target=\"_blank\" rel=\"noreferrer noopener\"><strong>Chechi De Marcos<\/strong><\/a><strong>&nbsp;<\/strong>e&nbsp;<a href=\"https:\/\/aafop.r.a.d.sendibm1.com\/mk\/cl\/f\/sh\/6rqJfgq8dIR6TEPeFhTRTaFUNN7\/B-GaOJ7grWJz\" target=\"_blank\" rel=\"noreferrer noopener\"><strong>Hipn\u00f3tica<\/strong><\/a><strong>&nbsp;<\/strong>se unen para compartir una noche \u00fanica en&nbsp;<strong>Ciudad Cultural Konex&nbsp;<\/strong>(Sarmiento 3131, CABA), el&nbsp;<strong>Jueves 11 de julio&nbsp;<\/strong>a las&nbsp;<strong>20hs.<\/strong><\/p>\n\n\n\n<p>Acompa\u00f1ados por sus respectivas bandas, los artistas har\u00e1n un repaso por todo su repertorio y anticipar\u00e1n su nueva m\u00fasica. Las\u00a0<a href=\"https:\/\/aafop.r.a.d.sendibm1.com\/mk\/cl\/f\/sh\/6rqJfgq8dISlVghnk0szPBNQ0g9\/0rPczH5PCMBq\" target=\"_blank\" rel=\"noreferrer noopener\">entradas<\/a>\u00a0se adquieren a trav\u00e9s de la p\u00e1gina oficial del Konex.<\/p>\n\n\n\n<p><strong>OBRE CHECHI DE MARCOS<\/strong><\/p>\n\n\n\n<p>Chechi de Marcos es cantante y compositora argentina. Del folk honesto y terrenal al rock y al pop, la paleta sonora de esta cantautora va por caminos nost\u00e1lgicos, crudos y fantasiosos. Despu\u00e9s de haber lanzado su EP\u00a0<a href=\"https:\/\/aafop.r.a.d.sendibm1.com\/mk\/cl\/f\/sh\/6rqJfgq8dIUQY8zxEKIXKmVLdzB\/dRCDWd46Qv0q\" target=\"_blank\" rel=\"noreferrer noopener\">\u201cAntes (de florecer)\u201d<\/a>\u00a0en 2020, producido por Pablo Gim\u00e9nez (El Zar), y el single\u00a0<a href=\"https:\/\/aafop.r.a.d.sendibm1.com\/mk\/cl\/f\/sh\/6rqJfgq8dIW5abI6idi5GNdHHID\/b2kzGYr_bdCW\" target=\"_blank\" rel=\"noreferrer noopener\">\u201cCasi nunca entiendo nada\u201d<\/a>\u00a0Ft. Esme Escalante y Feli Colina, Chechi publica su primer \u00e1lbum de estudio\u00a0<a href=\"https:\/\/aafop.r.a.d.sendibm1.com\/mk\/cl\/f\/sh\/6rqJfgq8dIXkd3aGCx7dBylCubF\/F6p8D3jBR3ke\" target=\"_blank\" rel=\"noreferrer noopener\">\u201cCecilia\u201d<\/a>\u00a0(2022) producido por Tom\u00e1s Merello. Adem\u00e1s en el 2023, lanz\u00f3 los singles\u00a0<a href=\"https:\/\/aafop.r.a.d.sendibm1.com\/mk\/cl\/f\/sh\/6rqJfgq8dIZPfVsPhGXB7Zt8XuH\/d5T4pZqgm1ce\" target=\"_blank\" rel=\"noreferrer noopener\">\u201cOtro Plan\u201d<\/a>\u00a0y\u00a0<a href=\"https:\/\/aafop.r.a.d.sendibm1.com\/mk\/cl\/f\/sh\/6rqJfgq8dIb4hyAZBZwj3B14BDJ\/vofoTwgwRvQN\" target=\"_blank\" rel=\"noreferrer noopener\">\u201cHasta que llegue el Verano\u201d<\/a>\u00a0junto a Conociendo Rusia, ambos producidos por Nicol\u00e1s Btesh. A trav\u00e9s de su m\u00fasica, Chechi busca generar una conexi\u00f3n humana y sensible con el oyente.<\/p>\n\n\n\n<p>Su ascendente carrera solista la llev\u00f3 a pisar escenarios cada vez m\u00e1s grandes. En el 2022, form\u00f3 parte del Quilmes Rock, del Primavera Sound Arg, abri\u00f3 el show de Carla Morrison en el Teatro Opera Orbis y de Conociendo Rusia en el Movistar Arena. El 2023 comparti\u00f3 escenario con relevantes figuras como Jos\u00e9 Gonz\u00e1lez, Luca Bocci, Rayos L\u00e1ser y form\u00f3 parte de los Festivales Bandera y Capital. En diciembre coron\u00f3 el a\u00f1o con su primer Niceto Club donde participaron figuras destacadas de la escena nacional como Juan Mango (Usted Se\u00f1alemelo), Esmeralda Escalante (Ainda), Mateo Sujatovich (Conociendo Rusia) y Luca Bocci.<\/p>\n\n\n\n<p>El 2024 ser\u00e1 un a\u00f1o de m\u00fasica nueva. En junio, estrenar\u00e1 el primer adelanto de su segundo \u00e1lbum de estudio.<\/p>\n\n\n<div class=\"wp-block-image\">\n<figure class=\"aligncenter size-full\"><img loading=\"lazy\" decoding=\"async\" width=\"600\" height=\"900\" src=\"https:\/\/entrenotasyacordes.com\/wp-content\/uploads\/2024\/07\/3gg.jpeg\" alt=\"\" class=\"wp-image-9407\" srcset=\"https:\/\/entrenotasyacordes.com\/wp-content\/uploads\/2024\/07\/3gg.jpeg 600w, https:\/\/entrenotasyacordes.com\/wp-content\/uploads\/2024\/07\/3gg-200x300.jpeg 200w\" sizes=\"auto, (max-width: 600px) 100vw, 600px\" \/><\/figure>\n<\/div>\n\n\n<p><strong>SOBRE HIPN\u00d3TICA<\/strong><\/p>\n\n\n\n<p>Hipn\u00f3tica es un d\u00fao formado por Nahuel Barbero y Hernan Ortiz, compositores y productores argentinos con m\u00e1s de quince a\u00f1os de trayectoria.<\/p>\n\n\n\n<p>Su primer \u00e1lbum \u201cA la luz\u201d les permiti\u00f3 ser teloneros de The Killers, Justin Bieber, IKV, entre otros, para luego lanzar su EP \u201cEse lugar Imaginario\u201d que los consolid\u00f3 como uno de los proyectos emergentes m\u00e1s sofisticados de la escena argentina, ganando participaci\u00f3n en grandes festivales como Lollapalooza, Cosquin Rock, Personal Fest y La Nueva Generaci\u00f3n.<\/p>\n\n\n\n<p>En el 2018 lleg\u00f3&nbsp;<a href=\"https:\/\/aafop.r.a.d.sendibm1.com\/mk\/cl\/f\/sh\/SMK1E8tHeG8HqoEtLFaBvCmVTveP\/SKW7dRRrXfNF\" target=\"_blank\" rel=\"noreferrer noopener\">\u201cCl\u00e1sico\u201d<\/a>,&nbsp;su tercer proyecto de estudio, en el que se destaca la colaboraci\u00f3n con Daniela Spalla en la canci\u00f3n As\u00ed, con millones de streams<\/p>\n\n\n\n<p>En 2021 editaron&nbsp;<a href=\"https:\/\/aafop.r.a.d.sendibm1.com\/mk\/cl\/f\/sh\/SMK1E8tHeGF9Ix3qWPjg125FSEEf\/q_BPCgTurzR0\" target=\"_blank\" rel=\"noreferrer noopener\">\u201cMIXTO\u201d<\/a>, un disco donde se permitieron explorar diversos paisajes sonoros y estilos musicales. Para dicho \u00e1lbum reclutaron a diversos productores, entre ellos alguno de los mejores de la escena musical argentina, como es el caso de Nico Cotton que estuvo a cargo de \u201cAlgo\u201d, primer corte de difusi\u00f3n del \u00e1lbum, Mariano Otero\/Benja Lopez Barrios que produjeron&nbsp;<a href=\"https:\/\/aafop.r.a.d.sendibm1.com\/mk\/cl\/f\/sh\/SMK1E8tHeGM0l5snhZtA6rNzQWov\/fDvbkH6wH2dF\" target=\"_blank\" rel=\"noreferrer noopener\">\u201cCiudad\u201d<\/a>&nbsp;ft Chiara Parraviccini,&nbsp;<a href=\"https:\/\/aafop.r.a.d.sendibm1.com\/mk\/cl\/f\/sh\/SMK1E8tHeGSsDEhksk2eCggjOpPB\/RCyGEZ0BF59r\" target=\"_blank\" rel=\"noreferrer noopener\">\u201cCambiar\u201d<\/a>&nbsp;y&nbsp;<a href=\"https:\/\/aafop.r.a.d.sendibm1.com\/mk\/cl\/f\/sh\/SMK1E8tHeGZjfNWi3uC8IVzTN7zR\/3qzjHUtfrvCx\" target=\"_blank\" rel=\"noreferrer noopener\">\u201cFuego\u201d<\/a>.<\/p>\n\n\n\n<p>A fines de 2022 se cumplieron 10 a\u00f1os del lanzamiento del primer disco de la banda mientras realizaban su primer tour por Europa, y en este contexto surgieron dos nuevas versiones aniversario de dos cl\u00e1sicos del repertorio de Hipn\u00f3tica, Como Siempre y Desprender, esta \u00faltima cuenta con la participaci\u00f3n de un m\u00fasico referente absoluto para los chicos: Emmanuel Horvilleur.<\/p>\n\n\n\n<p>En mayo 2024, luego de 3 a\u00f1os de espera, el d\u00fao cordob\u00e9s, lanz\u00f3&nbsp;<a href=\"https:\/\/aafop.r.a.d.sendibm1.com\/mk\/cl\/f\/sh\/SMK1E8tHeGgb7WLfF4LcOLIDLQZh\/49p3mkYSR7pE\" target=\"_blank\" rel=\"noreferrer noopener\">\u201cDesprogramado\u201d<\/a>&nbsp;el primer adelanto de su pr\u00f3ximo disco hom\u00f3nimo y su m\u00e1s reciente single&nbsp;<a href=\"https:\/\/aafop.r.a.d.sendibm1.com\/mk\/cl\/f\/sh\/SMK1E8tHeGnSZfAcQEV6UAaxJj9x\/ZRLtuskL5gcR\" target=\"_blank\" rel=\"noreferrer noopener\">\u00abCharuto\u00bb<\/a>.<\/p>\n\n\n<div class=\"wp-block-image\">\n<figure class=\"aligncenter size-full\"><img loading=\"lazy\" decoding=\"async\" width=\"600\" height=\"400\" src=\"https:\/\/entrenotasyacordes.com\/wp-content\/uploads\/2024\/07\/3ggg.jpeg\" alt=\"\" class=\"wp-image-9408\" srcset=\"https:\/\/entrenotasyacordes.com\/wp-content\/uploads\/2024\/07\/3ggg.jpeg 600w, https:\/\/entrenotasyacordes.com\/wp-content\/uploads\/2024\/07\/3ggg-300x200.jpeg 300w\" sizes=\"auto, (max-width: 600px) 100vw, 600px\" \/><\/figure>\n<\/div>\n\n\n<p>A lo largo de su carrera ha cantado en escenarios de todos los tama\u00f1os como las calles de Londres, plat\u00f3s de televisi\u00f3n, teatros o auditorios (en Espa\u00f1a, Reino Unido, M\u00e9xico, Venezuela, Colombia, Miami, New York\u2026) y ha compartido escenario con artistas internacionales como Manoella Torres, Pancho C\u00e9spedes, Samo (Camila) o India Martinez entre otros.<\/p>\n\n\n\n<p>Su tour \u201cCon el coraz\u00f3n en la mano\u201d cont\u00f3 con 20 fechas en diferentes lugares de M\u00e9xico, logrando el sold out en la gran mayor\u00eda de lugares.<\/p>\n","protected":false},"excerpt":{"rendered":"","protected":false},"author":5,"featured_media":9406,"comment_status":"open","ping_status":"open","sticky":false,"template":"","format":"standard","meta":{"om_disable_all_campaigns":false,"_uf_show_specific_survey":0,"_uf_disable_surveys":false,"footnotes":""},"categories":[36],"tags":[],"class_list":["post-9405","post","type-post","status-publish","format-standard","has-post-thumbnail","hentry","category-conciertos"],"_links":{"self":[{"href":"https:\/\/entrenotasyacordes.com\/index.php?rest_route=\/wp\/v2\/posts\/9405","targetHints":{"allow":["GET"]}}],"collection":[{"href":"https:\/\/entrenotasyacordes.com\/index.php?rest_route=\/wp\/v2\/posts"}],"about":[{"href":"https:\/\/entrenotasyacordes.com\/index.php?rest_route=\/wp\/v2\/types\/post"}],"author":[{"embeddable":true,"href":"https:\/\/entrenotasyacordes.com\/index.php?rest_route=\/wp\/v2\/users\/5"}],"replies":[{"embeddable":true,"href":"https:\/\/entrenotasyacordes.com\/index.php?rest_route=%2Fwp%2Fv2%2Fcomments&post=9405"}],"version-history":[{"count":1,"href":"https:\/\/entrenotasyacordes.com\/index.php?rest_route=\/wp\/v2\/posts\/9405\/revisions"}],"predecessor-version":[{"id":9409,"href":"https:\/\/entrenotasyacordes.com\/index.php?rest_route=\/wp\/v2\/posts\/9405\/revisions\/9409"}],"wp:featuredmedia":[{"embeddable":true,"href":"https:\/\/entrenotasyacordes.com\/index.php?rest_route=\/wp\/v2\/media\/9406"}],"wp:attachment":[{"href":"https:\/\/entrenotasyacordes.com\/index.php?rest_route=%2Fwp%2Fv2%2Fmedia&parent=9405"}],"wp:term":[{"taxonomy":"category","embeddable":true,"href":"https:\/\/entrenotasyacordes.com\/index.php?rest_route=%2Fwp%2Fv2%2Fcategories&post=9405"},{"taxonomy":"post_tag","embeddable":true,"href":"https:\/\/entrenotasyacordes.com\/index.php?rest_route=%2Fwp%2Fv2%2Ftags&post=9405"}],"curies":[{"name":"wp","href":"https:\/\/api.w.org\/{rel}","templated":true}]}}