{"id":9417,"date":"2024-07-04T17:40:30","date_gmt":"2024-07-04T17:40:30","guid":{"rendered":"https:\/\/entrenotasyacordes.com\/?p=9417"},"modified":"2024-07-04T17:40:32","modified_gmt":"2024-07-04T17:40:32","slug":"ela-taubert-llega-a-argentina-con-su-primera-gira-metamorfosis-tour","status":"publish","type":"post","link":"https:\/\/entrenotasyacordes.com\/?p=9417","title":{"rendered":"ELA TAUBERT LLEGA A ARGENTINA CON SU PRIMERA GIRA \u2018METAMORFOSIS TOUR\u2019"},"content":{"rendered":"\n<!--more-->\n\n\n\n<p><em>LA CREADORA DEL \u00c9XITO MUNDIAL \u00ab\u00bfC\u00d3MO PAS\u00d3?\u00bb ARRANCA CON SU PRIMERA GIRA EN M\u00c9XICO, ESTE 10 DE JULIO, Y CONTIN\u00daA POR COLOMBIA, PER\u00da, CHILE Y ARGENTINA<\/em><\/p>\n\n\n\n<p><em>+ RECIBE NOMINACI\u00d3N A PREMIOS JUVENTUD 2024 COMO&nbsp;<\/em><em>\u2018LA NUEVA GENERACI\u00d3N FEMENINA\u2019<\/em><\/p>\n\n\n<div class=\"wp-block-image\">\n<figure class=\"aligncenter size-full is-resized\"><img loading=\"lazy\" decoding=\"async\" width=\"1080\" height=\"1080\" src=\"https:\/\/entrenotasyacordes.com\/wp-content\/uploads\/2024\/07\/Flyer.jpg\" alt=\"\" class=\"wp-image-9418\" style=\"width:607px;height:auto\" srcset=\"https:\/\/entrenotasyacordes.com\/wp-content\/uploads\/2024\/07\/Flyer.jpg 1080w, https:\/\/entrenotasyacordes.com\/wp-content\/uploads\/2024\/07\/Flyer-300x300.jpg 300w, https:\/\/entrenotasyacordes.com\/wp-content\/uploads\/2024\/07\/Flyer-1024x1024.jpg 1024w, https:\/\/entrenotasyacordes.com\/wp-content\/uploads\/2024\/07\/Flyer-150x150.jpg 150w, https:\/\/entrenotasyacordes.com\/wp-content\/uploads\/2024\/07\/Flyer-768x768.jpg 768w, https:\/\/entrenotasyacordes.com\/wp-content\/uploads\/2024\/07\/Flyer-50x50.jpg 50w\" sizes=\"auto, (max-width: 1080px) 100vw, 1080px\" \/><\/figure>\n<\/div>\n\n\n<p>Hoy, la\u00a0<em>\u00abnueva voz del Pop Latino\u00bb\u00a0<\/em>sorprendi\u00f3 a su comunidad Nuestro Refugio al anunciar fechas y paradas adicionales para su primera gira \u2018<strong><em>Metamorfosis Tour<\/em><\/strong>\u2019 que arranca en M\u00e9xico este\u00a0<strong>10 de julio. En Argentina se presentar\u00e1 en Buenos Aires el martes 8 de octubre en el Teatro Brodway.<\/strong><\/p>\n\n\n\n<p>Este mes, la cantautora colombiana anunci\u00f3 que su\u00a0<em>Metamorfosis Tour<\/em>\u00a0visitar\u00e1\u00a0<strong>Ciudad de M\u00e9xico, Guadalajara, Quer\u00e9taro<\/strong>\u00a0y\u00a0<strong>Monterrey<\/strong>\u00a0en M\u00e9xico para seguir por Colombia, Per\u00fa, Chile y Argentina. Recientemente anunci\u00f3 que llevar\u00e1 sus mejores \u00e9xitos,\u00a0<strong><em>\u201c\u00bfPor Qu\u00e9 No Me Fui Antes?\u201d, \u201c\u00bfY Si Eras T\u00fa?\u201d<\/em><\/strong>\u00a0Y\u00a0<strong><em>\u201c\u00bfC\u00f3mo Pas\u00f3?\u201d<\/em><\/strong>, la cual cuenta con\u00a0<strong>certificaci\u00f3n de oro de la RIAA en EE. UU<\/strong>\u00a0y actualmente tiene m\u00e1s de\u00a0<strong>140 millones de reproducciones combinadas<\/strong>, a<strong>\u00a0Colombia, Per\u00fa, Chile (<\/strong>d\u00f3nde\u00a0<em>\u00ab\u00bfC\u00f3mo Pas\u00f3?\u00bb<\/em>, alcanz\u00f3 el Top 5 en la radio)y<strong>\u00a0Argentina.<\/strong><\/p>\n\n\n\n<p>Venta de tickets comienza\u00a0<strong>hoy, 4 de julio a las 11:11 am<\/strong>\u00a0(hora local de Argentina) a trav\u00e9s de\u00a0Ticketeck<\/p>\n\n\n\n<p class=\"has-text-align-center\"><a href=\"https:\/\/us.umusic-online.com\/c\/AQimlA4Q6t0gGILm21cg_IPACLY80LUzSVseKoHckTjV_s8eWLNrIW3NzKlXyiQjzYfU\"><strong>&#8216;METAMORFOSIS TOUR\u2019<\/strong><\/a><\/p>\n\n\n\n<p class=\"has-text-align-center\">10 DE JULIO &#8211; FORO INDIE ROCKS!\u00a0| CDMX, MX\u00a0<strong>[SOLD OUT]<\/strong><br>11 DE JULIO &#8211; C3 STAGE | GUADALAJARA, MX<br>13 DE JULIO &#8211; SALA ARPA | QUER\u00c9TARO, MX<br>14 DE JULIO &#8211; FORO DIDI | MONTERREY, MX<br>28 DE SEPTIEMBRE &#8211; ASTOR PLAZA| BOGOTA, COL<br>3 DE OCTUBRE &#8211; CENTRO DE CONVENCIONES | LIMA, PE<br>6 DE OCTUBRE &#8211; CLUB CHOCOLATE | SANTIAGO, CH<br>8 DE OCTUBRE &#8211; TEATRO BROADWAY | BUENOS AIRES, ARG<\/p>\n\n\n\n<p>As\u00ed mismo, este mes Ela tambi\u00e9n recibi\u00f3 su primera nominaci\u00f3n a\u00a0<strong>Premios Juventud<\/strong>\u00a0por &#8216;<strong><em>La Nueva Generaci\u00f3n &#8211; Femenina<\/em><\/strong>&#8216;. Con esta reciente nominaci\u00f3n, Ela contin\u00faa ganando m\u00e1s elogios en su carrera musical destacando su talento, voz y empoderamiento femenino en el g\u00e9nero\u00a0<em>Pop Latino.<\/em><\/p>\n\n\n<div class=\"wp-block-image\">\n<figure class=\"aligncenter size-full is-resized\"><img loading=\"lazy\" decoding=\"async\" width=\"542\" height=\"1024\" src=\"https:\/\/entrenotasyacordes.com\/wp-content\/uploads\/2024\/07\/image.webp\" alt=\"La imagen tiene un atributo ALT vac\u00edo; su nombre de archivo es 1rrr-542x1024.webp\" class=\"wp-image-9419\" style=\"width:542px;height:auto\" srcset=\"https:\/\/entrenotasyacordes.com\/wp-content\/uploads\/2024\/07\/image.webp 542w, https:\/\/entrenotasyacordes.com\/wp-content\/uploads\/2024\/07\/image-159x300.webp 159w\" sizes=\"auto, (max-width: 542px) 100vw, 542px\" \/><\/figure>\n<\/div>\n\n\n<p>La entrega de Premios Juventud 2024 se llevar\u00e1 a cabo en\u00a0<strong>San Juan, Puerto Rico<\/strong>\u00a0en el\u00a0<strong>Coliseo de Puerto Rico Jos\u00e9 Miguel Agrelot\u00a0<\/strong>el\u00a0<strong>jueves, 25 de julio<\/strong>\u00a0y se transmitir\u00e1 en vivo por\u00a0<strong>Univision a las 8:00 p.m. EST<\/strong>\u00a0y\u00a0<strong>7:00 p.m. CT.<\/strong><\/p>\n\n\n\n<p>A partir de hoy y hasta el lunes 8 de julio, los fans pueden votar por Ela como &#8216;<em>La<\/em>\u00a0<em>Nueva Generaci\u00f3n Femenina&#8217;<\/em>\u00a0en\u00a0<a href=\"http:\/\/www.premiosjuventud.com\/vota\" target=\"_blank\" rel=\"noreferrer noopener\">www.premiosjuventud.com\/vota<\/a>?<\/p>\n","protected":false},"excerpt":{"rendered":"","protected":false},"author":5,"featured_media":9418,"comment_status":"open","ping_status":"open","sticky":false,"template":"","format":"standard","meta":{"om_disable_all_campaigns":false,"_uf_show_specific_survey":0,"_uf_disable_surveys":false,"footnotes":""},"categories":[36],"tags":[],"class_list":["post-9417","post","type-post","status-publish","format-standard","has-post-thumbnail","hentry","category-conciertos"],"_links":{"self":[{"href":"https:\/\/entrenotasyacordes.com\/index.php?rest_route=\/wp\/v2\/posts\/9417","targetHints":{"allow":["GET"]}}],"collection":[{"href":"https:\/\/entrenotasyacordes.com\/index.php?rest_route=\/wp\/v2\/posts"}],"about":[{"href":"https:\/\/entrenotasyacordes.com\/index.php?rest_route=\/wp\/v2\/types\/post"}],"author":[{"embeddable":true,"href":"https:\/\/entrenotasyacordes.com\/index.php?rest_route=\/wp\/v2\/users\/5"}],"replies":[{"embeddable":true,"href":"https:\/\/entrenotasyacordes.com\/index.php?rest_route=%2Fwp%2Fv2%2Fcomments&post=9417"}],"version-history":[{"count":1,"href":"https:\/\/entrenotasyacordes.com\/index.php?rest_route=\/wp\/v2\/posts\/9417\/revisions"}],"predecessor-version":[{"id":9420,"href":"https:\/\/entrenotasyacordes.com\/index.php?rest_route=\/wp\/v2\/posts\/9417\/revisions\/9420"}],"wp:featuredmedia":[{"embeddable":true,"href":"https:\/\/entrenotasyacordes.com\/index.php?rest_route=\/wp\/v2\/media\/9418"}],"wp:attachment":[{"href":"https:\/\/entrenotasyacordes.com\/index.php?rest_route=%2Fwp%2Fv2%2Fmedia&parent=9417"}],"wp:term":[{"taxonomy":"category","embeddable":true,"href":"https:\/\/entrenotasyacordes.com\/index.php?rest_route=%2Fwp%2Fv2%2Fcategories&post=9417"},{"taxonomy":"post_tag","embeddable":true,"href":"https:\/\/entrenotasyacordes.com\/index.php?rest_route=%2Fwp%2Fv2%2Ftags&post=9417"}],"curies":[{"name":"wp","href":"https:\/\/api.w.org\/{rel}","templated":true}]}}