{"id":9421,"date":"2024-07-04T18:02:46","date_gmt":"2024-07-04T18:02:46","guid":{"rendered":"https:\/\/entrenotasyacordes.com\/?p=9421"},"modified":"2024-07-04T18:02:47","modified_gmt":"2024-07-04T18:02:47","slug":"estreno-la-ruptura-una-pelicula-de-marina-glezer-viernes-5-de-julio-a-las-2000hrs-en-el-cine-gaumont","status":"publish","type":"post","link":"https:\/\/entrenotasyacordes.com\/?p=9421","title":{"rendered":"ESTRENO \u00abLa ruptura\u00bb, una pel\u00edcula de Marina Glezer : Viernes 5 de julio\u00a0a las 20:00hrs en el Cine Gaumont"},"content":{"rendered":"\n<p class=\"has-text-align-center\"><strong>EL VIERNES 5\u00a0DE JULIO A LAS 20\u00a0HS\u00a0EN CINE GAUMONT\u00a0 se realizar\u00e1\u00a0la funci\u00f3n especial\u00a0estreno de \u00abLa Ruptura\u00bb con la presencia de su directora, Marina Glezer, y su protagonista, la actriz uruguaya Catalina Silva Bachino.<br>Entre los invitados confirmados est\u00e1n: Graciela Borges, Germ\u00e1n Palacios, Victor Hugo Morales, Mariano Recalde, Carlos Santamar\u00eda, Vando Villamil y Magui Bravi.\u00a0<\/strong><\/p>\n\n\n<div class=\"wp-block-image\">\n<figure class=\"aligncenter size-full is-resized\"><img loading=\"lazy\" decoding=\"async\" width=\"1792\" height=\"2560\" src=\"https:\/\/entrenotasyacordes.com\/wp-content\/uploads\/2024\/06\/2j-scaled.jpg\" alt=\"\" class=\"wp-image-8751\" style=\"width:626px;height:auto\" srcset=\"https:\/\/entrenotasyacordes.com\/wp-content\/uploads\/2024\/06\/2j-scaled.jpg 1792w, https:\/\/entrenotasyacordes.com\/wp-content\/uploads\/2024\/06\/2j-210x300.jpg 210w, https:\/\/entrenotasyacordes.com\/wp-content\/uploads\/2024\/06\/2j-717x1024.jpg 717w, https:\/\/entrenotasyacordes.com\/wp-content\/uploads\/2024\/06\/2j-768x1097.jpg 768w, https:\/\/entrenotasyacordes.com\/wp-content\/uploads\/2024\/06\/2j-1075x1536.jpg 1075w, https:\/\/entrenotasyacordes.com\/wp-content\/uploads\/2024\/06\/2j-1434x2048.jpg 1434w, https:\/\/entrenotasyacordes.com\/wp-content\/uploads\/2024\/06\/2j-1024x1463.jpg 1024w\" sizes=\"auto, (max-width: 1792px) 100vw, 1792px\" \/><\/figure>\n<\/div>\n\n\n<figure class=\"wp-block-embed is-type-video is-provider-youtube wp-block-embed-youtube wp-embed-aspect-16-9 wp-has-aspect-ratio\"><div class=\"wp-block-embed__wrapper\">\n<div class=\"epyt-video-wrapper\"><iframe loading=\"lazy\"  id=\"_ytid_84269\"  width=\"640\" height=\"360\"  data-origwidth=\"640\" data-origheight=\"360\" src=\"https:\/\/www.youtube.com\/embed\/E46sj45SyLI?enablejsapi=1&#038;autoplay=0&#038;cc_load_policy=0&#038;cc_lang_pref=&#038;iv_load_policy=1&#038;loop=0&#038;rel=1&#038;fs=1&#038;playsinline=0&#038;autohide=2&#038;theme=dark&#038;color=white&#038;controls=1&#038;\" class=\"__youtube_prefs__  epyt-is-override  no-lazyload\" data-vol=\"50\"  title=\"YouTube player\"  allow=\"fullscreen; accelerometer; autoplay; clipboard-write; encrypted-media; gyroscope; picture-in-picture; web-share\" referrerpolicy=\"strict-origin-when-cross-origin\" allowfullscreen data-no-lazy=\"1\" data-skipgform_ajax_framebjll=\"\"><\/iframe><\/div>\n<\/div><\/figure>\n\n\n\n<p><strong>S I N O P S I S<\/strong><\/p>\n\n\n\n<p>Julia protagoniza, junto a Pablo, esta historia de dudas y conflicto que acarrea el decir adi\u00f3s a una relaci\u00f3n de manera unilateral. Una relaci\u00f3n y un pueblo, que se han constituido y construido en base al amor, y hoy por hoy tambi\u00e9n a la Julia que decide irse definitivamente.&nbsp;<\/p>\n\n\n\n<p><br>El pueblo costero est\u00e1 en manifestaci\u00f3n y organizaci\u00f3n permanente contra aquellos negocios que quieren comercializar la vida y la vivienda.<\/p>\n\n\n\n<p><br>Debido a la protesta, no entran ni salen camiones, pero cuando Julia encuentra el modo de irse, salta hacia la arena y vuelve a Pablo. \u00bfEs el apego el que no le permite avanzar?<\/p>\n\n\n\n<p><br>En la homologaci\u00f3n de La Ruptura amorosa y edilicia, Julia se vuelve art\u00edfice de su destino, y depone en el ego en pos de una nueva relaci\u00f3n.<\/p>\n\n\n<div class=\"wp-block-image\">\n<figure class=\"aligncenter size-large\"><img loading=\"lazy\" decoding=\"async\" width=\"1024\" height=\"538\" src=\"https:\/\/entrenotasyacordes.com\/wp-content\/uploads\/2024\/06\/2jj-1-1024x538.png\" alt=\"\" class=\"wp-image-8752\" srcset=\"https:\/\/entrenotasyacordes.com\/wp-content\/uploads\/2024\/06\/2jj-1-1024x538.png 1024w, https:\/\/entrenotasyacordes.com\/wp-content\/uploads\/2024\/06\/2jj-1-300x158.png 300w, https:\/\/entrenotasyacordes.com\/wp-content\/uploads\/2024\/06\/2jj-1-768x403.png 768w, https:\/\/entrenotasyacordes.com\/wp-content\/uploads\/2024\/06\/2jj-1.png 1440w\" sizes=\"auto, (max-width: 1024px) 100vw, 1024px\" \/><\/figure>\n<\/div>\n\n\n<p><strong>E L E N C O<\/strong><\/p>\n\n\n\n<p>Alfonso Tort, Catalina Silva, Adriana Ferrer, Sergio Gorfain.<\/p>\n\n\n\n<figure class=\"wp-block-image size-large\"><img loading=\"lazy\" decoding=\"async\" width=\"1024\" height=\"527\" src=\"https:\/\/entrenotasyacordes.com\/wp-content\/uploads\/2024\/06\/2jjj-1024x527.png\" alt=\"\" class=\"wp-image-8753\" srcset=\"https:\/\/entrenotasyacordes.com\/wp-content\/uploads\/2024\/06\/2jjj-1024x527.png 1024w, https:\/\/entrenotasyacordes.com\/wp-content\/uploads\/2024\/06\/2jjj-300x154.png 300w, https:\/\/entrenotasyacordes.com\/wp-content\/uploads\/2024\/06\/2jjj-768x395.png 768w, https:\/\/entrenotasyacordes.com\/wp-content\/uploads\/2024\/06\/2jjj.png 1440w\" sizes=\"auto, (max-width: 1024px) 100vw, 1024px\" \/><\/figure>\n\n\n\n<p><strong>E Q U I P O&nbsp; &nbsp;T \u00c9 C N I C O<\/strong><br>NADADOR CINE y HABITACI\u00d3N 1520 PRODUCCIONES&nbsp; Presentan:<\/p>\n\n\n\n<p>Escrita y dirigida por MARINA GLEZER<br>Director de Fotograf\u00eda: ARAUCO HERNANDEZ HOLZ&nbsp;<br>Director de Arte: ALEJANDRO CASTIGLIONI&nbsp;<br>Jefe de Locaciones: GERMAN ORMAECHEA&nbsp;<br>Jefe de producci\u00f3n: DIEGO PEREZ BARREIRO&nbsp;<br>Asistente de direcci\u00f3n por Uruguay: MATIAS \u201cLUCHO\u201d VIERA&nbsp;<br>Asistente de direcci\u00f3n por Argentina: SONIA STIGLIANO&nbsp;<br>Caracterizaci\u00f3n: SOFIA SELLANES&nbsp;<br>Vestuario: MARIANA DOSIL&nbsp;<br>Sonido directo: MARIA BARRENECHE&nbsp;<br>Direcci\u00f3n de sonido: FEDERICO MOREIRA&nbsp;<br>Montaje: JOSEFINA LLOBET (SAE), NOELIA COUTO (EDA)&nbsp;<br>M\u00fasica: NICOLAS IBARBURU&nbsp;<br>Productores ejecutivos: PEDRO BARCIA, JUAN JOSE LOPEZ,<br>MIRANDA DE S\u00c1 SOUZA, MAXI DUBOIS, GERMAN ORMAECHEA&nbsp;<br>Productores: PEDRO BARCIA, JUAN JOS\u00c9 LOPEZ, GERMAN ORMAECHEA, MARINA GLEZER, MIRANDA DE S\u00c1 SOUZA, IGNACIO BOLLINI,<br>MAXI DUBOIS<\/p>\n\n\n\n<p>Distribuye:<br>BELLASOMBRA FILMS<\/p>\n\n\n\n<p><strong>D A T O S &nbsp; &nbsp;T \u00c9 C N I C O S<\/strong><\/p>\n\n\n\n<p>Duraci\u00f3n: 78&nbsp;minutos<br>Argentina &#8211; Uruguay<br>A\u00f1o: 2024<\/p>\n\n\n<div class=\"wp-block-image\">\n<figure class=\"aligncenter size-large\"><img loading=\"lazy\" decoding=\"async\" width=\"1024\" height=\"534\" src=\"https:\/\/entrenotasyacordes.com\/wp-content\/uploads\/2024\/06\/2jjjj-1-1024x534.png\" alt=\"\" class=\"wp-image-8754\" srcset=\"https:\/\/entrenotasyacordes.com\/wp-content\/uploads\/2024\/06\/2jjjj-1-1024x534.png 1024w, https:\/\/entrenotasyacordes.com\/wp-content\/uploads\/2024\/06\/2jjjj-1-300x156.png 300w, https:\/\/entrenotasyacordes.com\/wp-content\/uploads\/2024\/06\/2jjjj-1-768x401.png 768w, https:\/\/entrenotasyacordes.com\/wp-content\/uploads\/2024\/06\/2jjjj-1.png 1440w\" sizes=\"auto, (max-width: 1024px) 100vw, 1024px\" \/><\/figure>\n<\/div>\n\n\n<p><strong><strong>B I O &nbsp; D E &nbsp; L A&nbsp; &nbsp;D I R E C T O R A<\/strong><\/strong><\/p>\n\n\n<div class=\"wp-block-image\">\n<figure class=\"aligncenter size-full\"><img loading=\"lazy\" decoding=\"async\" width=\"697\" height=\"901\" src=\"https:\/\/entrenotasyacordes.com\/wp-content\/uploads\/2024\/06\/2jjjjjj.jpeg\" alt=\"\" class=\"wp-image-8755\" srcset=\"https:\/\/entrenotasyacordes.com\/wp-content\/uploads\/2024\/06\/2jjjjjj.jpeg 697w, https:\/\/entrenotasyacordes.com\/wp-content\/uploads\/2024\/06\/2jjjjjj-232x300.jpeg 232w\" sizes=\"auto, (max-width: 697px) 100vw, 697px\" \/><\/figure>\n<\/div>\n\n\n<p>Marina Glezer es actriz, guionista y directora de nacionalidad brasile\u00f1a \/ argentina.&nbsp;En la actuaci\u00f3n se form\u00f3 con Norman Briski, Augusto Fern\u00e1ndez, Mat\u00edas Feldman y Nora Moseinco. Debuta como actriz en 1998 como protagonista de un largometraje blanco&nbsp;y negro en 16mm. En 2003 interpreta a La Pelu, en la pel\u00edcula \u201cEl Polaquito\u201d.<\/p>\n\n\n\n<p><br>En la escritura se form\u00f3 con Santiago Loza, Mauricio Kartun, Romina Paula, Marta Betoldi, Pablo Ramos, Walter Jakob y Agustin Mendhilarzu.<\/p>\n\n\n\n<p><br>\u201cGabriela e Ismael\u201d, su primer cortometraje, particip\u00f3 en UNCIPAR, Bogot\u00e1 Shorts Films y fue vendido a cuatro pa\u00edses (Holanda, Venezuela, Paraguay y Uruguay). \u201cBerta y las menores\u201d, su segundo cortometraje,&nbsp;gan\u00f3 UNCIPAR, particip\u00f3 en la Competencia oficial del Festival Tres Fronteras y estuvo en el Festival de Cine Internacional de Mar del Plata 2016.<\/p>\n\n\n\n<p><br>En 2018 dirige su primera obra de teatro: \u201cSal\u00f3n De Belleza\u201d que obtuvo el premio del Fondo Nacional de las Artes y apoyo de PROTeatro. A su vez, escribe y dirige su tercer cortometraje: \u00abEl se\u00f1or del tiempo\u00bb, producida por Magma Cine y gana&nbsp;el&nbsp;Concurso Blood Window del INCAA.<\/p>\n\n\n\n<p><br>En el 2018 realiza \u00abMujer Animal\u00bb, su cuarto cortometraje, con la direcci\u00f3n de fotograf\u00eda de Rui Po\u00e7as y en coproducci\u00f3n con Oriental Features, Uruguay.<\/p>\n\n\n\n<p><br>Los cuatro cortometrajes fueron elegidos en el SHORT FILM CORNER DE CANNES y se encuentran disponibles en Cine.ar<\/p>\n\n\n\n<p><br>\u201cLa ruptura\u201d, es su primer largometraje.<\/p>\n\n\n<div class=\"wp-block-image\">\n<figure class=\"aligncenter size-full\"><img loading=\"lazy\" decoding=\"async\" width=\"829\" height=\"419\" src=\"https:\/\/entrenotasyacordes.com\/wp-content\/uploads\/2024\/06\/2jjjjjjj.jpeg\" alt=\"\" class=\"wp-image-8756\" srcset=\"https:\/\/entrenotasyacordes.com\/wp-content\/uploads\/2024\/06\/2jjjjjjj.jpeg 829w, https:\/\/entrenotasyacordes.com\/wp-content\/uploads\/2024\/06\/2jjjjjjj-300x152.jpeg 300w, https:\/\/entrenotasyacordes.com\/wp-content\/uploads\/2024\/06\/2jjjjjjj-768x388.jpeg 768w\" sizes=\"auto, (max-width: 829px) 100vw, 829px\" \/><\/figure>\n<\/div>\n\n\n<p><strong>N O T A S &nbsp;&nbsp;D E &nbsp; L A &nbsp; D I R E C T O R A<\/strong><\/p>\n\n\n\n<p>\u00abLa motivaci\u00f3n de escribir LA RUPTURA, tiene que ver con la sorpresa y la voluntad de narrar un largometraje, luego de dirigir y escribir cuatro cortometrajes. Y el paso por la experiencia actoral y la posibilidad de una propia perspectiva.<br>Un largometraje necesario, porque necesitaba contar el amor de una pareja que se rompe en un contexto de demolici\u00f3n y transformaci\u00f3n del lugar que los aloja, que es un pueblo tur\u00edstico que se ve afectado por la intenci\u00f3n de la gentrificaci\u00f3n.<br><br>Un nuevo plan de manejo del Parque Nacional tiene como fin barrer la cultura patrimonial del pueblo turistico para transformar en un plazo de veinte a\u00f1os, el para\u00edso salvaje y natural, en un sitio tur\u00edstico de lujo y de exclusividad de concepci\u00f3n extractivista.<br>En mil novecientos noventa y cinco demolieron todas las casas de la playa sur, alegando una defensa del ecosistema de dunas m\u00f3viles con la peripecia de la protecci\u00f3n ambiental intereses espurios y corporativos se infiltran en la comunidad del pueblo de pescadores.<br><br>Tal es asi, que la ruptura amorosa entre Julia y Pablo es una metafora de lo individual hacia lo colectivo. \u00bfPuede el amor tener una concepci\u00f3n protectora y promotora? \u00bfO solo queremos por querer?<br><br>Ahora y en un futuro cercano, quieren demoler veintis\u00e9is casas del camino rocoso. Para, finalmente, desarmar el m\u00edtico pueblo costero.<br><br>La ruptura habla de amor en tiempos de neoliberalismo, el todo por las partes. La ruptura es necesaria para la homologaci\u00f3n entre un pueblo que se une y se protege con un amor que se disuelve por fuera del deseo de tener, si no simplemente de estar. Y no encuentra Julia mayor libertad que siendo, dudando, volviendo. Desarrollar, filmar e inmortalizar el salvaje escenario, una osada primera vez, en donde la rusticidad y la independencia prevalecen en un relato crudo y singular, para que la humanidad sepa que se protege cuando no se vende y que el amor es garante de cualquier construcci\u00f3n posible\u00bb.&nbsp;<\/p>\n\n\n\n<p class=\"has-text-align-right\"><em><strong>MARINA GLEZER<\/strong><\/em><\/p>\n\n\n<div class=\"wp-block-image\">\n<figure class=\"aligncenter size-full\"><img loading=\"lazy\" decoding=\"async\" width=\"1440\" height=\"757\" src=\"https:\/\/entrenotasyacordes.com\/wp-content\/uploads\/2024\/06\/2jjjjjjjj-1.png\" alt=\"\" class=\"wp-image-8758\" srcset=\"https:\/\/entrenotasyacordes.com\/wp-content\/uploads\/2024\/06\/2jjjjjjjj-1.png 1440w, https:\/\/entrenotasyacordes.com\/wp-content\/uploads\/2024\/06\/2jjjjjjjj-1-300x158.png 300w, https:\/\/entrenotasyacordes.com\/wp-content\/uploads\/2024\/06\/2jjjjjjjj-1-1024x538.png 1024w, https:\/\/entrenotasyacordes.com\/wp-content\/uploads\/2024\/06\/2jjjjjjjj-1-768x404.png 768w, https:\/\/entrenotasyacordes.com\/wp-content\/uploads\/2024\/06\/2jjjjjjjj-1-720x380.png 720w\" sizes=\"auto, (max-width: 1440px) 100vw, 1440px\" \/><\/figure>\n<\/div>\n\n<div class=\"wp-block-image\">\n<figure class=\"aligncenter size-full\"><img loading=\"lazy\" decoding=\"async\" width=\"1440\" height=\"756\" src=\"https:\/\/entrenotasyacordes.com\/wp-content\/uploads\/2024\/06\/2jjjjjjjjj.png\" alt=\"\" class=\"wp-image-8759\" srcset=\"https:\/\/entrenotasyacordes.com\/wp-content\/uploads\/2024\/06\/2jjjjjjjjj.png 1440w, https:\/\/entrenotasyacordes.com\/wp-content\/uploads\/2024\/06\/2jjjjjjjjj-300x158.png 300w, https:\/\/entrenotasyacordes.com\/wp-content\/uploads\/2024\/06\/2jjjjjjjjj-1024x538.png 1024w, https:\/\/entrenotasyacordes.com\/wp-content\/uploads\/2024\/06\/2jjjjjjjjj-768x403.png 768w\" sizes=\"auto, (max-width: 1440px) 100vw, 1440px\" \/><\/figure>\n<\/div>\n\n\n<p><strong>S O B R E &nbsp; L A S &nbsp; C A S A S &nbsp; P R O D U C T O R A S<\/strong><\/p>\n\n\n\n<p><strong>HABITACI\u00d3N 1520<\/strong>&nbsp;<\/p>\n\n\n\n<p>Somos una compa\u00f1\u00eda productora de contenidos audiovisuales que hace 20 a\u00f1os nos dedicamos a la realizaci\u00f3n integral de pel\u00edculas de ficci\u00f3n, documentales y series de televisi\u00f3n. Nuestras pel\u00edculas han representado a la Argentina en los Premios Oscar (EE.UU.) y en los Premios Goya (Espa\u00f1a). Hemos participado en la Competencia Oficial de importantes Festivales Internacionales como Cannes, San Sebasti\u00e1n y Abu Dhabi entre otros. Pel\u00edculas como Infancia Clandestina de Benjam\u00edn \u00c1vila han sido estrenadas en m\u00e1s de 25 pa\u00edses. Hemos obtenidos muchos reconocimientos por nuestros trabajos por su calidad t\u00e9cnico-art\u00edstico, como el Premio a la Mejor Pel\u00edcula en los Festivales de Guadalajara, Toulouse, Huelva, San Juan, San Sebasti\u00e1n, La Habana, Triste, Pamplona, Taormina, Buenos Aires (BAFICI), entre otros reconocimientos. Gilda, no me arrepiento de este amor de Lorena Mu\u00f1oz fue \u00e9xito de cr\u00edtica y taquilla con alrededor de un mill\u00f3n de espectadores en Argentina y multipremiada en los&nbsp;Premios Sur (Academia de cine de Argentina) y los Premios C\u00f3ndor (Asociaci\u00f3n de Cronistas del Espect\u00e1culo de Argentina).<\/p>\n\n\n\n<p><strong>NADADOR CINE<\/strong><\/p>\n\n\n\n<p>Es una productora creada por Pedro Barcia y Juan Jos\u00e9 L\u00f3pez . Su \u00faltima producci\u00f3n estrenada, El Empleado y El Patr\u00f3n (M.Nieto 2020) protagonizada por Nahuel Perez Bizcayart y Justina Bustos, se present\u00f3 en Cannes y ha sido seleccionada por Uruguay para representar al pa\u00eds en los premios Oscars2022. Entre sus \u00faltimos proyectos se encuentran<br>La Muerte de un Perro (2019, M.Ganz) Protagonizada por Guillermo Arengo, ganadora del Gran Premio del Jurado en la competici\u00f3n de nuevos directores en Nashville.<br>Belmonte (2018, F.Veiroj) Protagonizada por Gonzalo Delgado, ganadora en el Festival de Mar del Plata Mejor Gui\u00f3n. Disponible en Netflix. La serie Todos detr\u00e1s de Momo (2019, P. Stoll A. Biniez) Protagonizada por Nestor Guzzini Ganadora en los premios TAL como mejor serie latinoamericana. Dentro de sus futuros proyectos a estrenarse se encuentan los largometrajes El Aroma del Pasto Recien Cortado de Celina Murga con producci\u00f3n Ejectuvia de Martin Scorsesse, El Casero de Matias Luchessi y La Ruptura de Marina Glezer.<\/p>\n\n\n<div class=\"wp-block-image\">\n<figure class=\"aligncenter size-large\"><img loading=\"lazy\" decoding=\"async\" width=\"1024\" height=\"535\" src=\"https:\/\/entrenotasyacordes.com\/wp-content\/uploads\/2024\/06\/2jjjjjjjjjj-1024x535.png\" alt=\"\" class=\"wp-image-8760\" srcset=\"https:\/\/entrenotasyacordes.com\/wp-content\/uploads\/2024\/06\/2jjjjjjjjjj-1024x535.png 1024w, https:\/\/entrenotasyacordes.com\/wp-content\/uploads\/2024\/06\/2jjjjjjjjjj-300x157.png 300w, https:\/\/entrenotasyacordes.com\/wp-content\/uploads\/2024\/06\/2jjjjjjjjjj-768x402.png 768w, https:\/\/entrenotasyacordes.com\/wp-content\/uploads\/2024\/06\/2jjjjjjjjjj.png 1440w\" sizes=\"auto, (max-width: 1024px) 100vw, 1024px\" \/><\/figure>\n<\/div>","protected":false},"excerpt":{"rendered":"<p>EL VIERNES 5\u00a0DE JULIO A LAS 20\u00a0HS\u00a0EN CINE GAUMONT\u00a0 se realizar\u00e1\u00a0la funci\u00f3n especial\u00a0estreno de \u00abLa<\/p>\n","protected":false},"author":5,"featured_media":8751,"comment_status":"open","ping_status":"open","sticky":false,"template":"","format":"standard","meta":{"om_disable_all_campaigns":false,"_uf_show_specific_survey":0,"_uf_disable_surveys":false,"footnotes":""},"categories":[9],"tags":[],"class_list":["post-9421","post","type-post","status-publish","format-standard","has-post-thumbnail","hentry","category-cine-y-teatro"],"_links":{"self":[{"href":"https:\/\/entrenotasyacordes.com\/index.php?rest_route=\/wp\/v2\/posts\/9421","targetHints":{"allow":["GET"]}}],"collection":[{"href":"https:\/\/entrenotasyacordes.com\/index.php?rest_route=\/wp\/v2\/posts"}],"about":[{"href":"https:\/\/entrenotasyacordes.com\/index.php?rest_route=\/wp\/v2\/types\/post"}],"author":[{"embeddable":true,"href":"https:\/\/entrenotasyacordes.com\/index.php?rest_route=\/wp\/v2\/users\/5"}],"replies":[{"embeddable":true,"href":"https:\/\/entrenotasyacordes.com\/index.php?rest_route=%2Fwp%2Fv2%2Fcomments&post=9421"}],"version-history":[{"count":1,"href":"https:\/\/entrenotasyacordes.com\/index.php?rest_route=\/wp\/v2\/posts\/9421\/revisions"}],"predecessor-version":[{"id":9422,"href":"https:\/\/entrenotasyacordes.com\/index.php?rest_route=\/wp\/v2\/posts\/9421\/revisions\/9422"}],"wp:featuredmedia":[{"embeddable":true,"href":"https:\/\/entrenotasyacordes.com\/index.php?rest_route=\/wp\/v2\/media\/8751"}],"wp:attachment":[{"href":"https:\/\/entrenotasyacordes.com\/index.php?rest_route=%2Fwp%2Fv2%2Fmedia&parent=9421"}],"wp:term":[{"taxonomy":"category","embeddable":true,"href":"https:\/\/entrenotasyacordes.com\/index.php?rest_route=%2Fwp%2Fv2%2Fcategories&post=9421"},{"taxonomy":"post_tag","embeddable":true,"href":"https:\/\/entrenotasyacordes.com\/index.php?rest_route=%2Fwp%2Fv2%2Ftags&post=9421"}],"curies":[{"name":"wp","href":"https:\/\/api.w.org\/{rel}","templated":true}]}}