{"id":9423,"date":"2024-07-04T18:10:57","date_gmt":"2024-07-04T18:10:57","guid":{"rendered":"https:\/\/entrenotasyacordes.com\/?p=9423"},"modified":"2024-07-04T18:10:59","modified_gmt":"2024-07-04T18:10:59","slug":"el-festival-vivimos-musica-anuncio-su-grilla-28-de-septiembre-estadio-mary-teran-de-weiss-parque-roca","status":"publish","type":"post","link":"https:\/\/entrenotasyacordes.com\/?p=9423","title":{"rendered":"EL FESTIVAL \u00abVIVIMOS M\u00daSICA\u00bb ANUNCI\u00d3 SU GRILLA | 28 de septiembre, Estadio Mary Ter\u00e1n de Weiss (Parque Roca)"},"content":{"rendered":"\n<!--more-->\n\n\n<div class=\"wp-block-image\">\n<figure class=\"aligncenter size-full is-resized\"><img loading=\"lazy\" decoding=\"async\" width=\"932\" height=\"1165\" src=\"https:\/\/entrenotasyacordes.com\/wp-content\/uploads\/2024\/07\/4a.jpg\" alt=\"\" class=\"wp-image-9424\" style=\"width:607px;height:auto\" srcset=\"https:\/\/entrenotasyacordes.com\/wp-content\/uploads\/2024\/07\/4a.jpg 932w, https:\/\/entrenotasyacordes.com\/wp-content\/uploads\/2024\/07\/4a-240x300.jpg 240w, https:\/\/entrenotasyacordes.com\/wp-content\/uploads\/2024\/07\/4a-819x1024.jpg 819w, https:\/\/entrenotasyacordes.com\/wp-content\/uploads\/2024\/07\/4a-768x960.jpg 768w\" sizes=\"auto, (max-width: 932px) 100vw, 932px\" \/><\/figure>\n<\/div>\n\n\n<p><strong>EL 28 DE SEPTIEMBRE PREPARATE PARA VIVIR EL UNICO FESTIVAL DEDICADO 100% A LA CULTURA ROCK DE ARGENTINA<\/strong><\/p>\n\n\n\n<p>ROCK &amp; ROLL \u2013 REGGAE \u2013 SKA \u2013 HARD ROCK \u2013 PUNK \u2013 NU METAL \u2013 HARDCORE<\/p>\n\n\n\n<p>ARTISTAS DE TODOS LOS ESTILOS, CLASICOS DE NUESTRA MUSICA Y NUEVOS EXPONENTES , SE UNEN PARA DISFRUTAR DE LA PRIMERA EDICION DE ESTE FESTIVAL.<\/p>\n\n\n\n<p><strong>La cita ser\u00e1 el 28 de septiembre en el \u201cESTADIO MARY TER\u00c1N DE WEISS\u201d (Ex Estadio Parque Roca), ubicado en\u00a0<\/strong> <strong>Av. General Roca 3490 de la Ciudad de Buenos Aires.<\/strong><\/p>\n\n\n\n<p>Dos escenarios, 22 bandas, espacios gastron\u00f3micos con propuestas para todos los gustos y sabores, merchandising exclusivo, tienda de tatuajes, estacionamiento\u00a0y todo lo que necesit\u00e1s\u00a0para disfrutar de un d\u00eda a puro rock.<\/p>\n\n\n\n<p class=\"has-text-align-center\"><strong><em>GRILLA VIVIMOS M\u00daSICA 2024<\/em><\/strong><\/p>\n\n\n\n<p class=\"has-text-align-center\"><strong>CABALLEROS DE LA QUEMA \u2013 LOS PERICOS \u2013\u00a0FABIANA CANTILO \u2013 KAPANGA\u00a0\u2013 LOS CALIGARIS \u2013 SER \u2013 ARDE LA SANGRE \u2013 ASSPERA \u2013\u00a0 CIELO RAZZO<\/strong> &#8211; <strong>JAVIER CALAMARO \u2013 PLAN 4 \u2013 CABEZONES<\/strong> <strong>MAL PASAR\u00a0\u2013 LORIHEN \u2013 ROMA<\/strong> <strong>MICHEL &amp; LOS HUMANOIDES TRIBUTO A RIFF \u2013 ELNUEVEONCE \u2013 MU\u00d1EKI77A<\/strong> &#8211; <strong>WAYRA IGLESIAS \u2013 RAICES REGGAE \u2013\u00a0MICA RACCIATTI \u2013 LUCIANA SEGOVIA<\/strong><\/p>\n\n\n<div class=\"wp-block-image\">\n<figure class=\"aligncenter size-full\"><img loading=\"lazy\" decoding=\"async\" width=\"940\" height=\"448\" src=\"https:\/\/entrenotasyacordes.com\/wp-content\/uploads\/2024\/07\/1oo.jpg\" alt=\"\" class=\"wp-image-9305\" srcset=\"https:\/\/entrenotasyacordes.com\/wp-content\/uploads\/2024\/07\/1oo.jpg 940w, https:\/\/entrenotasyacordes.com\/wp-content\/uploads\/2024\/07\/1oo-300x143.jpg 300w, https:\/\/entrenotasyacordes.com\/wp-content\/uploads\/2024\/07\/1oo-768x366.jpg 768w\" sizes=\"auto, (max-width: 940px) 100vw, 940px\" \/><\/figure>\n<\/div>\n\n\n<p><em>El Estadio Mary Ter\u00e1n de Weiss (tambi\u00e9n conocido con su antiguo nombre Estadio Parque Roca) es un estadio de tenis y multiprop\u00f3sito de la Ciudad de Buenos Aires, construido dentro del Parque Polideportivo Julio Argentino Roca en la zona sur de la ciudad. Aunque fue dise\u00f1ado para la realizaci\u00f3n de diferentes tipos de actividades, fue centralmente pensado para la pr\u00e1ctica del tenis, por lo que lleva el nombre de Mary Ter\u00e1n de Weiss, la primera tenista argentina de fama internacional. Como estadio de tenis es el m\u00e1s grande de Sudam\u00e9rica. Asimismo, luego de su techado se convirti\u00f3 en el estadio cerrado o arena con mayor capacidad de Argentina y el primero de Am\u00e9rica Latina en contar con techo corredizo.<\/em><\/p>\n","protected":false},"excerpt":{"rendered":"","protected":false},"author":5,"featured_media":9424,"comment_status":"open","ping_status":"open","sticky":false,"template":"","format":"standard","meta":{"om_disable_all_campaigns":false,"_uf_show_specific_survey":0,"_uf_disable_surveys":false,"footnotes":""},"categories":[36],"tags":[],"class_list":["post-9423","post","type-post","status-publish","format-standard","has-post-thumbnail","hentry","category-conciertos"],"_links":{"self":[{"href":"https:\/\/entrenotasyacordes.com\/index.php?rest_route=\/wp\/v2\/posts\/9423","targetHints":{"allow":["GET"]}}],"collection":[{"href":"https:\/\/entrenotasyacordes.com\/index.php?rest_route=\/wp\/v2\/posts"}],"about":[{"href":"https:\/\/entrenotasyacordes.com\/index.php?rest_route=\/wp\/v2\/types\/post"}],"author":[{"embeddable":true,"href":"https:\/\/entrenotasyacordes.com\/index.php?rest_route=\/wp\/v2\/users\/5"}],"replies":[{"embeddable":true,"href":"https:\/\/entrenotasyacordes.com\/index.php?rest_route=%2Fwp%2Fv2%2Fcomments&post=9423"}],"version-history":[{"count":1,"href":"https:\/\/entrenotasyacordes.com\/index.php?rest_route=\/wp\/v2\/posts\/9423\/revisions"}],"predecessor-version":[{"id":9425,"href":"https:\/\/entrenotasyacordes.com\/index.php?rest_route=\/wp\/v2\/posts\/9423\/revisions\/9425"}],"wp:featuredmedia":[{"embeddable":true,"href":"https:\/\/entrenotasyacordes.com\/index.php?rest_route=\/wp\/v2\/media\/9424"}],"wp:attachment":[{"href":"https:\/\/entrenotasyacordes.com\/index.php?rest_route=%2Fwp%2Fv2%2Fmedia&parent=9423"}],"wp:term":[{"taxonomy":"category","embeddable":true,"href":"https:\/\/entrenotasyacordes.com\/index.php?rest_route=%2Fwp%2Fv2%2Fcategories&post=9423"},{"taxonomy":"post_tag","embeddable":true,"href":"https:\/\/entrenotasyacordes.com\/index.php?rest_route=%2Fwp%2Fv2%2Ftags&post=9423"}],"curies":[{"name":"wp","href":"https:\/\/api.w.org\/{rel}","templated":true}]}}