{"id":9426,"date":"2024-07-04T18:15:57","date_gmt":"2024-07-04T18:15:57","guid":{"rendered":"https:\/\/entrenotasyacordes.com\/?p=9426"},"modified":"2024-07-04T18:15:58","modified_gmt":"2024-07-04T18:15:58","slug":"adria-sala-cantante-de-la-banda-la-pegatina-presenta-el-primer-tema-de-su-nuevo-trabajo-discografico","status":"publish","type":"post","link":"https:\/\/entrenotasyacordes.com\/?p=9426","title":{"rendered":"Adri\u00e0 Sala, cantante de la banda La Pegatina, presenta el primer tema de su nuevo trabajo discogr\u00e1fico."},"content":{"rendered":"\n<!--more-->\n\n\n<div class=\"wp-block-image\">\n<figure class=\"aligncenter size-full is-resized\"><img loading=\"lazy\" decoding=\"async\" width=\"550\" height=\"330\" src=\"https:\/\/entrenotasyacordes.com\/wp-content\/uploads\/2024\/07\/4b.png\" alt=\"\" class=\"wp-image-9427\" style=\"width:607px;height:auto\" srcset=\"https:\/\/entrenotasyacordes.com\/wp-content\/uploads\/2024\/07\/4b.png 550w, https:\/\/entrenotasyacordes.com\/wp-content\/uploads\/2024\/07\/4b-300x180.png 300w\" sizes=\"auto, (max-width: 550px) 100vw, 550px\" \/><\/figure>\n<\/div>\n\n\n<p>Tras dos discos anteriores en solitario donde han reinado las colaboraciones (en canciones con artistas como&nbsp;<a href=\"https:\/\/sonde3.acblnk.com\/url\/ver\/669443530\/2756109\/79520c39e01c1f97c7f8c33732997f2e\" target=\"_blank\" rel=\"noreferrer noopener\">Lia Kali<\/a>,&nbsp;<a href=\"https:\/\/sonde3.acblnk.com\/url\/ver\/669443531\/2756109\/79520c39e01c1f97c7f8c33732997f2e\" target=\"_blank\" rel=\"noreferrer noopener\">Vicco<\/a>,&nbsp;<a href=\"https:\/\/sonde3.acblnk.com\/url\/ver\/669443532\/2756109\/79520c39e01c1f97c7f8c33732997f2e\" target=\"_blank\" rel=\"noreferrer noopener\">Mr.Kilombo<\/a>,&nbsp;<a href=\"https:\/\/sonde3.acblnk.com\/url\/ver\/669443533\/2756109\/79520c39e01c1f97c7f8c33732997f2e\" target=\"_blank\" rel=\"noreferrer noopener\">Colectivo Panamera<\/a>&nbsp;o&nbsp;<a href=\"https:\/\/sonde3.acblnk.com\/url\/ver\/669443534\/2756109\/79520c39e01c1f97c7f8c33732997f2e\" target=\"_blank\" rel=\"noreferrer noopener\">Paul Alone<\/a>, entre otros),&nbsp;<strong>Adri\u00e0 Salas<\/strong>, cantante y compositor&nbsp;de&nbsp;<strong>La Pegatina<\/strong>, vuelve a las andadas con nuevo material.&nbsp;<strong>\u00abAire y tierra\u00bb<\/strong>&nbsp;es el nombre del primer single de su pr\u00f3ximo trabajo en solitario en el que, por primera vez, canta sin colaboraci\u00f3n alguna.&nbsp;<\/p>\n\n\n\n<p>Aprovechando el par\u00f3n durante el 2025 en el que La Pegatina se tomar\u00e1 un tiempo para descansar, Adri\u00e0 publicar\u00e1 el que es su\u00a0<strong>tercer \u00e1lbum en solitario<\/strong>, que gira en torno a los finales de ciclo.\u00a0La portada, obra de la artista\u00a0<strong>Emily Kelley<\/strong>, representa el aire y la tierra mediante un p\u00e1jaro y un conejo que se unen creando una flor.\u00a0<\/p>\n\n\n\n<p><em>\u00abLa canci\u00f3n es una&nbsp;<strong>carta de amor<\/strong>&nbsp;a partir de la complementariedad de los elementos (aire, tierra, fuego y agua). Tambi\u00e9n se trata de llegar a una pareja despu\u00e9s de haber vivido muchas anteriores y darse cuenta de la experiencia y de lo que se busca ahora, sabiendo que la persona que est\u00e1 enfrente ha pasado por lo mismo y est\u00e1 en el mismo momento\u00bb.<\/em><\/p>\n\n\n\n<p>As\u00ed describe Adri\u00e0 su propia canci\u00f3n, que viene acompa\u00f1ada de un videoclip en el que podemos apreciar el proceso de grabaci\u00f3n del single junto a compa\u00f1eros de profesi\u00f3n como\u00a0<strong>Miki<\/strong>, guitarrista de La Pegatina.\u00a0<\/p>\n\n\n\n<figure class=\"wp-block-embed is-type-video is-provider-youtube wp-block-embed-youtube wp-embed-aspect-16-9 wp-has-aspect-ratio\"><div class=\"wp-block-embed__wrapper\">\n<div class=\"epyt-video-wrapper\"><iframe loading=\"lazy\"  id=\"_ytid_99267\"  width=\"640\" height=\"360\"  data-origwidth=\"640\" data-origheight=\"360\" src=\"https:\/\/www.youtube.com\/embed\/17w52_X95Mk?enablejsapi=1&#038;autoplay=0&#038;cc_load_policy=0&#038;cc_lang_pref=&#038;iv_load_policy=1&#038;loop=0&#038;rel=1&#038;fs=1&#038;playsinline=0&#038;autohide=2&#038;theme=dark&#038;color=white&#038;controls=1&#038;\" class=\"__youtube_prefs__  epyt-is-override  no-lazyload\" data-vol=\"50\"  title=\"YouTube player\"  allow=\"fullscreen; accelerometer; autoplay; clipboard-write; encrypted-media; gyroscope; picture-in-picture; web-share\" referrerpolicy=\"strict-origin-when-cross-origin\" allowfullscreen data-no-lazy=\"1\" data-skipgform_ajax_framebjll=\"\"><\/iframe><\/div>\n<\/div><\/figure>\n\n\n\n<p><strong>SOBRE ADRI\u00c0 SALAS<\/strong><\/p>\n\n\n\n<p>Adri\u00e0 Salas es conocido por ser el cantante y compositor de\u00a0<strong>La Pegatina<\/strong>. Sin embargo, sus creaciones van mucho m\u00e1s all\u00e1: ha compuesto temas para otros artistas como Miki Nu\u00f1ez, Vicco, Samantha o Sergio Dalma, ha publicado dos libros de poes\u00eda (\u201cSalsa\u201d y \u201cHarakiri en Aove\u201d) y ha publicado dos discos en solitario (\u201cRevancha en Bak\u00fa\u201d y \u201cEclipse en Miura\u201d) y est\u00e1 a punto de lanzar el tercero (en enero de 2025).<\/p>\n\n\n\n<p>Adri\u00e0 es licenciado en periodismo y su carrera musical abarca ya 21 a\u00f1os con casi 200 canciones y m\u00e1s de mil conciertos por todo el mundo. Ha participado tambi\u00e9n como prescriptor musical en programas de radio (\u201cEls Experts\u201d de iCat y \u201cEl Mat\u00ed de Catalunya R\u00e0dio) durante varias temporadas y ha publicado art\u00edculos sobre la industria musical en la revista Enderrock.<\/p>\n","protected":false},"excerpt":{"rendered":"","protected":false},"author":5,"featured_media":9427,"comment_status":"open","ping_status":"open","sticky":false,"template":"","format":"standard","meta":{"om_disable_all_campaigns":false,"_uf_show_specific_survey":0,"_uf_disable_surveys":false,"footnotes":""},"categories":[4],"tags":[],"class_list":["post-9426","post","type-post","status-publish","format-standard","has-post-thumbnail","hentry","category-musica"],"_links":{"self":[{"href":"https:\/\/entrenotasyacordes.com\/index.php?rest_route=\/wp\/v2\/posts\/9426","targetHints":{"allow":["GET"]}}],"collection":[{"href":"https:\/\/entrenotasyacordes.com\/index.php?rest_route=\/wp\/v2\/posts"}],"about":[{"href":"https:\/\/entrenotasyacordes.com\/index.php?rest_route=\/wp\/v2\/types\/post"}],"author":[{"embeddable":true,"href":"https:\/\/entrenotasyacordes.com\/index.php?rest_route=\/wp\/v2\/users\/5"}],"replies":[{"embeddable":true,"href":"https:\/\/entrenotasyacordes.com\/index.php?rest_route=%2Fwp%2Fv2%2Fcomments&post=9426"}],"version-history":[{"count":1,"href":"https:\/\/entrenotasyacordes.com\/index.php?rest_route=\/wp\/v2\/posts\/9426\/revisions"}],"predecessor-version":[{"id":9428,"href":"https:\/\/entrenotasyacordes.com\/index.php?rest_route=\/wp\/v2\/posts\/9426\/revisions\/9428"}],"wp:featuredmedia":[{"embeddable":true,"href":"https:\/\/entrenotasyacordes.com\/index.php?rest_route=\/wp\/v2\/media\/9427"}],"wp:attachment":[{"href":"https:\/\/entrenotasyacordes.com\/index.php?rest_route=%2Fwp%2Fv2%2Fmedia&parent=9426"}],"wp:term":[{"taxonomy":"category","embeddable":true,"href":"https:\/\/entrenotasyacordes.com\/index.php?rest_route=%2Fwp%2Fv2%2Fcategories&post=9426"},{"taxonomy":"post_tag","embeddable":true,"href":"https:\/\/entrenotasyacordes.com\/index.php?rest_route=%2Fwp%2Fv2%2Ftags&post=9426"}],"curies":[{"name":"wp","href":"https:\/\/api.w.org\/{rel}","templated":true}]}}