{"id":9429,"date":"2024-07-04T18:24:02","date_gmt":"2024-07-04T18:24:02","guid":{"rendered":"https:\/\/entrenotasyacordes.com\/?p=9429"},"modified":"2024-07-04T18:24:04","modified_gmt":"2024-07-04T18:24:04","slug":"ivansan-estrena-autodefensa-el-segundo-tema-de-una-nueva-era-tras-su-primer-ep-como-un-rayo","status":"publish","type":"post","link":"https:\/\/entrenotasyacordes.com\/?p=9429","title":{"rendered":"ivansan\u00a0estrena &#8216;AUTODEFENSA&#8217;, el segundo tema de una nueva era tras su primer EP &#8216;como un rayo&#8217;"},"content":{"rendered":"\n<p><em>Tras sacar &#8216;como un rayo&#8217;, su primer EP, ivansan lanza un nuevo tema para adentrarse en un nuevo sonido\u00a0<\/em><\/p>\n\n\n\n<!--more-->\n\n\n<div class=\"wp-block-image\">\n<figure class=\"aligncenter size-full is-resized\"><img loading=\"lazy\" decoding=\"async\" width=\"2553\" height=\"2560\" src=\"https:\/\/entrenotasyacordes.com\/wp-content\/uploads\/2024\/07\/4c-scaled.jpg\" alt=\"\" class=\"wp-image-9430\" style=\"width:607px;height:auto\" srcset=\"https:\/\/entrenotasyacordes.com\/wp-content\/uploads\/2024\/07\/4c-scaled.jpg 2553w, https:\/\/entrenotasyacordes.com\/wp-content\/uploads\/2024\/07\/4c-300x300.jpg 300w, https:\/\/entrenotasyacordes.com\/wp-content\/uploads\/2024\/07\/4c-1021x1024.jpg 1021w, https:\/\/entrenotasyacordes.com\/wp-content\/uploads\/2024\/07\/4c-150x150.jpg 150w, https:\/\/entrenotasyacordes.com\/wp-content\/uploads\/2024\/07\/4c-768x770.jpg 768w, https:\/\/entrenotasyacordes.com\/wp-content\/uploads\/2024\/07\/4c-1532x1536.jpg 1532w, https:\/\/entrenotasyacordes.com\/wp-content\/uploads\/2024\/07\/4c-2043x2048.jpg 2043w, https:\/\/entrenotasyacordes.com\/wp-content\/uploads\/2024\/07\/4c-1024x1027.jpg 1024w, https:\/\/entrenotasyacordes.com\/wp-content\/uploads\/2024\/07\/4c-50x50.jpg 50w\" sizes=\"auto, (max-width: 2553px) 100vw, 2553px\" \/><figcaption class=\"wp-element-caption\">Processed with VSCO with av8 preset<\/figcaption><\/figure>\n<\/div>\n\n\n<p>Tras el lanzamiento de su primer EP\u00a0<a href=\"https:\/\/alternativasonora.us13.list-manage.com\/track\/click?u=43b03a52f88dd81d61f7cf4b6&amp;id=49181d0d94&amp;e=f6fdcc9aba\" target=\"_blank\" rel=\"noreferrer noopener\">&#8216;<\/a><strong><a href=\"https:\/\/alternativasonora.us13.list-manage.com\/track\/click?u=43b03a52f88dd81d61f7cf4b6&amp;id=b515d4a5a1&amp;e=f6fdcc9aba\" target=\"_blank\" rel=\"noreferrer noopener\">como un rayo&#8217;<\/a>, ivansan<\/strong>\u00a0vuelve con nueva m\u00fasica. Aunque no en forma de \u00e1lbum, el cantante se dispone a mostrar una nueva faceta musical con\u00a0<strong>&#8216;AUTODEFENSA&#8217;,<\/strong>\u00a0aunque ya hizo un breve adelanto de lo que est\u00e1 por llegar\u00a0con<strong>\u00a0&#8216;<a href=\"https:\/\/alternativasonora.us13.list-manage.com\/track\/click?u=43b03a52f88dd81d61f7cf4b6&amp;id=a99683843a&amp;e=f6fdcc9aba\" target=\"_blank\" rel=\"noreferrer noopener\">raro<\/a>&#8216;.\u00a0<\/strong><\/p>\n\n\n\n<p><strong>&#8216;AUTODEFENSA&#8217;\u00a0<\/strong>fusiona melod\u00edas disfrutables pop con<strong>\u00a0elementos percusivos m\u00e1s usuales en el techno.<\/strong>\u00a0Convirti\u00e9ndose as\u00ed en el billete a un viaje emocional que habla sobre el autoboicot y el proceso de quitarse el escudo para protegerse del amor ajeno y estar abierto a querer. Su letra, sintetizadores y producci\u00f3n, te llevar\u00e1n de la mano para disfrutarla y acabar bailando. Adem\u00e1s, su estribillo pegadizo har\u00e1 que se quede sonando en tu cabeza despu\u00e9s de escucharla.<\/p>\n\n\n\n<p>De esta forma, ivansan vuelve para hacerte bailar sin abandonar la nostalgia, con un tema pop alternativo de lo m\u00e1s pegadizo, mientras habla de un tema de lo m\u00e1s profundo. En esta ocasi\u00f3n, de c\u00f3mo dejar de defenderse del amor para aprender a querer y as\u00ed conseguir quitarse el escudo.\u00a0<\/p>\n\n\n\n<p>De esta manera, ivansan quiere demostrar su\u00a0<strong>versatilidad\u00a0<\/strong>musical, pasando de hacer temas m\u00e1s pop y arm\u00f3nicos, a seguir haci\u00e9ndonos sentir, pero con un\u00a0<strong>sonido m\u00e1s pop\/techno, o rock (como pudo escucharse en &#8216;raro&#8217;).\u00a0<\/strong>Mostrando as\u00ed el inicio de una nueva era, m\u00e1s rompedora, tanto musical como est\u00e9ticamente, pero siempre de la mano de la productora<strong>\u00a0Gaby Nieto.\u00a0<\/strong><\/p>\n\n\n\n<figure class=\"wp-block-embed is-type-video is-provider-youtube wp-block-embed-youtube wp-embed-aspect-16-9 wp-has-aspect-ratio\"><div class=\"wp-block-embed__wrapper\">\n<div class=\"epyt-video-wrapper\"><iframe loading=\"lazy\"  id=\"_ytid_14254\"  width=\"640\" height=\"360\"  data-origwidth=\"640\" data-origheight=\"360\" src=\"https:\/\/www.youtube.com\/embed\/pEEV5AUb2UE?enablejsapi=1&#038;autoplay=0&#038;cc_load_policy=0&#038;cc_lang_pref=&#038;iv_load_policy=1&#038;loop=0&#038;rel=1&#038;fs=1&#038;playsinline=0&#038;autohide=2&#038;theme=dark&#038;color=white&#038;controls=1&#038;\" class=\"__youtube_prefs__  epyt-is-override  no-lazyload\" data-vol=\"50\"  title=\"YouTube player\"  allow=\"fullscreen; accelerometer; autoplay; clipboard-write; encrypted-media; gyroscope; picture-in-picture; web-share\" referrerpolicy=\"strict-origin-when-cross-origin\" allowfullscreen data-no-lazy=\"1\" data-skipgform_ajax_framebjll=\"\"><\/iframe><\/div>\n<\/div><\/figure>\n\n\n\n<p><strong>Iv\u00e1n S\u00e1nchez Sanmart\u00edn<\/strong>, musicalmente conocido como ivansan, es un artista emergente de 26 a\u00f1os, nacido en Lugo (Galicia), que lleg\u00f3 a Madrid para encontrar su propio camino. Lanz\u00f3 su primer tema<strong>\u00a0&#8216;x casa&#8217;<\/strong>. Despu\u00e9s lleg\u00f3 el resto y empez\u00f3 a sumar escuchas en Spotify con<strong>\u00a0&#8216;acostumbrado&#8217;,<\/strong>\u00a0<strong>&#8216;qui\u00e9n me lo dir\u00eda?&#8217;, &#8216;mercadona&#8217;, &#8216;pisa fuerte&#8217;, &#8216;cora de cartelera&#8217;, \u2018peligro \u00a0constante\u2019\u00a0<\/strong>o<strong>\u00a0<a href=\"https:\/\/alternativasonora.us13.list-manage.com\/track\/click?u=43b03a52f88dd81d61f7cf4b6&amp;id=c6afe5a34c&amp;e=f6fdcc9aba\" target=\"_blank\" rel=\"noreferrer noopener\">\u2018CUIDADO\u2019<\/a>.<\/strong>\u00a0Este proyecto lo expuso por primera vez en\u00a0<strong>IsaRock<\/strong>, un festival organizado por el Colegio Mayor Universitario Isabel de Espa\u00f1a y, ahora, vuelve con temas nuevos que presentar\u00e1 en otras salas de la capital. Lo que ya comenz\u00f3 con un sold out en la<strong>\u00a0Sala El Perro<\/strong>\u00a0de Madrid y en el ciclo\u00a0<strong>Stereolikes\u00a0<\/strong>en la Wulitzer, organizado por Subterfuge.<\/p>\n\n\n\n<p><strong>\u00abEmpec\u00e9 por amor y me enamor\u00e9 de la m\u00fasica\u00bb<\/strong>, cuenta el artista sobre sus inicios. Desde entonces, el artista cuenta con temas que han superado las 20.000<strong>&nbsp;reproducciones en Spotify<\/strong>&nbsp;y m\u00e1s de&nbsp;<strong>25.000 seguidores en TikTok,<\/strong>&nbsp;sumando a su vez&nbsp;<strong>478.000 \u2018likes\u2019.<\/strong><\/p>\n\n\n\n<p>Ahora, ya cuenta con su\u00a0<strong>primer EP fuera bajo el nombre de &#8216;como un rayo&#8217;<\/strong>, que cuenta con cinco canciones: &#8216;peligro constante&#8217;, &#8216;tormenta&#8217;, &#8216;si te vas&#8217;, &#8216;culpa&#8217; y &#8216;tregua&#8217;.\u00a0Con este EP, el artista ya ha empezado a pasar por varios escenarios de Espa\u00f1a como la Sala Cadavra, Sala El Perro o la Sala Vesta de\u00a0<strong>Madrid<\/strong>. Adem\u00e1s de la Sala Jagger de\u00a0<strong>Lugo\u00a0<\/strong>y la Paral\u00b7lel 62 en\u00a0<strong>Barcelona<\/strong>.\u00a0<\/p>\n\n\n\n<p>Como artista autodidacta, siempre est\u00e1 \u00abpresente en el proceso de producci\u00f3n para dar ideas sobre la melod\u00eda y el sonido\u00bb\u00a0con el objetivo de plasmar con exactitud \u00abla idea que tiene en su cabeza\u00bb. Asimismo, compone sus propias letras: \u201cMe gusta escribir y sacar las melod\u00edas cuando estoy solo\u201d.<\/p>\n\n\n\n<p>Aunque no se define con ning\u00fan g\u00e9nero concreto porque sigue<strong>&nbsp;\u00abbuscando su propio estilo\u00bb, haciendo que \u00abcada canci\u00f3n sea distinta\u00bb<\/strong>, cada vez percibe \u00abm\u00e1s cosas en com\u00fan en cada canci\u00f3n que va haciendo\u00bb. \u00abPoco a poco todo va teniendo m\u00e1s sentido y quiero seguir experimentando con los sonidos\u00bb, asegura el cantante. Es por esto por lo que, por el momento,<strong>&nbsp;define su m\u00fasica como un \u00abpop chill con referencias muy variadas\u00bb.<\/strong>&nbsp;\u00abCreo que me nutro de muchas cosas, tanto del pop como de m\u00fasica m\u00e1s alternativa, rockerita o urbana\u00bb, explica al respecto.&nbsp;<\/p>\n\n\n\n<p>Tal y como se\u00f1ala ivansan y se puede percibir en cada uno de sus temas, tiene referencias muy claras como\u00a0<strong>Sen Senra, Natalia Lacunza, Sebasti\u00e1n Cort\u00e9s\u00a0<\/strong>o<strong>\u00a0Alizzz<\/strong>. De la misma manera, en sus \u00faltimas canciones cuenta con influencias de otros artistas como \u00ab<strong>Oddliquor, Ralphie Choo, Barry B, Trashi, Irenegarry o Blanco Palamera\u00bb.<\/strong><\/p>\n\n\n\n<figure class=\"wp-block-embed is-type-video is-provider-youtube wp-block-embed-youtube wp-embed-aspect-16-9 wp-has-aspect-ratio\"><div class=\"wp-block-embed__wrapper\">\n<div class=\"epyt-video-wrapper\"><iframe loading=\"lazy\"  id=\"_ytid_10053\"  width=\"640\" height=\"360\"  data-origwidth=\"640\" data-origheight=\"360\" src=\"https:\/\/www.youtube.com\/embed\/BaaK8W53w_U?enablejsapi=1&#038;autoplay=0&#038;cc_load_policy=0&#038;cc_lang_pref=&#038;iv_load_policy=1&#038;loop=0&#038;rel=1&#038;fs=1&#038;playsinline=0&#038;autohide=2&#038;theme=dark&#038;color=white&#038;controls=1&#038;\" class=\"__youtube_prefs__  epyt-is-override  no-lazyload\" data-vol=\"50\"  title=\"YouTube player\"  allow=\"fullscreen; accelerometer; autoplay; clipboard-write; encrypted-media; gyroscope; picture-in-picture; web-share\" referrerpolicy=\"strict-origin-when-cross-origin\" allowfullscreen data-no-lazy=\"1\" data-skipgform_ajax_framebjll=\"\"><\/iframe><\/div>\n<\/div><\/figure>\n","protected":false},"excerpt":{"rendered":"<p>Tras sacar &#8216;como un rayo&#8217;, su primer EP, ivansan lanza un nuevo tema para adentrarse<\/p>\n","protected":false},"author":5,"featured_media":9430,"comment_status":"open","ping_status":"open","sticky":false,"template":"","format":"standard","meta":{"om_disable_all_campaigns":false,"_uf_show_specific_survey":0,"_uf_disable_surveys":false,"footnotes":""},"categories":[4],"tags":[],"class_list":["post-9429","post","type-post","status-publish","format-standard","has-post-thumbnail","hentry","category-musica"],"_links":{"self":[{"href":"https:\/\/entrenotasyacordes.com\/index.php?rest_route=\/wp\/v2\/posts\/9429","targetHints":{"allow":["GET"]}}],"collection":[{"href":"https:\/\/entrenotasyacordes.com\/index.php?rest_route=\/wp\/v2\/posts"}],"about":[{"href":"https:\/\/entrenotasyacordes.com\/index.php?rest_route=\/wp\/v2\/types\/post"}],"author":[{"embeddable":true,"href":"https:\/\/entrenotasyacordes.com\/index.php?rest_route=\/wp\/v2\/users\/5"}],"replies":[{"embeddable":true,"href":"https:\/\/entrenotasyacordes.com\/index.php?rest_route=%2Fwp%2Fv2%2Fcomments&post=9429"}],"version-history":[{"count":1,"href":"https:\/\/entrenotasyacordes.com\/index.php?rest_route=\/wp\/v2\/posts\/9429\/revisions"}],"predecessor-version":[{"id":9431,"href":"https:\/\/entrenotasyacordes.com\/index.php?rest_route=\/wp\/v2\/posts\/9429\/revisions\/9431"}],"wp:featuredmedia":[{"embeddable":true,"href":"https:\/\/entrenotasyacordes.com\/index.php?rest_route=\/wp\/v2\/media\/9430"}],"wp:attachment":[{"href":"https:\/\/entrenotasyacordes.com\/index.php?rest_route=%2Fwp%2Fv2%2Fmedia&parent=9429"}],"wp:term":[{"taxonomy":"category","embeddable":true,"href":"https:\/\/entrenotasyacordes.com\/index.php?rest_route=%2Fwp%2Fv2%2Fcategories&post=9429"},{"taxonomy":"post_tag","embeddable":true,"href":"https:\/\/entrenotasyacordes.com\/index.php?rest_route=%2Fwp%2Fv2%2Ftags&post=9429"}],"curies":[{"name":"wp","href":"https:\/\/api.w.org\/{rel}","templated":true}]}}