{"id":9432,"date":"2024-07-04T18:37:17","date_gmt":"2024-07-04T18:37:17","guid":{"rendered":"https:\/\/entrenotasyacordes.com\/?p=9432"},"modified":"2024-07-04T18:37:18","modified_gmt":"2024-07-04T18:37:18","slug":"javier-arce-y-mica-sotera-estrenan-mi-angel-una-oda-al-amor-tierno-y-responsable","status":"publish","type":"post","link":"https:\/\/entrenotasyacordes.com\/?p=9432","title":{"rendered":"Javier Arce y Mica Sotera estrenan \u201cMi \u00c1ngel\u201d: Una oda al amor tierno y responsable"},"content":{"rendered":"\n<p><strong>Sentimientos de romantiqueo tropical pero con beats pop para el club.<\/strong> <em><strong>\u2018m\u00fasica\u00a0 para abrazar y bailar al mismo tiempo\u2019.<\/strong><\/em><\/p>\n\n\n\n<!--more-->\n\n\n<div class=\"wp-block-image\">\n<figure class=\"aligncenter size-full is-resized\"><img loading=\"lazy\" decoding=\"async\" width=\"600\" height=\"600\" src=\"https:\/\/entrenotasyacordes.com\/wp-content\/uploads\/2024\/07\/4d.jpeg\" alt=\"\" class=\"wp-image-9433\" style=\"width:607px;height:auto\" srcset=\"https:\/\/entrenotasyacordes.com\/wp-content\/uploads\/2024\/07\/4d.jpeg 600w, https:\/\/entrenotasyacordes.com\/wp-content\/uploads\/2024\/07\/4d-300x300.jpeg 300w, https:\/\/entrenotasyacordes.com\/wp-content\/uploads\/2024\/07\/4d-150x150.jpeg 150w, https:\/\/entrenotasyacordes.com\/wp-content\/uploads\/2024\/07\/4d-50x50.jpeg 50w\" sizes=\"auto, (max-width: 600px) 100vw, 600px\" \/><figcaption class=\"wp-element-caption\">Processed with VSCO with av8 preset<\/figcaption><\/figure>\n<\/div>\n\n\n<p><strong>JAVIER ARCE<\/strong>\u00a0-el ecl\u00e9ctico m\u00fasico costarricense- presenta su \u00e1lbum debut en solitario prometiendo un oasis fresco en el panorama de la m\u00fasica electr\u00f3nica latina alternativa y ahora estrena junto a la argentina\u00a0<strong>MICA SOTERA<\/strong>\u00a0una hermosa canci\u00f3n que exhorta a sanar antes de amar de nuevo.<\/p>\n\n\n\n<p><em>MI \u00c1NGEL es una de mis canciones favoritas del \u00e1lbum, cuando le ense\u00f1\u00e9 la voz de Mica Sotera a Vrdnyn ambos supimos que hab\u00eda nacido algo especial, una conjetura hermosa de tres artistas que quer\u00edan lograr una canci\u00f3n para sentirse bien cuando la salud mental se vuelve la base de todo amor nuevo\u00bb<\/em>, cuenta Arce sobre esta colaboraci\u00f3n.<\/p>\n\n\n\n<p><strong>Arce\u00a0<\/strong>ha descubierto la combinaci\u00f3n perfecta para fusionar su pasi\u00f3n por el romance latino de la salsa y los boleros con la fuerza de la electr\u00f3nica contempor\u00e1nea\u00a0 que ahora presenta en sinergia perfecta con Mica, una de las artistas emergentes m\u00e1s interesantes en Argentina.<\/p>\n\n\n\n<figure class=\"wp-block-embed is-type-video is-provider-youtube wp-block-embed-youtube wp-embed-aspect-4-3 wp-has-aspect-ratio\"><div class=\"wp-block-embed__wrapper\">\n<div class=\"epyt-video-wrapper\"><iframe loading=\"lazy\"  id=\"_ytid_47008\"  width=\"640\" height=\"360\"  data-origwidth=\"640\" data-origheight=\"360\" src=\"https:\/\/www.youtube.com\/embed\/OMjhCKk8TaM?enablejsapi=1&#038;autoplay=0&#038;cc_load_policy=0&#038;cc_lang_pref=&#038;iv_load_policy=1&#038;loop=0&#038;rel=1&#038;fs=1&#038;playsinline=0&#038;autohide=2&#038;theme=dark&#038;color=white&#038;controls=1&#038;\" class=\"__youtube_prefs__  epyt-is-override  no-lazyload\" data-vol=\"50\"  title=\"YouTube player\"  allow=\"fullscreen; accelerometer; autoplay; clipboard-write; encrypted-media; gyroscope; picture-in-picture; web-share\" referrerpolicy=\"strict-origin-when-cross-origin\" allowfullscreen data-no-lazy=\"1\" data-skipgform_ajax_framebjll=\"\"><\/iframe><\/div>\n<\/div><\/figure>\n\n\n\n<p><strong>Mica Sotera<\/strong>\u00a0es una cantante y compositora argentina. Su m\u00fasica fresca y colorida experimenta sonoridades que fusionan los g\u00e9neros indie y pop. Con su voz y su m\u00fasica ha logrado atravesar pantallas sensibilizando al p\u00fablico local.\u00a0<\/p>\n\n\n\n<p><em>\u201cEn el espacio\u201d<\/em>\u00a0es el primer disco de\u00a0<strong>Mica<\/strong>, un aut\u00e9ntico trabajo que viaja por g\u00e9neros como el indie, el rock y el pop, transmitiendo la energ\u00eda de la artista a trav\u00e9s de las ocho canciones del tracklist que la impuls\u00f3 como artista revelaci\u00f3n. Es un \u00e1lbum conceptual desde la sonoridad hasta sus letras, las cuales abordan historias de amor, desamor, viajes, y todas conviven en el espacio. Con este primer disco ha logrado alcanzar m\u00e1s de 160 mil oyentes mensuales en Spotify, y fue convocada como portada de grandes playlists, en Argentina y Estados Unidos.<\/p>\n\n\n\n<p>Mica Sotera particip\u00f3 de La Voz Argentina y fue seleccionada dentro de los 10 mejores participantes del team Mau y Ricky. Se ha presentado en numerosos escenarios junto a figuras de la m\u00fasica nacional, entre ellos Lito Vitale y Coti. Abri\u00f3 para el show de Silvina Moreno en Niceto Club. Realiz\u00f3 dos giras por distintas ciudades y provincias de Argentina en enero del 2021 y 2022 junto a otros grandes cantautores y ha tocado en distintas partes del mundo junto a otras mujeres en la m\u00fasica, como M\u00e9xico, Estados Unidos y Uruguay.<\/p>\n\n\n\n<p>Con una fusi\u00f3n \u00fanica de R&amp;B, house electr\u00f3nico y cadencias tropicales, Arce y Mica le regalan al mundo una canci\u00f3n que levanta el espirit\u00fa y que exorta a trabajar en uno mismo antes de abrir el coraz\u00f3n a lxs \u00e1ngeles que aparecen en el camino.<\/p>\n\n\n<div class=\"wp-block-image\">\n<figure class=\"aligncenter size-full\"><img loading=\"lazy\" decoding=\"async\" width=\"600\" height=\"900\" src=\"https:\/\/entrenotasyacordes.com\/wp-content\/uploads\/2024\/07\/4dd.jpeg\" alt=\"\" class=\"wp-image-9434\" srcset=\"https:\/\/entrenotasyacordes.com\/wp-content\/uploads\/2024\/07\/4dd.jpeg 600w, https:\/\/entrenotasyacordes.com\/wp-content\/uploads\/2024\/07\/4dd-200x300.jpeg 200w\" sizes=\"auto, (max-width: 600px) 100vw, 600px\" \/><\/figure>\n<\/div>","protected":false},"excerpt":{"rendered":"<p>Sentimientos de romantiqueo tropical pero con beats pop para el club. \u2018m\u00fasica\u00a0 para abrazar y<\/p>\n","protected":false},"author":5,"featured_media":9433,"comment_status":"open","ping_status":"open","sticky":false,"template":"","format":"standard","meta":{"om_disable_all_campaigns":false,"_uf_show_specific_survey":0,"_uf_disable_surveys":false,"footnotes":""},"categories":[4],"tags":[],"class_list":["post-9432","post","type-post","status-publish","format-standard","has-post-thumbnail","hentry","category-musica"],"_links":{"self":[{"href":"https:\/\/entrenotasyacordes.com\/index.php?rest_route=\/wp\/v2\/posts\/9432","targetHints":{"allow":["GET"]}}],"collection":[{"href":"https:\/\/entrenotasyacordes.com\/index.php?rest_route=\/wp\/v2\/posts"}],"about":[{"href":"https:\/\/entrenotasyacordes.com\/index.php?rest_route=\/wp\/v2\/types\/post"}],"author":[{"embeddable":true,"href":"https:\/\/entrenotasyacordes.com\/index.php?rest_route=\/wp\/v2\/users\/5"}],"replies":[{"embeddable":true,"href":"https:\/\/entrenotasyacordes.com\/index.php?rest_route=%2Fwp%2Fv2%2Fcomments&post=9432"}],"version-history":[{"count":1,"href":"https:\/\/entrenotasyacordes.com\/index.php?rest_route=\/wp\/v2\/posts\/9432\/revisions"}],"predecessor-version":[{"id":9435,"href":"https:\/\/entrenotasyacordes.com\/index.php?rest_route=\/wp\/v2\/posts\/9432\/revisions\/9435"}],"wp:featuredmedia":[{"embeddable":true,"href":"https:\/\/entrenotasyacordes.com\/index.php?rest_route=\/wp\/v2\/media\/9433"}],"wp:attachment":[{"href":"https:\/\/entrenotasyacordes.com\/index.php?rest_route=%2Fwp%2Fv2%2Fmedia&parent=9432"}],"wp:term":[{"taxonomy":"category","embeddable":true,"href":"https:\/\/entrenotasyacordes.com\/index.php?rest_route=%2Fwp%2Fv2%2Fcategories&post=9432"},{"taxonomy":"post_tag","embeddable":true,"href":"https:\/\/entrenotasyacordes.com\/index.php?rest_route=%2Fwp%2Fv2%2Ftags&post=9432"}],"curies":[{"name":"wp","href":"https:\/\/api.w.org\/{rel}","templated":true}]}}