{"id":9436,"date":"2024-07-04T22:15:32","date_gmt":"2024-07-04T22:15:32","guid":{"rendered":"https:\/\/entrenotasyacordes.com\/?p=9436"},"modified":"2024-07-04T22:15:33","modified_gmt":"2024-07-04T22:15:33","slug":"en-julio-continua-las-criadas-%f0%9f%8d%b5-viernes-22hs-en-itaca-complejo-teatral","status":"publish","type":"post","link":"https:\/\/entrenotasyacordes.com\/?p=9436","title":{"rendered":"EN JULIO CONTIN\u00daA \u00abLAS CRIADAS\u00bb \ud83c\udf75 &#8211; VIERNES 22HS EN \u00cdTACA COMPLEJO TEATRAL"},"content":{"rendered":"\n<!--more-->\n\n\n<div class=\"wp-block-image\">\n<figure class=\"aligncenter size-full is-resized\"><img loading=\"lazy\" decoding=\"async\" width=\"2160\" height=\"2160\" src=\"https:\/\/entrenotasyacordes.com\/wp-content\/uploads\/2024\/07\/CUADRADA.jpg\" alt=\"\" class=\"wp-image-9437\" style=\"width:826px;height:auto\" srcset=\"https:\/\/entrenotasyacordes.com\/wp-content\/uploads\/2024\/07\/CUADRADA.jpg 2160w, https:\/\/entrenotasyacordes.com\/wp-content\/uploads\/2024\/07\/CUADRADA-300x300.jpg 300w, https:\/\/entrenotasyacordes.com\/wp-content\/uploads\/2024\/07\/CUADRADA-1024x1024.jpg 1024w, https:\/\/entrenotasyacordes.com\/wp-content\/uploads\/2024\/07\/CUADRADA-150x150.jpg 150w, https:\/\/entrenotasyacordes.com\/wp-content\/uploads\/2024\/07\/CUADRADA-768x768.jpg 768w, https:\/\/entrenotasyacordes.com\/wp-content\/uploads\/2024\/07\/CUADRADA-1536x1536.jpg 1536w, https:\/\/entrenotasyacordes.com\/wp-content\/uploads\/2024\/07\/CUADRADA-2048x2048.jpg 2048w, https:\/\/entrenotasyacordes.com\/wp-content\/uploads\/2024\/07\/CUADRADA-50x50.jpg 50w\" sizes=\"auto, (max-width: 2160px) 100vw, 2160px\" \/><\/figure>\n<\/div>\n\n\n<p>Juego de roles, ceremonia secreta, perversa. Clara y Solange van hasta el l\u00edmite y m\u00e1s all\u00e1, son capaces de todo, ellas creen.<\/p>\n\n\n\n<p>Ritual diab\u00f3lico, preparadas para el crimen, adoran a la Se\u00f1ora, la envidian, husmean en sus cosas, como perras en celo, como hu\u00e9rfanas vagando por las calles, sin nada. S\u00f3lo con su odio.<\/p>\n\n\n\n<p>Mientras tanto, la Se\u00f1ora se luce, se pavonea, disfruta del dolor ajeno, goza con la tortura, resplandece con su risotada de triunfo.<\/p>\n\n\n\n<p>Quererse en la esclavitud no es quererse.<\/p>\n\n\n<div class=\"wp-block-image\">\n<figure class=\"aligncenter size-large\"><img loading=\"lazy\" decoding=\"async\" width=\"1024\" height=\"683\" src=\"https:\/\/entrenotasyacordes.com\/wp-content\/uploads\/2024\/07\/LascriadasREDES_51-1024x683.jpg\" alt=\"\" class=\"wp-image-9438\" srcset=\"https:\/\/entrenotasyacordes.com\/wp-content\/uploads\/2024\/07\/LascriadasREDES_51-1024x683.jpg 1024w, https:\/\/entrenotasyacordes.com\/wp-content\/uploads\/2024\/07\/LascriadasREDES_51-300x200.jpg 300w, https:\/\/entrenotasyacordes.com\/wp-content\/uploads\/2024\/07\/LascriadasREDES_51-768x512.jpg 768w, https:\/\/entrenotasyacordes.com\/wp-content\/uploads\/2024\/07\/LascriadasREDES_51-1536x1025.jpg 1536w, https:\/\/entrenotasyacordes.com\/wp-content\/uploads\/2024\/07\/LascriadasREDES_51.jpg 2048w\" sizes=\"auto, (max-width: 1024px) 100vw, 1024px\" \/><\/figure>\n<\/div>\n\n\n<p><strong>PALABRAS DE DAR\u00cdO SERANTES, DIRECTOR Y ACTOR.<\/strong><\/p>\n\n\n\n<p>La Compa\u00f1\u00eda Teatro diverso vuelve a reunirse para reeditar este cl\u00e1sico de Jean Genet, que, como tal, no s\u00f3lo no ha perdido vigencia, sino que acompa\u00f1a y denuncia la eterna lucha de los desvalidos frente a la opresi\u00f3n de quienes ostentan poder. Una rebeli\u00f3n que siempre es sofocada por lo siniestro. Pero este espanto no une a los oprimidos, los enfrenta, los desorganiza y confunde con promesas que nunca se cumplir\u00e1n.\u00a0\u00abQuererse en la esclavitud no es quererse\u00bb dice Solange y as\u00ed es, cuando a uno le quitan todo se vuelve muy malo.<\/p>\n\n\n\n<p><strong>FICHA T\u00c9CNICO \u2013 ART\u00cdSTICA<\/strong><\/p>\n\n\n\n<p>Autor\u00eda: Jean Genet<br>Act\u00faan: Fabi\u00e1n Pedroza, Alberto Romero, Juan Rutkus, Dar\u00edo Serantes, Miguel Angel Zandonadi<br>Maquillaje: Juan Rutkus<br>Dise\u00f1o de vestuario: Miguel \u00c1ngel Zandonadi<br>Dise\u00f1o de luces: 3boxes, Diego Alonso<br>Dise\u00f1o gr\u00e1fico: 3boxes<br>Comunicaci\u00f3n: Nico Mat\u00edas Urra y Pablito Lancone<br>Director asistente: Fabi\u00e1n Pedroza<br>Direcci\u00f3n: Dar\u00edo Serantes<\/p>\n\n\n\n<p>\ud83d\udcc5\u00a0Funciones: Viernes 22hs.\u00a0<br>\ud83d\udccd\u00a0Teatro: \u00cdtaca Complejo Teatral (Humahuaca 4027)<br>\ud83c\udf9f\ufe0f\u00a0Entradas por Alternativa:\u00a0<a href=\"https:\/\/publico.alternativateatral.com\/entradas47965-las-criadas?o=14\" target=\"_blank\" rel=\"noreferrer noopener\">Entradas para Las criadas en ITACA COMPLEJO TEATRAL &#8211; Alternativa Teatral<\/a><\/p>\n","protected":false},"excerpt":{"rendered":"","protected":false},"author":5,"featured_media":9437,"comment_status":"open","ping_status":"open","sticky":false,"template":"","format":"standard","meta":{"om_disable_all_campaigns":false,"_uf_show_specific_survey":0,"_uf_disable_surveys":false,"footnotes":""},"categories":[9],"tags":[],"class_list":["post-9436","post","type-post","status-publish","format-standard","has-post-thumbnail","hentry","category-cine-y-teatro"],"_links":{"self":[{"href":"https:\/\/entrenotasyacordes.com\/index.php?rest_route=\/wp\/v2\/posts\/9436","targetHints":{"allow":["GET"]}}],"collection":[{"href":"https:\/\/entrenotasyacordes.com\/index.php?rest_route=\/wp\/v2\/posts"}],"about":[{"href":"https:\/\/entrenotasyacordes.com\/index.php?rest_route=\/wp\/v2\/types\/post"}],"author":[{"embeddable":true,"href":"https:\/\/entrenotasyacordes.com\/index.php?rest_route=\/wp\/v2\/users\/5"}],"replies":[{"embeddable":true,"href":"https:\/\/entrenotasyacordes.com\/index.php?rest_route=%2Fwp%2Fv2%2Fcomments&post=9436"}],"version-history":[{"count":1,"href":"https:\/\/entrenotasyacordes.com\/index.php?rest_route=\/wp\/v2\/posts\/9436\/revisions"}],"predecessor-version":[{"id":9439,"href":"https:\/\/entrenotasyacordes.com\/index.php?rest_route=\/wp\/v2\/posts\/9436\/revisions\/9439"}],"wp:featuredmedia":[{"embeddable":true,"href":"https:\/\/entrenotasyacordes.com\/index.php?rest_route=\/wp\/v2\/media\/9437"}],"wp:attachment":[{"href":"https:\/\/entrenotasyacordes.com\/index.php?rest_route=%2Fwp%2Fv2%2Fmedia&parent=9436"}],"wp:term":[{"taxonomy":"category","embeddable":true,"href":"https:\/\/entrenotasyacordes.com\/index.php?rest_route=%2Fwp%2Fv2%2Fcategories&post=9436"},{"taxonomy":"post_tag","embeddable":true,"href":"https:\/\/entrenotasyacordes.com\/index.php?rest_route=%2Fwp%2Fv2%2Ftags&post=9436"}],"curies":[{"name":"wp","href":"https:\/\/api.w.org\/{rel}","templated":true}]}}