{"id":9440,"date":"2024-07-04T22:21:49","date_gmt":"2024-07-04T22:21:49","guid":{"rendered":"https:\/\/entrenotasyacordes.com\/?p=9440"},"modified":"2024-07-04T22:21:51","modified_gmt":"2024-07-04T22:21:51","slug":"aitana-nos-da-la-llave-del-4to-23-su-nuevo-single","status":"publish","type":"post","link":"https:\/\/entrenotasyacordes.com\/?p=9440","title":{"rendered":"AITANA NOS DA LA LLAVE DEL\u00a0\u00ab4TO 23\u00bb SU NUEVO SINGLE"},"content":{"rendered":"\n<!--more-->\n\n\n<div class=\"wp-block-image\">\n<figure class=\"aligncenter size-full is-resized\"><img loading=\"lazy\" decoding=\"async\" width=\"660\" height=\"660\" src=\"https:\/\/entrenotasyacordes.com\/wp-content\/uploads\/2024\/07\/4f.webp\" alt=\"\" class=\"wp-image-9441\" style=\"width:607px;height:auto\" srcset=\"https:\/\/entrenotasyacordes.com\/wp-content\/uploads\/2024\/07\/4f.webp 660w, https:\/\/entrenotasyacordes.com\/wp-content\/uploads\/2024\/07\/4f-300x300.webp 300w, https:\/\/entrenotasyacordes.com\/wp-content\/uploads\/2024\/07\/4f-150x150.webp 150w, https:\/\/entrenotasyacordes.com\/wp-content\/uploads\/2024\/07\/4f-50x50.webp 50w\" sizes=\"auto, (max-width: 660px) 100vw, 660px\" \/><\/figure>\n<\/div>\n\n\n<p><strong>Aitana<\/strong>&nbsp;vuelve&nbsp;con su primer single en solitario desde el lanzamiento de su \u00e1lbum \u201calpha\u201d&nbsp;(Disco de Platino en Espa\u00f1a)&nbsp;llamado:&nbsp;<strong>\u201c4TO 23\u201d<\/strong>, una canci\u00f3n&nbsp;con un mood m\u00e1s on\u00edrico y que respira un&nbsp;pop&nbsp;m\u00e1s puro y fresco,&nbsp;donde su voz brilla por su calidez y honestidad. Con las ganas de pasar una noche de&nbsp;encuentro&nbsp;en&nbsp;el cuarto&nbsp;23, la inocencia y dulzura de la voz de&nbsp;<strong>Aitana<\/strong>&nbsp;se complementa a la perfecci\u00f3n con las ganas de&nbsp;diversi\u00f3n&nbsp;que narra la canci\u00f3n.<\/p>\n\n\n\n<p>Con sintetizadores y alg\u00fan breakbeat con claros gui\u00f1os a\u00a0su era m\u00e1s\u00a0<strong>alpha<\/strong>,\u00a0<strong>\u201c4TO 23\u201d<\/strong>\u00a0es una canci\u00f3n ecl\u00e9ctica que mezcla sonidos ochenteros como guitarras con chorus y sintetizadores con una bater\u00eda al uso de lo m\u00e1s dosmilera.\u00a0<\/p>\n\n\n\n<p>Aumentando el ritmo y por tanto las pulsaciones,&nbsp;<strong>Aitana<\/strong>&nbsp;nos muestra su lado m\u00e1s rom\u00e1ntico y puro y nos ense\u00f1a que se puede hablar de&nbsp;sensualidad&nbsp;y noches de amor desde una perspectiva vulnerable y llena de credibilidad.<\/p>\n\n\n\n<p><strong>\u00ab4TO 23\u00bb<\/strong>&nbsp;viene acompa\u00f1ada de un videoclip&nbsp;con una est\u00e9tica y estilismo&nbsp;muy actuales.&nbsp;&nbsp;Recorremos junto a Aitana la arquitectura de Ricardo Bofill en la costa valenciana como parte del legado art\u00edstico del pa\u00eds. En este videoclip atravesaremos&nbsp;pasillos y cuartos de un curioso hotel&nbsp;que nos traslada a un nuevo universo m\u00e1s on\u00edrico&nbsp;en el que Aitana le tiende un juego al coprotagonista del videoclip mientras viajan&nbsp;juntos por&nbsp;rincones m\u00e1gicos y escaleras infinitas donde el amor y la pasi\u00f3n pueden liberarse sin miedo.<\/p>\n\n\n<div class=\"wp-block-image\">\n<figure class=\"aligncenter size-full\"><img loading=\"lazy\" decoding=\"async\" width=\"660\" height=\"371\" src=\"https:\/\/entrenotasyacordes.com\/wp-content\/uploads\/2024\/07\/4ff.webp\" alt=\"\" class=\"wp-image-9442\" srcset=\"https:\/\/entrenotasyacordes.com\/wp-content\/uploads\/2024\/07\/4ff.webp 660w, https:\/\/entrenotasyacordes.com\/wp-content\/uploads\/2024\/07\/4ff-300x169.webp 300w\" sizes=\"auto, (max-width: 660px) 100vw, 660px\" \/><\/figure>\n<\/div>\n\n\n<figure class=\"wp-block-embed is-type-video is-provider-youtube wp-block-embed-youtube wp-embed-aspect-4-3 wp-has-aspect-ratio\"><div class=\"wp-block-embed__wrapper\">\n<div class=\"epyt-video-wrapper\"><iframe loading=\"lazy\"  id=\"_ytid_31853\"  width=\"640\" height=\"360\"  data-origwidth=\"640\" data-origheight=\"360\" src=\"https:\/\/www.youtube.com\/embed\/sB3OVYG7tTQ?enablejsapi=1&#038;autoplay=0&#038;cc_load_policy=0&#038;cc_lang_pref=&#038;iv_load_policy=1&#038;loop=0&#038;rel=1&#038;fs=1&#038;playsinline=0&#038;autohide=2&#038;theme=dark&#038;color=white&#038;controls=1&#038;\" class=\"__youtube_prefs__  epyt-is-override  no-lazyload\" data-vol=\"50\"  title=\"YouTube player\"  allow=\"fullscreen; accelerometer; autoplay; clipboard-write; encrypted-media; gyroscope; picture-in-picture; web-share\" referrerpolicy=\"strict-origin-when-cross-origin\" allowfullscreen data-no-lazy=\"1\" data-skipgform_ajax_framebjll=\"\"><\/iframe><\/div>\n<\/div><\/figure>\n\n\n<div class=\"wp-block-image\">\n<figure class=\"aligncenter size-full\"><img loading=\"lazy\" decoding=\"async\" width=\"660\" height=\"825\" src=\"https:\/\/entrenotasyacordes.com\/wp-content\/uploads\/2024\/07\/4fff.webp\" alt=\"\" class=\"wp-image-9443\" srcset=\"https:\/\/entrenotasyacordes.com\/wp-content\/uploads\/2024\/07\/4fff.webp 660w, https:\/\/entrenotasyacordes.com\/wp-content\/uploads\/2024\/07\/4fff-240x300.webp 240w\" sizes=\"auto, (max-width: 660px) 100vw, 660px\" \/><\/figure>\n<\/div>\n\n\n<p>Miranda! extiende su reinado posicion\u00e1ndose a nivel global dentro del pop actual.&nbsp;<\/p>\n","protected":false},"excerpt":{"rendered":"","protected":false},"author":5,"featured_media":9442,"comment_status":"open","ping_status":"open","sticky":false,"template":"","format":"standard","meta":{"om_disable_all_campaigns":false,"_uf_show_specific_survey":0,"_uf_disable_surveys":false,"footnotes":""},"categories":[4],"tags":[],"class_list":["post-9440","post","type-post","status-publish","format-standard","has-post-thumbnail","hentry","category-musica"],"_links":{"self":[{"href":"https:\/\/entrenotasyacordes.com\/index.php?rest_route=\/wp\/v2\/posts\/9440","targetHints":{"allow":["GET"]}}],"collection":[{"href":"https:\/\/entrenotasyacordes.com\/index.php?rest_route=\/wp\/v2\/posts"}],"about":[{"href":"https:\/\/entrenotasyacordes.com\/index.php?rest_route=\/wp\/v2\/types\/post"}],"author":[{"embeddable":true,"href":"https:\/\/entrenotasyacordes.com\/index.php?rest_route=\/wp\/v2\/users\/5"}],"replies":[{"embeddable":true,"href":"https:\/\/entrenotasyacordes.com\/index.php?rest_route=%2Fwp%2Fv2%2Fcomments&post=9440"}],"version-history":[{"count":1,"href":"https:\/\/entrenotasyacordes.com\/index.php?rest_route=\/wp\/v2\/posts\/9440\/revisions"}],"predecessor-version":[{"id":9444,"href":"https:\/\/entrenotasyacordes.com\/index.php?rest_route=\/wp\/v2\/posts\/9440\/revisions\/9444"}],"wp:featuredmedia":[{"embeddable":true,"href":"https:\/\/entrenotasyacordes.com\/index.php?rest_route=\/wp\/v2\/media\/9442"}],"wp:attachment":[{"href":"https:\/\/entrenotasyacordes.com\/index.php?rest_route=%2Fwp%2Fv2%2Fmedia&parent=9440"}],"wp:term":[{"taxonomy":"category","embeddable":true,"href":"https:\/\/entrenotasyacordes.com\/index.php?rest_route=%2Fwp%2Fv2%2Fcategories&post=9440"},{"taxonomy":"post_tag","embeddable":true,"href":"https:\/\/entrenotasyacordes.com\/index.php?rest_route=%2Fwp%2Fv2%2Ftags&post=9440"}],"curies":[{"name":"wp","href":"https:\/\/api.w.org\/{rel}","templated":true}]}}