{"id":9453,"date":"2024-07-04T22:40:10","date_gmt":"2024-07-04T22:40:10","guid":{"rendered":"https:\/\/entrenotasyacordes.com\/?p=9453"},"modified":"2024-07-04T22:40:11","modified_gmt":"2024-07-04T22:40:11","slug":"en-la-cara-de-olivia-wald-un-himno-para-decirle-adios-a-los-atorrantes","status":"publish","type":"post","link":"https:\/\/entrenotasyacordes.com\/?p=9453","title":{"rendered":"\u201cEN LA CARA\u201d de OLIVIA WALD: un himno para decirle adi\u00f3s a los atorrantes"},"content":{"rendered":"\n<!--more-->\n\n\n\n<p><em>La joven cantautora argentina nos entrega uno de los sencillos m\u00e1s intensos del 2024: \u201cEn La Cara\u201d es una balada \u00e9pica que se transforma en un canto de esperanza y empoderamiento para todas las mujeres que quieren dejar atr\u00e1s a quienes no saben amar.<\/em><\/p>\n\n\n<div class=\"wp-block-image\">\n<figure class=\"aligncenter size-full is-resized\"><img loading=\"lazy\" decoding=\"async\" width=\"660\" height=\"660\" src=\"https:\/\/entrenotasyacordes.com\/wp-content\/uploads\/2024\/07\/4i.webp\" alt=\"\" class=\"wp-image-9457\" style=\"width:607px;height:auto\" srcset=\"https:\/\/entrenotasyacordes.com\/wp-content\/uploads\/2024\/07\/4i.webp 660w, https:\/\/entrenotasyacordes.com\/wp-content\/uploads\/2024\/07\/4i-300x300.webp 300w, https:\/\/entrenotasyacordes.com\/wp-content\/uploads\/2024\/07\/4i-150x150.webp 150w, https:\/\/entrenotasyacordes.com\/wp-content\/uploads\/2024\/07\/4i-50x50.webp 50w\" sizes=\"auto, (max-width: 660px) 100vw, 660px\" \/><\/figure>\n<\/div>\n\n\n<p>Olivia Wald sigue construyendo su camino a la consolidaci\u00f3n en la industria musical, y su nuevo sencillo, \u201cEn La Cara\u201d, es muestra de ello: armada con una suerte de balada semi-orquestal, la cual se transforma en una luminosa pieza de pop experimental coral, la cantautora argentina nos entrega una de las composiciones m\u00e1s interesantes en lo que va del a\u00f1o.<\/p>\n\n\n\n<p>Adem\u00e1s de la impecable construcci\u00f3n musical e instrumental del tema, \u201cEn La Cara\u201d destaca por su habilidad letr\u00edstica, pues en ella conviven tanto la fiereza del reclamo como la ternura de la nostalgia, mostr\u00e1ndonos una vez m\u00e1s que el desamor no es una emoci\u00f3n lineal, sino un proceso que a veces nos tiene arriba y otras abajo.<\/p>\n\n\n\n<p>Parte vital de esta narrativa reside en el video que acompa\u00f1a la canci\u00f3n, donde observamos a la propia Olivia separarse del hombre que no la supo amar, pero a trav\u00e9s de im\u00e1genes en blanco y negro, mismas que dan paso al color conforme la melod\u00eda sube de intensidad, como una suerte de met\u00e1fora acerca de la libertad: alejarnos de un mal romance llena nuestra vida de nuevas tonalidades.<\/p>\n\n\n\n<p>Con todo, Olivia reafirma su posici\u00f3n como una de las artistas con mayor proyecci\u00f3n en el pop latinoamericano, al tiempo que nos ofrece una obra tan disfrutable como interesante. No lo pienses m\u00e1s y corre a escuchar \u201cEn La Cara\u201d de Olivia Wald, disponible en todas las plataformas digitales.<\/p>\n\n\n\n<figure class=\"wp-block-embed is-type-video is-provider-youtube wp-block-embed-youtube wp-embed-aspect-16-9 wp-has-aspect-ratio\"><div class=\"wp-block-embed__wrapper\">\n<div class=\"epyt-video-wrapper\"><iframe loading=\"lazy\"  id=\"_ytid_28656\"  width=\"640\" height=\"360\"  data-origwidth=\"640\" data-origheight=\"360\" src=\"https:\/\/www.youtube.com\/embed\/Lsr726lVR74?enablejsapi=1&#038;autoplay=0&#038;cc_load_policy=0&#038;cc_lang_pref=&#038;iv_load_policy=1&#038;loop=0&#038;rel=1&#038;fs=1&#038;playsinline=0&#038;autohide=2&#038;theme=dark&#038;color=white&#038;controls=1&#038;\" class=\"__youtube_prefs__  epyt-is-override  no-lazyload\" data-vol=\"50\"  title=\"YouTube player\"  allow=\"fullscreen; accelerometer; autoplay; clipboard-write; encrypted-media; gyroscope; picture-in-picture; web-share\" referrerpolicy=\"strict-origin-when-cross-origin\" allowfullscreen data-no-lazy=\"1\" data-skipgform_ajax_framebjll=\"\"><\/iframe><\/div>\n<\/div><\/figure>\n\n\n\n<h1 class=\"wp-block-heading has-text-align-center\"><strong>Olivia presentar\u00e1 su show el 24 de julio en<\/strong> <strong>La Tangente de Buenos Aires<\/strong><\/h1>\n\n\n<div class=\"wp-block-image\">\n<figure class=\"aligncenter size-full\"><img loading=\"lazy\" decoding=\"async\" width=\"645\" height=\"809\" src=\"https:\/\/entrenotasyacordes.com\/wp-content\/uploads\/2024\/07\/4ii.webp\" alt=\"\" class=\"wp-image-9458\" srcset=\"https:\/\/entrenotasyacordes.com\/wp-content\/uploads\/2024\/07\/4ii.webp 645w, https:\/\/entrenotasyacordes.com\/wp-content\/uploads\/2024\/07\/4ii-239x300.webp 239w\" sizes=\"auto, (max-width: 645px) 100vw, 645px\" \/><\/figure>\n<\/div>","protected":false},"excerpt":{"rendered":"","protected":false},"author":5,"featured_media":9457,"comment_status":"open","ping_status":"open","sticky":false,"template":"","format":"standard","meta":{"om_disable_all_campaigns":false,"_uf_show_specific_survey":0,"_uf_disable_surveys":false,"footnotes":""},"categories":[4],"tags":[],"class_list":["post-9453","post","type-post","status-publish","format-standard","has-post-thumbnail","hentry","category-musica"],"_links":{"self":[{"href":"https:\/\/entrenotasyacordes.com\/index.php?rest_route=\/wp\/v2\/posts\/9453","targetHints":{"allow":["GET"]}}],"collection":[{"href":"https:\/\/entrenotasyacordes.com\/index.php?rest_route=\/wp\/v2\/posts"}],"about":[{"href":"https:\/\/entrenotasyacordes.com\/index.php?rest_route=\/wp\/v2\/types\/post"}],"author":[{"embeddable":true,"href":"https:\/\/entrenotasyacordes.com\/index.php?rest_route=\/wp\/v2\/users\/5"}],"replies":[{"embeddable":true,"href":"https:\/\/entrenotasyacordes.com\/index.php?rest_route=%2Fwp%2Fv2%2Fcomments&post=9453"}],"version-history":[{"count":1,"href":"https:\/\/entrenotasyacordes.com\/index.php?rest_route=\/wp\/v2\/posts\/9453\/revisions"}],"predecessor-version":[{"id":9459,"href":"https:\/\/entrenotasyacordes.com\/index.php?rest_route=\/wp\/v2\/posts\/9453\/revisions\/9459"}],"wp:featuredmedia":[{"embeddable":true,"href":"https:\/\/entrenotasyacordes.com\/index.php?rest_route=\/wp\/v2\/media\/9457"}],"wp:attachment":[{"href":"https:\/\/entrenotasyacordes.com\/index.php?rest_route=%2Fwp%2Fv2%2Fmedia&parent=9453"}],"wp:term":[{"taxonomy":"category","embeddable":true,"href":"https:\/\/entrenotasyacordes.com\/index.php?rest_route=%2Fwp%2Fv2%2Fcategories&post=9453"},{"taxonomy":"post_tag","embeddable":true,"href":"https:\/\/entrenotasyacordes.com\/index.php?rest_route=%2Fwp%2Fv2%2Ftags&post=9453"}],"curies":[{"name":"wp","href":"https:\/\/api.w.org\/{rel}","templated":true}]}}