{"id":9454,"date":"2024-07-04T22:35:17","date_gmt":"2024-07-04T22:35:17","guid":{"rendered":"https:\/\/entrenotasyacordes.com\/?p=9454"},"modified":"2024-07-04T22:35:18","modified_gmt":"2024-07-04T22:35:18","slug":"alejandro-lerner-invita-a-encuentro-cercano-en-la-trastienda","status":"publish","type":"post","link":"https:\/\/entrenotasyacordes.com\/?p=9454","title":{"rendered":"Alejandro Lerner invita a Encuentro Cercano en La Trastienda"},"content":{"rendered":"\n<!--more-->\n\n\n<div class=\"wp-block-image\">\n<figure class=\"aligncenter size-full is-resized\"><img loading=\"lazy\" decoding=\"async\" width=\"1080\" height=\"1349\" src=\"https:\/\/entrenotasyacordes.com\/wp-content\/uploads\/2024\/07\/4h.jpg\" alt=\"\" class=\"wp-image-9455\" style=\"width:607px;height:auto\" srcset=\"https:\/\/entrenotasyacordes.com\/wp-content\/uploads\/2024\/07\/4h.jpg 1080w, https:\/\/entrenotasyacordes.com\/wp-content\/uploads\/2024\/07\/4h-240x300.jpg 240w, https:\/\/entrenotasyacordes.com\/wp-content\/uploads\/2024\/07\/4h-820x1024.jpg 820w, https:\/\/entrenotasyacordes.com\/wp-content\/uploads\/2024\/07\/4h-768x959.jpg 768w, https:\/\/entrenotasyacordes.com\/wp-content\/uploads\/2024\/07\/4h-1024x1279.jpg 1024w\" sizes=\"auto, (max-width: 1080px) 100vw, 1080px\" \/><\/figure>\n<\/div>\n\n\n<p class=\"has-text-align-center\">En 4 \u00fanicas funciones el m\u00fasico se reencontrar\u00e1 con el p\u00fablico porte\u00f1o y recorrer\u00e1n juntos sus m\u00e1s de 40 a\u00f1os de trayectoria.\u00a0Entradas a la venta en\u00a0<a href=\"https:\/\/delivery.hipermailer.com.ar\/do\/trkln.php?index=1024083402AZD&amp;id=ywsepuysepwpqstwt&amp;url=aHR0cHM6Ly93d3cudHVlbnRyYWRhLmNvbS9ldmVudG9zL2RldGFsbGUvTFRDLUFsZWphbmRyb0xlcm5lci8zNDEyNTI4NDg4NzA%3D\" target=\"_blank\" rel=\"noreferrer noopener\">www.tuentrada.com<\/a><\/p>\n\n\n\n<p class=\"has-text-align-left\">Sumado a su exitosa gira internacional\u00a0<strong>Alejandro\u00a0<\/strong>convoca a un\u00a0<strong>Encuentro Cercano<\/strong>,\u00a0en\u00a0<strong>4 \u00fanicas funciones<\/strong>\u00a0en\u00a0<strong>La Trastienda<\/strong>. Los pr\u00f3ximos\u00a0<strong>21 y 28 de agosto,<\/strong>\u00a0y\u00a0<strong>11 y 18 de septiembre<\/strong>, el compositor de su generaci\u00f3n m\u00e1s versionado del mundo presentar\u00e1 4 shows sin distancias en el que artista y p\u00fablico podr\u00e1n disfrutarse mutuamente, y recorrer canciones que se convirtieron en himnos de la m\u00fasica de habla hispana y que lo consagraron como uno de los cantautores m\u00e1s renombrados y premiados del mundo. Luego de esto, el m\u00fasico continuar\u00e1 con la gira \u00abVuelven los lentos tour 2024\u201d , con presentaciones en\u00a0<strong>Miami<\/strong>,\u00a0<strong>Montevideo<\/strong>, y\u00a0 13 conciertos en distintas ciudades de\u00a0<strong>Espa\u00f1a<\/strong>. Adem\u00e1s, continuar\u00e1 recorriendo los teatros m\u00e1s lindos de la\u00a0<strong>Argentina<\/strong>.\u00a0<\/p>\n\n\n\n<p>Cabe recordar que durante el 2023, con la Gira Grandes \u00c9xitos el m\u00fasico recorri\u00f3 escenarios de Tel Aviv, Mexico, distintas ciudades de Espa\u00f1a y Colombia, adem\u00e1s de los teatros m\u00e1s lindos de Buenos Aires, Santa Fe, Corrientes, Entre R\u00edos, Neuqu\u00e9n, C\u00f3rdoba, Mendoza, San Juan, San Luis, Santa Fe, Jujuy, Tucum\u00e1n y La Pampa.&nbsp;<\/p>\n\n\n\n<p>Entre los \u00faltimos lanzamientos musicales del artista se encuentra\u00a0<strong>Mi Argentina<\/strong>, una canci\u00f3n nacida de la profunda necesidad del artista de abrazar al pueblo argentino con su m\u00fasica. Fiel a su estilo y compromiso, desde la letra el compositor refleja sin filtros su mirada sobre el momento actual del pa\u00eds y los argentinos, pero sin dejar de alentar a que la esperanza y la fortaleza sean la br\u00fajula para el futuro y el gran motor que nos impulse para salir adelante entre todos. Adem\u00e1s, a mediados del a\u00f1o pasado present\u00f3 \u00ab<strong>A tu lado<\/strong>\u00ab. Esta hermosa canci\u00f3n est\u00e1 dedicada al amor universal, y es un homenaje a su gran amigo y maestro Armando Manzanero. Y en\u00a0 diciembre del mismo a\u00f1o lanz\u00f3 junto a\u00a0<strong>El Polaco<\/strong>\u00a0una versi\u00f3n imperdible \u201c<strong>Dentro de mi<\/strong>\u201d, que combina la calidez de la balada y la alegr\u00eda de la cumbia. La\u00a0gran cantidad de visualizaciones y escuchas que tienen estas canciones muestran la gran aceptaci\u00f3n que recibieron del p\u00fablico.\u00a0<\/p>\n\n\n\n<p class=\"has-text-align-center\"><strong>Pr\u00f3ximos shows:\u00a0<\/strong><br>5\/7 &#8211; Teatro Constantino, Bragado, Pcia de\u00a0 Bs As<br>21\/8 y 28\/8 La Trastienda, CABA<br>30\/8 &#8211; Paradiso Cinema &amp; Teatro , Bah\u00eda Blanca, Pcia de Bs As<br>31\/8 &#8211; Santa Rosa, La Pampa<br>1\/9 Teatro Espa\u00f1ol, Gral Villegas, Pcia de Bs As<br>7\/9 &#8211; La Scala, Miami, Estados Unidos<br>11\/9 y 18\/9 La Trastienda, CABA<br>20\/9 Teatro Astengo, Rosario<br>21\/9 Hub, Santa Fe<br>06\/10 &#8211;\u00a0 Perter Rock, Valencia, Espa\u00f1a<br>08\/10 &#8211;\u00a0 Bilborock, Bilbao, Espa\u00f1a<br>09\/10 &#8211; Sala Acapulco, Gij\u00f3n, Espa\u00f1a<br>10\/10 &#8211; Sala Rouge, Vigo, Espa\u00f1a<br>12\/10 &#8211; Sala Zero, Tarragona, Espa\u00f1a<br>13\/10 &#8211;\u00a0 The One, Alicante, Espa\u00f1a<br>15\/10 &#8211;\u00a0 Malandar, Sevilla, Espa\u00f1a<br>16\/10 &#8211; La Trinchera, M\u00e1laga, Espa\u00f1a<br>18\/10 &#8211; Sala Nazca, Madrid, Espa\u00f1a<br>19\/10 &#8211;\u00a0 Las Vegas, Sant Feliu, Espa\u00f1a<br>20\/10 &#8211; Razzma Tazz, Barcelona, Espa\u00f1a<br>22\/10 &#8211;\u00a0 Infanta Leonor, Tenerife, Espa\u00f1a<br>23\/10 &#8211; Sala Federico Garc\u00eda Lorca, Gran Canaria, Espa\u00f1a<br>01\/11 Montevideo, Uruguay<br>23\/11 Quality Espacio, C\u00f3rdoba<\/p>\n\n\n\n<p><strong>Acerca de ALEJANDRO LERNER<\/strong><br>Alejandro Lerner es el compositor argentino de su generaci\u00f3n m\u00e1s versionado del mundo. Su obra \u201cTodo a Pulm\u00f3n\u201d, ha sido interpretada por innumerables cantidad de artistas, lo que la convierte en una de sus obras m\u00e1s ic\u00f3nicas. A&nbsp; lo largo de sus m\u00e1s de 40 a\u00f1os de carrera, sus canciones se transformaron en himnos de habla hispana y lo convirtieron en uno de los compositores m\u00e1s reconocidos y premiados de Latinoam\u00e9rica.&nbsp;&nbsp;<\/p>\n\n\n\n<p>Comenz\u00f3 su carrera como pianista a la temprana edad de 16 a\u00f1os, acompa\u00f1ando a grandes artistas de rock nacional como\u00a0<strong>Gustavo Santaolalla y Le\u00f3n Gieco<\/strong>, entre otros. Desde entonces, ha recorrido escenarios de todo el mundo, y realizado proyectos y colaboraciones con grandes artistas nacionales e internacionales. Entre los artistas m\u00e1s destacados con los que ha colaborado se encuentran L<strong>uis Miguel, Carlos Santana, Carole King, Air Supply, David Foster, Andrea Bocelli, Mark Anthony, Gino Vannelli, Ricardo Montaner, Mercedes Sosa, Lionel Ritchie, Dominic Miller, Pepe Aguilar, Jos\u00e9 Feliciano, Jenni Rivera, Alejandra Guzm\u00e1n, Mijares, Miguel R\u00edos, V\u00edctor Manuelle, Soledad Pastorutti y Sandra Mihanovich,<\/strong>\u00a0entre muchos otros m\u00e1s.\u00a0<\/p>\n\n\n\n<p>Realiz\u00f3 conciertos a dos pianos por el mundo junto al inolvidable Armando Manzanero. Trabaj\u00f3 como co-productor de artistas de la talla de&nbsp;<strong>Paul Anka, Celine Dion, Tom Jones, Julio Iglesias, Barry Gibb,<\/strong>&nbsp;junto a productores e ingenieros mundialmente conocidos como&nbsp;<strong>Humberto Gatica, Alan Parsons, Geoff Emerick y Chris Lor-Alge<\/strong>. Compuso e interpret\u00f3 canciones para las pel\u00edculas Chicken Little y High School Musical de Disney Y, adem\u00e1s, compuso los himnos para la cadena Radio Disney de Hispanoam\u00e9rica<br><br>Ha recibido un sinf\u00edn de premios y reconocimientos, entre ellos, 8 nominaciones a los Grammy Latinos, 4 Mart\u00edn Fierro, 3 Premios Konex, 7 Premios Gardel, como as\u00ed tambi\u00e9n recibi\u00f3 dos distinciones de la Sociedad de Autores y Compositores Americanos como el songwriter m\u00e1s exitoso de las radios latinas de USA. Fue designado Embajador de la Paz por Mil Milenios de Paz, movimiento que trabaja por la paz mundial reconocido y avalado por la UNESCO. Recibi\u00f3 la Llave de distintas ciudades, entre ellas junto a Armando Manzanero la de la Ciudad de Bucaramanga (Colombia) como visitante ilustre.&nbsp;<\/p>\n\n\n\n<p>En los \u00faltimos a\u00f1os Alejandro ha realizado colaboraciones con artistas de las nuevas generaciones, relanzando grandes cl\u00e1sicos de su carrera.<\/p>\n\n\n\n<p>Durante el 2023 lanz\u00f3 \u201cA tu lado\u201d. Esta hermosa canci\u00f3n est\u00e1 dedicada al amor universal, y es un homenaje a su gran amigo y maestro Armando Manzanero.A comienzos del 2024 present\u00f3 \u201cMi Argentina\u201d, canci\u00f3n nacida de la profunda necesidad de abrazar al pueblo argentino con su m\u00fasica, reflejando sin filtros su mirada sobre el momento actual de su\u00a0 pa\u00eds sin dejar de alentar a que la esperanza y la fortaleza sean la br\u00fajula para el futuro.<\/p>\n\n\n\n<p>Con su gira Grandes \u00c9xitos, en 2023 realiz\u00f3 m\u00e1s de 80 shows en escenarios de Tel Aviv, M\u00e9xico, Espa\u00f1a, Colombia, Chile y Argentina . Actualmente se encuentra realizando la gira \u201cVuelven los lentos tour 2024\u201d, con la que viene agotando entradas en cada ciudad de la Argentina en la que se presenta. Adem\u00e1s, la gira se extender\u00e1 al exterior con presentaciones en distintos pa\u00edses de Europa, as\u00ed como tambi\u00e9n en Sudam\u00e9rica, EE.UU y M\u00e9xico.<\/p>\n","protected":false},"excerpt":{"rendered":"","protected":false},"author":5,"featured_media":9455,"comment_status":"open","ping_status":"open","sticky":false,"template":"","format":"standard","meta":{"om_disable_all_campaigns":false,"_uf_show_specific_survey":0,"_uf_disable_surveys":false,"footnotes":""},"categories":[36],"tags":[],"class_list":["post-9454","post","type-post","status-publish","format-standard","has-post-thumbnail","hentry","category-conciertos"],"_links":{"self":[{"href":"https:\/\/entrenotasyacordes.com\/index.php?rest_route=\/wp\/v2\/posts\/9454","targetHints":{"allow":["GET"]}}],"collection":[{"href":"https:\/\/entrenotasyacordes.com\/index.php?rest_route=\/wp\/v2\/posts"}],"about":[{"href":"https:\/\/entrenotasyacordes.com\/index.php?rest_route=\/wp\/v2\/types\/post"}],"author":[{"embeddable":true,"href":"https:\/\/entrenotasyacordes.com\/index.php?rest_route=\/wp\/v2\/users\/5"}],"replies":[{"embeddable":true,"href":"https:\/\/entrenotasyacordes.com\/index.php?rest_route=%2Fwp%2Fv2%2Fcomments&post=9454"}],"version-history":[{"count":1,"href":"https:\/\/entrenotasyacordes.com\/index.php?rest_route=\/wp\/v2\/posts\/9454\/revisions"}],"predecessor-version":[{"id":9456,"href":"https:\/\/entrenotasyacordes.com\/index.php?rest_route=\/wp\/v2\/posts\/9454\/revisions\/9456"}],"wp:featuredmedia":[{"embeddable":true,"href":"https:\/\/entrenotasyacordes.com\/index.php?rest_route=\/wp\/v2\/media\/9455"}],"wp:attachment":[{"href":"https:\/\/entrenotasyacordes.com\/index.php?rest_route=%2Fwp%2Fv2%2Fmedia&parent=9454"}],"wp:term":[{"taxonomy":"category","embeddable":true,"href":"https:\/\/entrenotasyacordes.com\/index.php?rest_route=%2Fwp%2Fv2%2Fcategories&post=9454"},{"taxonomy":"post_tag","embeddable":true,"href":"https:\/\/entrenotasyacordes.com\/index.php?rest_route=%2Fwp%2Fv2%2Ftags&post=9454"}],"curies":[{"name":"wp","href":"https:\/\/api.w.org\/{rel}","templated":true}]}}