{"id":9460,"date":"2024-07-04T22:43:27","date_gmt":"2024-07-04T22:43:27","guid":{"rendered":"https:\/\/entrenotasyacordes.com\/?p=9460"},"modified":"2024-07-04T22:43:28","modified_gmt":"2024-07-04T22:43:28","slug":"frater-presenta-su-nuevo-disco-en-el-teatrito","status":"publish","type":"post","link":"https:\/\/entrenotasyacordes.com\/?p=9460","title":{"rendered":"FRATER PRESENTA SU NUEVO DISCO EN EL TEATRITO"},"content":{"rendered":"\n<!--more-->\n\n\n<div class=\"wp-block-image\">\n<figure class=\"aligncenter size-full is-resized\"><img loading=\"lazy\" decoding=\"async\" width=\"1600\" height=\"1600\" src=\"https:\/\/entrenotasyacordes.com\/wp-content\/uploads\/2024\/07\/4j.jpg\" alt=\"\" class=\"wp-image-9461\" style=\"width:607px;height:auto\" srcset=\"https:\/\/entrenotasyacordes.com\/wp-content\/uploads\/2024\/07\/4j.jpg 1600w, https:\/\/entrenotasyacordes.com\/wp-content\/uploads\/2024\/07\/4j-300x300.jpg 300w, https:\/\/entrenotasyacordes.com\/wp-content\/uploads\/2024\/07\/4j-1024x1024.jpg 1024w, https:\/\/entrenotasyacordes.com\/wp-content\/uploads\/2024\/07\/4j-150x150.jpg 150w, https:\/\/entrenotasyacordes.com\/wp-content\/uploads\/2024\/07\/4j-768x768.jpg 768w, https:\/\/entrenotasyacordes.com\/wp-content\/uploads\/2024\/07\/4j-1536x1536.jpg 1536w, https:\/\/entrenotasyacordes.com\/wp-content\/uploads\/2024\/07\/4j-50x50.jpg 50w\" sizes=\"auto, (max-width: 1600px) 100vw, 1600px\" \/><\/figure>\n<\/div>\n\n\n<p><strong>Frater<\/strong>&nbsp;presenta su nuevo disco con un show en vivo en&nbsp;<strong>El Teatrito<\/strong>, la cita ser\u00e1 el&nbsp;<strong>s\u00e1bado 10 de Agosto<\/strong>. 19hs.&nbsp;<strong>Las entradas anticipadas ya se encuentran a la venta por sistema&nbsp;<\/strong><a href=\"https:\/\/www.passline.com\/eventos\/frater-10-de-agosto-de-2024\" target=\"_blank\" rel=\"noreferrer noopener\"><strong>Passline<\/strong><\/a><\/p>\n\n\n\n<p><strong>\u00a8Sangre y viento\u00a8<\/strong>&nbsp;es el t\u00edtulo de<strong>&nbsp;nuevo disco<\/strong>&nbsp;de Frater que se encuentra pr\u00f3ximo a ver la luz, como adelanto d\u00edas atr\u00e1s la banda present\u00f3 \u00a8El Renacido\u00a8 una canci\u00f3n con&nbsp;&nbsp;un fuerte contenido ir\u00f3nico y sarc\u00e1stico. En un sentido amplio y metaf\u00f3rico, est\u00e1 signada por el clima de \u00e9poca y es una cr\u00edtica a la \u201cpost verdad\u201d, focalizando en los seres que usan su opini\u00f3n y sentimientos individuales, sin contraposici\u00f3n con la realidad, e intentan darle un car\u00e1cter de absoluto.<\/p>\n\n\n<div class=\"wp-block-image\">\n<figure class=\"aligncenter size-full\"><img loading=\"lazy\" decoding=\"async\" width=\"2560\" height=\"1709\" src=\"https:\/\/entrenotasyacordes.com\/wp-content\/uploads\/2024\/07\/4jj-scaled.jpg\" alt=\"\" class=\"wp-image-9462\" srcset=\"https:\/\/entrenotasyacordes.com\/wp-content\/uploads\/2024\/07\/4jj-scaled.jpg 2560w, https:\/\/entrenotasyacordes.com\/wp-content\/uploads\/2024\/07\/4jj-300x200.jpg 300w, https:\/\/entrenotasyacordes.com\/wp-content\/uploads\/2024\/07\/4jj-1024x683.jpg 1024w, https:\/\/entrenotasyacordes.com\/wp-content\/uploads\/2024\/07\/4jj-768x513.jpg 768w, https:\/\/entrenotasyacordes.com\/wp-content\/uploads\/2024\/07\/4jj-1536x1025.jpg 1536w, https:\/\/entrenotasyacordes.com\/wp-content\/uploads\/2024\/07\/4jj-2048x1367.jpg 2048w\" sizes=\"auto, (max-width: 2560px) 100vw, 2560px\" \/><\/figure>\n<\/div>\n\n\n<p><strong>ACERCA DE FRATER<\/strong><br><br>FRATER es una banda argentina cuyo nombre refiere a la uni\u00f3n y hermandad. Este lazo intangible, pero a la vez perceptible, atraviesa la m\u00fasica modific\u00e1ndola, evolucionando permanentemente hacia nuevos horizontes.<\/p>\n\n\n\n<p>FRATER es formada a comienzos del 2008 con el objetivo de fusionar diferentes estilos musicales, con riffs potentes y a la vez mel\u00f3dicos, letras introspectivas y construcciones r\u00edtmicas que bordean lo progresivo, sin perder agresividad y persiguiendo el formato canci\u00f3n en todas sus variantes. Luego de editar el EP \u201cShapeless\u201d en 2009 y su primer larga duraci\u00f3n \u201cInto The Light\u201d en 2012,\u00a0 la banda gir\u00f3 extensamente por Capital Federal, varios puntos del Gran Buenos Aires y ciudades de todo el pa\u00eds y es invitada a presentarse junto a At The Gates en su primera visita al pa\u00eds.<\/p>\n\n\n\n<p>A finales de 2017, FRATER contin\u00faa su recorrido musical con el lanzamiento de su segundo disco de estudio \u201cPulso En Eclipse\u201d, trabajando nuevamente con Nicol\u00e1s Ghiglione en PGM Estudios, esta vez volcados a escribir letras enteramente en espa\u00f1ol.<\/p>\n\n\n\n<p>La placa recibi\u00f3 una gran respuesta tanto de la prensa como del p\u00fablico y fue presentada en el Roxy Live en 2018 a sala llena. Para promover el \u00e1lbum la banda giro nuevamente por varios puntos del pa\u00eds y ha tocado junto a bandas internacionales de la talla de Paradise Lost, Fleshgod Apocalypse y Wolfheart y nacionales como Plan 4 en el Teatro Vorterix.<\/p>\n\n\n\n<p>&nbsp;En el 2022 la banda filma su primera live session grabada en estudios Deja Vu con producci\u00f3n propia y forman parte del Heavy Noise Festival junto a Horcas,&nbsp;Against y NVLO en Groove.<\/p>\n\n\n\n<p>En el 2023 la banda sigue girando y tocando material de sus dos discos, present\u00e1ndose numerosas veces en Uniclub entre otros.\u00a0<\/p>\n\n\n\n<p>En este a\u00f1o da inicio cuando Frater es invitada a participar de la \u00faltima edici\u00f3n del Furia Metal Fest, mientras tanto la banda los toque finales para el lanzamiento de&nbsp;su esperado tercer disco, el cual estar\u00e1 producido enteramente por la banda. Con este nuevo material&nbsp;buscan expandir el universo sonoro manteniendo la esencia que caracteriza al grupo.&nbsp;<\/p>\n\n\n\n<p><strong>INTEGRANTES<\/strong><br><br>Andr\u00e9s Bori (Guitarra y Voces)<br>Juan Ignacio Orcajada (Voces)<br>Andr\u00e9s Zadunaisky (Bajo)<br>Joaqu\u00edn G\u00f3mez (Guitarra)<br>Federico Mele (Bater\u00eda)<\/p>\n","protected":false},"excerpt":{"rendered":"","protected":false},"author":5,"featured_media":9461,"comment_status":"open","ping_status":"open","sticky":false,"template":"","format":"standard","meta":{"om_disable_all_campaigns":false,"_uf_show_specific_survey":0,"_uf_disable_surveys":false,"footnotes":""},"categories":[36],"tags":[],"class_list":["post-9460","post","type-post","status-publish","format-standard","has-post-thumbnail","hentry","category-conciertos"],"_links":{"self":[{"href":"https:\/\/entrenotasyacordes.com\/index.php?rest_route=\/wp\/v2\/posts\/9460","targetHints":{"allow":["GET"]}}],"collection":[{"href":"https:\/\/entrenotasyacordes.com\/index.php?rest_route=\/wp\/v2\/posts"}],"about":[{"href":"https:\/\/entrenotasyacordes.com\/index.php?rest_route=\/wp\/v2\/types\/post"}],"author":[{"embeddable":true,"href":"https:\/\/entrenotasyacordes.com\/index.php?rest_route=\/wp\/v2\/users\/5"}],"replies":[{"embeddable":true,"href":"https:\/\/entrenotasyacordes.com\/index.php?rest_route=%2Fwp%2Fv2%2Fcomments&post=9460"}],"version-history":[{"count":1,"href":"https:\/\/entrenotasyacordes.com\/index.php?rest_route=\/wp\/v2\/posts\/9460\/revisions"}],"predecessor-version":[{"id":9463,"href":"https:\/\/entrenotasyacordes.com\/index.php?rest_route=\/wp\/v2\/posts\/9460\/revisions\/9463"}],"wp:featuredmedia":[{"embeddable":true,"href":"https:\/\/entrenotasyacordes.com\/index.php?rest_route=\/wp\/v2\/media\/9461"}],"wp:attachment":[{"href":"https:\/\/entrenotasyacordes.com\/index.php?rest_route=%2Fwp%2Fv2%2Fmedia&parent=9460"}],"wp:term":[{"taxonomy":"category","embeddable":true,"href":"https:\/\/entrenotasyacordes.com\/index.php?rest_route=%2Fwp%2Fv2%2Fcategories&post=9460"},{"taxonomy":"post_tag","embeddable":true,"href":"https:\/\/entrenotasyacordes.com\/index.php?rest_route=%2Fwp%2Fv2%2Ftags&post=9460"}],"curies":[{"name":"wp","href":"https:\/\/api.w.org\/{rel}","templated":true}]}}