{"id":9464,"date":"2024-07-04T22:46:03","date_gmt":"2024-07-04T22:46:03","guid":{"rendered":"https:\/\/entrenotasyacordes.com\/?p=9464"},"modified":"2024-07-04T22:46:04","modified_gmt":"2024-07-04T22:46:04","slug":"trueno-presentara-su-nuevo-disco-el-ultimo-baile-el-proximo-13-de-marzo-en-el-wizink-center","status":"publish","type":"post","link":"https:\/\/entrenotasyacordes.com\/?p=9464","title":{"rendered":"Trueno presentar\u00e1 su nuevo disco, \u00abEl \u00faltimo baile\u00bb, el pr\u00f3ximo 13 de marzo en el Wizink Center"},"content":{"rendered":"\n<!--more-->\n\n\n<div class=\"wp-block-image\">\n<figure class=\"aligncenter size-full is-resized\"><img loading=\"lazy\" decoding=\"async\" width=\"1719\" height=\"1031\" src=\"https:\/\/entrenotasyacordes.com\/wp-content\/uploads\/2024\/07\/4k.png\" alt=\"\" class=\"wp-image-9466\" style=\"width:607px;height:auto\" srcset=\"https:\/\/entrenotasyacordes.com\/wp-content\/uploads\/2024\/07\/4k.png 1719w, https:\/\/entrenotasyacordes.com\/wp-content\/uploads\/2024\/07\/4k-300x180.png 300w, https:\/\/entrenotasyacordes.com\/wp-content\/uploads\/2024\/07\/4k-1024x614.png 1024w, https:\/\/entrenotasyacordes.com\/wp-content\/uploads\/2024\/07\/4k-768x461.png 768w, https:\/\/entrenotasyacordes.com\/wp-content\/uploads\/2024\/07\/4k-1536x921.png 1536w\" sizes=\"auto, (max-width: 1719px) 100vw, 1719px\" \/><\/figure>\n<\/div>\n\n\n<p><strong>Trueno<\/strong>&nbsp;se encuentra en el momento cumbre de su carrera musical. El joven rapero del Barrio de la Boca, traer\u00e1 todo su talento e ingenio a la capital espa\u00f1ola para presentar su \u00faltimo \u00e1lbum, al que ha bautizado como&nbsp;<strong>\u201cEl \u00daltimo Baile\u201d<\/strong>, en el ic\u00f3nico WiZink Center el pr\u00f3ximo 13 de marzo.<\/p>\n\n\n\n<p>La trayectoria del artista desde el lanzamiento de su primer \u00e1lbum, \u201cAtrevido\u201d, con el que logr\u00f3 colar nueve de diez canciones en el top 50 de Argentina, no ha pasado desapercibida. En 2021, llev\u00f3 su m\u00fasica bajo el nombre de \u201cAtrevido Tour\u201d a algunos de los escenarios mas importantes del mundo, culminando su primera gira mundial con 30 shows y 19 sold outs, en la que por supuesto, no faltaron fechas en Espa\u00f1a.&nbsp;<\/p>\n\n\n\n<p>En 2022, tras el lanzamiento de \u201cBien o Mal\u201d, un \u00e1lbum que ya supera los 500 millones de reproducciones, y en el que se esconden hits como \u201cDance Crip\u201d que recibi\u00f3 una nominaci\u00f3n a \u201cMejor Canci\u00f3n de Rap\/Hip Hop\u201d en los Latin Grammys, logr\u00f3 consolidarse como un referente de la m\u00fasica urbana internacional.<\/p>\n\n\n\n<p>Este 2024, nos ha presentado un \u00e1lbum lleno de hits que no dejan de resonar en la cabeza de todos como son\u00a0<strong>\u201cTranky Funky\u201d<\/strong>\u00a0o\u00a0<strong>\u201cReal Gangsta Love\u201d.\u00a0<\/strong>Hits que podremos disfrutar con un show especial el pr\u00f3ximo 13 de marzo de 2025 en el WiZink Center de Madrid, tal y como ha anunciado el propio artista durante su concierto en el Festival R\u00edo Babel.<\/p>\n\n\n\n<p>Las entradas estar\u00e1n a la venta el pr\u00f3ximo 10 de julio en\u00a0<strong>SeeTickets.<\/strong><\/p>\n\n\n<div class=\"wp-block-image\">\n<figure class=\"aligncenter size-full\"><img loading=\"lazy\" decoding=\"async\" width=\"1080\" height=\"1080\" src=\"https:\/\/entrenotasyacordes.com\/wp-content\/uploads\/2024\/07\/4kk.jpg\" alt=\"\" class=\"wp-image-9465\" srcset=\"https:\/\/entrenotasyacordes.com\/wp-content\/uploads\/2024\/07\/4kk.jpg 1080w, https:\/\/entrenotasyacordes.com\/wp-content\/uploads\/2024\/07\/4kk-300x300.jpg 300w, https:\/\/entrenotasyacordes.com\/wp-content\/uploads\/2024\/07\/4kk-1024x1024.jpg 1024w, https:\/\/entrenotasyacordes.com\/wp-content\/uploads\/2024\/07\/4kk-150x150.jpg 150w, https:\/\/entrenotasyacordes.com\/wp-content\/uploads\/2024\/07\/4kk-768x768.jpg 768w, https:\/\/entrenotasyacordes.com\/wp-content\/uploads\/2024\/07\/4kk-50x50.jpg 50w\" sizes=\"auto, (max-width: 1080px) 100vw, 1080px\" \/><\/figure>\n<\/div>","protected":false},"excerpt":{"rendered":"","protected":false},"author":5,"featured_media":9466,"comment_status":"open","ping_status":"open","sticky":false,"template":"","format":"standard","meta":{"om_disable_all_campaigns":false,"_uf_show_specific_survey":0,"_uf_disable_surveys":false,"footnotes":""},"categories":[36],"tags":[],"class_list":["post-9464","post","type-post","status-publish","format-standard","has-post-thumbnail","hentry","category-conciertos"],"_links":{"self":[{"href":"https:\/\/entrenotasyacordes.com\/index.php?rest_route=\/wp\/v2\/posts\/9464","targetHints":{"allow":["GET"]}}],"collection":[{"href":"https:\/\/entrenotasyacordes.com\/index.php?rest_route=\/wp\/v2\/posts"}],"about":[{"href":"https:\/\/entrenotasyacordes.com\/index.php?rest_route=\/wp\/v2\/types\/post"}],"author":[{"embeddable":true,"href":"https:\/\/entrenotasyacordes.com\/index.php?rest_route=\/wp\/v2\/users\/5"}],"replies":[{"embeddable":true,"href":"https:\/\/entrenotasyacordes.com\/index.php?rest_route=%2Fwp%2Fv2%2Fcomments&post=9464"}],"version-history":[{"count":1,"href":"https:\/\/entrenotasyacordes.com\/index.php?rest_route=\/wp\/v2\/posts\/9464\/revisions"}],"predecessor-version":[{"id":9467,"href":"https:\/\/entrenotasyacordes.com\/index.php?rest_route=\/wp\/v2\/posts\/9464\/revisions\/9467"}],"wp:featuredmedia":[{"embeddable":true,"href":"https:\/\/entrenotasyacordes.com\/index.php?rest_route=\/wp\/v2\/media\/9466"}],"wp:attachment":[{"href":"https:\/\/entrenotasyacordes.com\/index.php?rest_route=%2Fwp%2Fv2%2Fmedia&parent=9464"}],"wp:term":[{"taxonomy":"category","embeddable":true,"href":"https:\/\/entrenotasyacordes.com\/index.php?rest_route=%2Fwp%2Fv2%2Fcategories&post=9464"},{"taxonomy":"post_tag","embeddable":true,"href":"https:\/\/entrenotasyacordes.com\/index.php?rest_route=%2Fwp%2Fv2%2Ftags&post=9464"}],"curies":[{"name":"wp","href":"https:\/\/api.w.org\/{rel}","templated":true}]}}