{"id":9468,"date":"2024-07-04T22:53:09","date_gmt":"2024-07-04T22:53:09","guid":{"rendered":"https:\/\/entrenotasyacordes.com\/?p=9468"},"modified":"2024-07-04T22:53:10","modified_gmt":"2024-07-04T22:53:10","slug":"fer-vazquez-y-flor-alvarez-ff-en-vivo-por-unica-vez","status":"publish","type":"post","link":"https:\/\/entrenotasyacordes.com\/?p=9468","title":{"rendered":"FER V\u00c1ZQUEZ Y FLOR \u00c1LVAREZ\u00a0F&amp;F \u00a0EN VIVO \u00a1POR \u00daNICA VEZ!"},"content":{"rendered":"\n<p><strong>30 DE AGOSTO|| TEATRO COLISEO<\/strong><\/p>\n\n\n\n<!--more-->\n\n\n<div class=\"wp-block-image\">\n<figure class=\"aligncenter size-full is-resized\"><img loading=\"lazy\" decoding=\"async\" width=\"1080\" height=\"1080\" src=\"https:\/\/entrenotasyacordes.com\/wp-content\/uploads\/2024\/07\/4l.jpg\" alt=\"\" class=\"wp-image-9469\" style=\"width:607px;height:auto\" srcset=\"https:\/\/entrenotasyacordes.com\/wp-content\/uploads\/2024\/07\/4l.jpg 1080w, https:\/\/entrenotasyacordes.com\/wp-content\/uploads\/2024\/07\/4l-300x300.jpg 300w, https:\/\/entrenotasyacordes.com\/wp-content\/uploads\/2024\/07\/4l-1024x1024.jpg 1024w, https:\/\/entrenotasyacordes.com\/wp-content\/uploads\/2024\/07\/4l-150x150.jpg 150w, https:\/\/entrenotasyacordes.com\/wp-content\/uploads\/2024\/07\/4l-768x768.jpg 768w, https:\/\/entrenotasyacordes.com\/wp-content\/uploads\/2024\/07\/4l-50x50.jpg 50w\" sizes=\"auto, (max-width: 1080px) 100vw, 1080px\" \/><\/figure>\n<\/div>\n\n\n<p><em><strong>A pedido del p\u00fablico, la dupla explosiva del momento presenta su primer show juntos. Un espect\u00e1culo para disfrutar los grandes \u00e9xitos del a\u00f1o y las canciones que crearon un nuevo g\u00e9nero, con la complicidad y talento de dos artistas que traspasan el escenario.<\/strong><\/em><\/p>\n\n\n\n<p><em><strong>Luego del furor por \u201cSin Querer\u201d y \u201cTe Amo\u201d, que fueron tendencia #1 por semanas consecutivas y sigue brillando en todas las listas, el referente de la cumbia cheta y la voz revelaci\u00f3n preparan un show imperdible. Cada uno presentar\u00e1 sus grandes hits de la mano del otro, en una combinaci\u00f3n \u00fanica que llevar\u00e1 las canciones a otro nivel.<\/strong><\/em><\/p>\n\n\n\n<p><strong>Fer V\u00e1zquez&nbsp;<\/strong>y<strong>&nbsp;Flor \u00c1lvarez<\/strong>&nbsp;revolucionaron la escena musical durante el 2024. De manera org\u00e1nica y genuina, los dos artistas se juntaron para hacer m\u00fasica juntos, sin saber el terremoto que generar\u00edan, llegando a encabezar las principales tendencias y con millones de reproducciones en las plataformas. Hoy llevan todo ese talento por primera vez al escenario con un show \u00fanico el&nbsp;<strong>30 de agosto<\/strong>&nbsp;en el&nbsp;<strong>Teatro Coliseo<\/strong>, para disfrutar de primera mano sus canciones juntos y todos los \u00e9xitos que forman parte de su ADN musical.<\/p>\n\n\n\n<p>Todo comenz\u00f3 durante el verano, cuando Fer vio a Flor cantando en un TikTok y supo al instante que quer\u00eda hacer una canci\u00f3n con ella. Con su visi\u00f3n y talento para descubrir artistas, el exponente de la cumbia cheta escribi\u00f3\u00a0<em><strong>\u201cSin Querer\u201d<\/strong>\u00a0<\/em>para que canten juntos, logrando una canci\u00f3n que logra ponerle m\u00fasica a una complicidad inesperada e inexplicable.\u00a0<em><strong>\u201cSin Querer\u201d\u00a0<\/strong><\/em>gener\u00f3 una locura absoluta en la escena, liderando las tendencias por semanas y formando parte de las principales listas en las plataformas. Hoy la canci\u00f3n tiene\u00a0<strong>91 millones de visualizaciones\u00a0<\/strong>en Youtube, y\u00a0<strong>50 millones de reproducciones<\/strong>\u00a0en Spotify, convirti\u00e9ndose en el hit del a\u00f1o.<\/p>\n\n\n\n<figure class=\"wp-block-embed is-type-video is-provider-youtube wp-block-embed-youtube wp-embed-aspect-16-9 wp-has-aspect-ratio\"><div class=\"wp-block-embed__wrapper\">\n<div class=\"epyt-video-wrapper\"><iframe loading=\"lazy\"  id=\"_ytid_64940\"  width=\"640\" height=\"360\"  data-origwidth=\"640\" data-origheight=\"360\" src=\"https:\/\/www.youtube.com\/embed\/7V3zyLm82_4?enablejsapi=1&#038;autoplay=0&#038;cc_load_policy=0&#038;cc_lang_pref=&#038;iv_load_policy=1&#038;loop=0&#038;rel=1&#038;fs=1&#038;playsinline=0&#038;autohide=2&#038;theme=dark&#038;color=white&#038;controls=1&#038;\" class=\"__youtube_prefs__  epyt-is-override  no-lazyload\" data-vol=\"50\"  title=\"YouTube player\"  allow=\"fullscreen; accelerometer; autoplay; clipboard-write; encrypted-media; gyroscope; picture-in-picture; web-share\" referrerpolicy=\"strict-origin-when-cross-origin\" allowfullscreen data-no-lazy=\"1\" data-skipgform_ajax_framebjll=\"\"><\/iframe><\/div>\n<\/div><\/figure>\n\n\n\n<p><strong>\u201cTe Amo\u201d<\/strong>\u00a0consolid\u00f3 el sonido de esta pareja imparable. Una cumbia rom\u00e1ntica para bailar pegaditos, con la dulzura y la frescura de ambos, que volvi\u00f3 a sacudir todos los rankings dando cuenta que, cuando la conexi\u00f3n es real, traspasa en la m\u00fasica.\u00a0 Compuesta por ambos,\u00a0<strong>\u201cTe Amo\u201d<\/strong>\u00a0refleja la magia del encuentro, volvi\u00e9ndose otro \u00e9xito viral, con\u00a0<strong>25 millones<\/strong>\u00a0de reproducciones en Youtube y\u00a0<strong>10 millones<\/strong>\u00a0en Spotify.<\/p>\n\n\n\n<figure class=\"wp-block-embed is-type-video is-provider-youtube wp-block-embed-youtube wp-embed-aspect-16-9 wp-has-aspect-ratio\"><div class=\"wp-block-embed__wrapper\">\n<div class=\"epyt-video-wrapper\"><iframe loading=\"lazy\"  id=\"_ytid_97178\"  width=\"640\" height=\"360\"  data-origwidth=\"640\" data-origheight=\"360\" src=\"https:\/\/www.youtube.com\/embed\/ChrdAhXHrsU?enablejsapi=1&#038;autoplay=0&#038;cc_load_policy=0&#038;cc_lang_pref=&#038;iv_load_policy=1&#038;loop=0&#038;rel=1&#038;fs=1&#038;playsinline=0&#038;autohide=2&#038;theme=dark&#038;color=white&#038;controls=1&#038;\" class=\"__youtube_prefs__  epyt-is-override  no-lazyload\" data-vol=\"50\"  title=\"YouTube player\"  allow=\"fullscreen; accelerometer; autoplay; clipboard-write; encrypted-media; gyroscope; picture-in-picture; web-share\" referrerpolicy=\"strict-origin-when-cross-origin\" allowfullscreen data-no-lazy=\"1\" data-skipgform_ajax_framebjll=\"\"><\/iframe><\/div>\n<\/div><\/figure>\n\n\n\n<p>Encontrando el balance art\u00edstico perfecto para potenciarse el uno al otro,\u00a0<strong>Fer y Flor<\/strong>\u00a0convierten en oro todo lo que tocan porque crean desde el coraz\u00f3n.\u00a0 Aut\u00e9nticos y valientes, los artistas se tiran a la pileta por lo que sienten y van al frente, y as\u00ed lo har\u00e1n este pr\u00f3ximo\u00a0<strong>30 de agosto<\/strong>\u00a0en el\u00a0<strong>Teatro Coliseo<\/strong>, llevando al vivo toda esta qu\u00edmica musical que revolucion\u00f3 la escena .<\/p>\n\n\n<div class=\"wp-block-image\">\n<figure class=\"aligncenter size-full\"><img loading=\"lazy\" decoding=\"async\" width=\"854\" height=\"1280\" src=\"https:\/\/entrenotasyacordes.com\/wp-content\/uploads\/2024\/07\/4ll.jpg\" alt=\"\" class=\"wp-image-9470\" srcset=\"https:\/\/entrenotasyacordes.com\/wp-content\/uploads\/2024\/07\/4ll.jpg 854w, https:\/\/entrenotasyacordes.com\/wp-content\/uploads\/2024\/07\/4ll-200x300.jpg 200w, https:\/\/entrenotasyacordes.com\/wp-content\/uploads\/2024\/07\/4ll-683x1024.jpg 683w, https:\/\/entrenotasyacordes.com\/wp-content\/uploads\/2024\/07\/4ll-768x1151.jpg 768w\" sizes=\"auto, (max-width: 854px) 100vw, 854px\" \/><\/figure>\n<\/div>","protected":false},"excerpt":{"rendered":"<p>30 DE AGOSTO|| TEATRO COLISEO<\/p>\n","protected":false},"author":5,"featured_media":9469,"comment_status":"open","ping_status":"open","sticky":false,"template":"","format":"standard","meta":{"om_disable_all_campaigns":false,"_uf_show_specific_survey":0,"_uf_disable_surveys":false,"footnotes":""},"categories":[36],"tags":[],"class_list":["post-9468","post","type-post","status-publish","format-standard","has-post-thumbnail","hentry","category-conciertos"],"_links":{"self":[{"href":"https:\/\/entrenotasyacordes.com\/index.php?rest_route=\/wp\/v2\/posts\/9468","targetHints":{"allow":["GET"]}}],"collection":[{"href":"https:\/\/entrenotasyacordes.com\/index.php?rest_route=\/wp\/v2\/posts"}],"about":[{"href":"https:\/\/entrenotasyacordes.com\/index.php?rest_route=\/wp\/v2\/types\/post"}],"author":[{"embeddable":true,"href":"https:\/\/entrenotasyacordes.com\/index.php?rest_route=\/wp\/v2\/users\/5"}],"replies":[{"embeddable":true,"href":"https:\/\/entrenotasyacordes.com\/index.php?rest_route=%2Fwp%2Fv2%2Fcomments&post=9468"}],"version-history":[{"count":1,"href":"https:\/\/entrenotasyacordes.com\/index.php?rest_route=\/wp\/v2\/posts\/9468\/revisions"}],"predecessor-version":[{"id":9471,"href":"https:\/\/entrenotasyacordes.com\/index.php?rest_route=\/wp\/v2\/posts\/9468\/revisions\/9471"}],"wp:featuredmedia":[{"embeddable":true,"href":"https:\/\/entrenotasyacordes.com\/index.php?rest_route=\/wp\/v2\/media\/9469"}],"wp:attachment":[{"href":"https:\/\/entrenotasyacordes.com\/index.php?rest_route=%2Fwp%2Fv2%2Fmedia&parent=9468"}],"wp:term":[{"taxonomy":"category","embeddable":true,"href":"https:\/\/entrenotasyacordes.com\/index.php?rest_route=%2Fwp%2Fv2%2Fcategories&post=9468"},{"taxonomy":"post_tag","embeddable":true,"href":"https:\/\/entrenotasyacordes.com\/index.php?rest_route=%2Fwp%2Fv2%2Ftags&post=9468"}],"curies":[{"name":"wp","href":"https:\/\/api.w.org\/{rel}","templated":true}]}}