{"id":9472,"date":"2024-07-04T22:55:54","date_gmt":"2024-07-04T22:55:54","guid":{"rendered":"https:\/\/entrenotasyacordes.com\/?p=9472"},"modified":"2024-07-04T22:55:55","modified_gmt":"2024-07-04T22:55:55","slug":"despedida-de-ricardo-iii-shakespeare-otra-vez","status":"publish","type":"post","link":"https:\/\/entrenotasyacordes.com\/?p=9472","title":{"rendered":"DESPEDIDA DE \u00abRICARDO III, SHAKESPEARE OTRA VEZ\u00bb"},"content":{"rendered":"\n<!--more-->\n\n\n<div class=\"wp-block-image\">\n<figure class=\"aligncenter size-full is-resized\"><img loading=\"lazy\" decoding=\"async\" width=\"575\" height=\"323\" src=\"https:\/\/entrenotasyacordes.com\/wp-content\/uploads\/2024\/06\/2l.png\" alt=\"\" class=\"wp-image-8618\" style=\"width:826px;height:auto\" srcset=\"https:\/\/entrenotasyacordes.com\/wp-content\/uploads\/2024\/06\/2l.png 575w, https:\/\/entrenotasyacordes.com\/wp-content\/uploads\/2024\/06\/2l-300x169.png 300w\" sizes=\"auto, (max-width: 575px) 100vw, 575px\" \/><\/figure>\n<\/div>\n\n\n<h4 class=\"wp-block-heading has-text-align-center\">\u00a0\u00a0La obra, de William Shakespeare, dirigida por Anal\u00eda Mayta, se despide el s\u00e1bado a las 18hs.\u00a0en el Teatro Beckett (Guardia Vieja 3556).\u00a0Las entradas se compran por Alternativa.<\/h4>\n\n\n\n<p><strong>EL S\u00c1BADO 6 DE JULIO \u00daLTIMA FUNCI\u00d3N DE\u00a0\u201cRICARDO III. SHAKESPEARE OTRA VEZ\u201d EN EL TEATRO BECKETT.<\/strong><\/p>\n\n\n\n<p>Despu\u00e9s de 30 a\u00f1os de guerra civil entre los Lancaster y los York, finalmente los York ganan el trono. Los que perdieron quieren venganza y los que ganaron quieren mantenerse en el poder. Ricardo III. Shakespeare otra vez, narra una historia sobre el poder, la ambici\u00f3n desmedida y la capacidad que tiene la humanidad de sobrevivir, adaptarse y manipular a otros.<\/p>\n\n\n\n<p><a>Cinco actores intentan contar su historia sin caer en las trampas cl\u00e1sicas del texto, descubriendo cuanto de tragedia y de comedia pueden coexistir en este cl\u00e1sico universal. Una obra que nos permite reflexionar sobre la sociedad y las estructuras de poder que nos rodean.<\/a><\/p>\n\n\n<div class=\"wp-block-image\">\n<figure class=\"aligncenter size-full\"><img loading=\"lazy\" decoding=\"async\" width=\"526\" height=\"351\" src=\"https:\/\/entrenotasyacordes.com\/wp-content\/uploads\/2024\/06\/2ll.png\" alt=\"\" class=\"wp-image-8619\" srcset=\"https:\/\/entrenotasyacordes.com\/wp-content\/uploads\/2024\/06\/2ll.png 526w, https:\/\/entrenotasyacordes.com\/wp-content\/uploads\/2024\/06\/2ll-300x200.png 300w\" sizes=\"auto, (max-width: 526px) 100vw, 526px\" \/><\/figure>\n<\/div>\n\n\n<p><strong>PALABRAS DE ANALIA MAYTA, DIRECTORA Y ADAPTADORA.<\/strong><\/p>\n\n\n\n<p>\u00bfPor qu\u00e9 \u201cRicardo III? Porque creo que est\u00e1 m\u00e1s vigente que nunca.&nbsp; El poder es un tema atraviesa nuestra sociedad desde siempre y en todas sus formas. \u201cRicardo III\u201d es una obra que siempre se ha centrado en su protagonista y en su ansia de poder, pero creo que va m\u00e1s all\u00e1, desnudando las miserias y la decadencia humana.<\/p>\n\n\n\n<p>Me obsesiona el comportamiento humano en general y en este caso, la obra enfrenta a todos los personajes con su propio deseo de poder, y su propia oscuridad.<\/p>\n\n\n\n<p><strong>FICHA T\u00c9CNICO \u2013 ART\u00cdSTICA:<\/strong><\/p>\n\n\n\n<p>Versi\u00f3n: Anal\u00eda Mayta<br>Traducci\u00f3n: Anal\u00eda Mayta<br>Act\u00faan: Luciana Cervera Novo, Mauricio Chazarreta, Pablo Goldberg, Maria Ema Mir\u00e9s, Ezequiel Olazar, Natalia Pascale<br>Movimiento: Yamil Ostrovsky<br>Vestuario: Ana Julia Figueroa<br>Sastrer\u00eda: T. Suarez S. Saez<br>Objetos: Ayel\u00e9n Betti, Daniel Betti<br>Accesorios: Baltazar Roser<br>Dise\u00f1o de escenograf\u00eda: Ayel\u00e9n Betti<br>Dise\u00f1o de luces: David Seiras<br>Dise\u00f1o sonoro: Sebasti\u00e1n De Marco<br>Realizaci\u00f3n escenogr\u00e1fica: Ayel\u00e9n Betti, Daniel Betti<br>Realizaci\u00f3n de t\u00edteres: Dami\u00e1n Garcia<br>Fotograf\u00eda: Evann Violeta<br>Dise\u00f1o gr\u00e1fico: Juan Cruz Alvarez<br>Entrenamiento corporal: Ruth Pezet<br>Asistencia de direcci\u00f3n: Soledad Ayardi<br>Prensa: Pablito Lancone<br>Producci\u00f3n: Grupo Matrioshka<br>Direcci\u00f3n: Anal\u00eda Mayta<\/p>\n\n\n\n<p>\ud83d\udcc5&nbsp;Funciones: S\u00e1bados 18hs.<br>\ud83d\udccd&nbsp;Teatro: Beckett (Guardia Vieja 3556)<br>\ud83c\udf9f\ufe0f&nbsp;Entradas por Alternativa:&nbsp;<a href=\"https:\/\/publico.alternativateatral.com\/entradas84797-ricardo-iii-shakespeare-otra-vez?o=14\">Entradas para Ricardo III, Shakespeare otra vez en BECKETT TEATRO &#8211; Alternativa Teatral<\/a><\/p>\n","protected":false},"excerpt":{"rendered":"","protected":false},"author":5,"featured_media":8618,"comment_status":"open","ping_status":"open","sticky":false,"template":"","format":"standard","meta":{"om_disable_all_campaigns":false,"_uf_show_specific_survey":0,"_uf_disable_surveys":false,"footnotes":""},"categories":[9],"tags":[],"class_list":["post-9472","post","type-post","status-publish","format-standard","has-post-thumbnail","hentry","category-cine-y-teatro"],"_links":{"self":[{"href":"https:\/\/entrenotasyacordes.com\/index.php?rest_route=\/wp\/v2\/posts\/9472","targetHints":{"allow":["GET"]}}],"collection":[{"href":"https:\/\/entrenotasyacordes.com\/index.php?rest_route=\/wp\/v2\/posts"}],"about":[{"href":"https:\/\/entrenotasyacordes.com\/index.php?rest_route=\/wp\/v2\/types\/post"}],"author":[{"embeddable":true,"href":"https:\/\/entrenotasyacordes.com\/index.php?rest_route=\/wp\/v2\/users\/5"}],"replies":[{"embeddable":true,"href":"https:\/\/entrenotasyacordes.com\/index.php?rest_route=%2Fwp%2Fv2%2Fcomments&post=9472"}],"version-history":[{"count":1,"href":"https:\/\/entrenotasyacordes.com\/index.php?rest_route=\/wp\/v2\/posts\/9472\/revisions"}],"predecessor-version":[{"id":9473,"href":"https:\/\/entrenotasyacordes.com\/index.php?rest_route=\/wp\/v2\/posts\/9472\/revisions\/9473"}],"wp:featuredmedia":[{"embeddable":true,"href":"https:\/\/entrenotasyacordes.com\/index.php?rest_route=\/wp\/v2\/media\/8618"}],"wp:attachment":[{"href":"https:\/\/entrenotasyacordes.com\/index.php?rest_route=%2Fwp%2Fv2%2Fmedia&parent=9472"}],"wp:term":[{"taxonomy":"category","embeddable":true,"href":"https:\/\/entrenotasyacordes.com\/index.php?rest_route=%2Fwp%2Fv2%2Fcategories&post=9472"},{"taxonomy":"post_tag","embeddable":true,"href":"https:\/\/entrenotasyacordes.com\/index.php?rest_route=%2Fwp%2Fv2%2Ftags&post=9472"}],"curies":[{"name":"wp","href":"https:\/\/api.w.org\/{rel}","templated":true}]}}