{"id":9474,"date":"2024-07-04T23:00:49","date_gmt":"2024-07-04T23:00:49","guid":{"rendered":"https:\/\/entrenotasyacordes.com\/?p=9474"},"modified":"2024-07-04T23:00:50","modified_gmt":"2024-07-04T23:00:50","slug":"hola-y-adiosjoaquin-sabina-anuncia-su-gira-de-despedida","status":"publish","type":"post","link":"https:\/\/entrenotasyacordes.com\/?p=9474","title":{"rendered":"\u00abHOLA Y ADI\u00d3S\u00bbJOAQU\u00cdN SABINA ANUNCIA SU GIRA DE DESPEDIDA"},"content":{"rendered":"\n<!--more-->\n\n\n<div class=\"wp-block-image\">\n<figure class=\"aligncenter size-full is-resized\"><img loading=\"lazy\" decoding=\"async\" width=\"451\" height=\"258\" src=\"https:\/\/entrenotasyacordes.com\/wp-content\/uploads\/2024\/07\/4m.png\" alt=\"\" class=\"wp-image-9475\" style=\"width:607px;height:auto\" srcset=\"https:\/\/entrenotasyacordes.com\/wp-content\/uploads\/2024\/07\/4m.png 451w, https:\/\/entrenotasyacordes.com\/wp-content\/uploads\/2024\/07\/4m-300x172.png 300w\" sizes=\"auto, (max-width: 451px) 100vw, 451px\" \/><\/figure>\n<\/div>\n\n\n<p class=\"has-text-align-center\"><strong>El cantautor espa\u00f1ol llega a su amada Argentina con su gira despedida\u00a0<\/strong><em><strong>\u201cHola y Adi\u00f3s\u201d<\/strong><\/em><br><br><strong>24 y 26\u00a0 DE MARZO 2025\u00a0 MOVISTAR ARENA<\/strong><br><strong>Buenos Aires &#8211; Argentina<\/strong><br><strong>Pr\u00f3ximamente a la venta<\/strong><\/p>\n\n\n\n<p class=\"has-text-align-center\"><strong><em>\u00a1Se presentar\u00e1 en el Movistar Arena, \u00fanico escenario que ser\u00e1 testigo de esta despedida!<\/em><\/strong><\/p>\n\n\n\n<p>En su reciente cita con el p\u00fablico<strong>\u00a0Joaqu\u00edn<\/strong>\u00a0<strong>Sabina<\/strong>\u00a0ofreci\u00f3, contra todo pron\u00f3stico, la m\u00e1s rotunda gira de su dilatada carrera, donde la ilusi\u00f3n, profesionalidad y experiencia del maestro de \u00dabeda vencieron el pulso al v\u00e9rtigo inicial, contagiando alegr\u00eda y energ\u00eda a sus m\u00fasicos, impregnando las interpretaciones de una inusitada y arrebolada sensibilidad y gan\u00e1ndose a un respetable &#8211; m\u00e1s de 700.000 personas en casi 60 conciertos por una docena de pa\u00edses a ambos lados del\u00a0<em>Charco\u00a0<\/em>&#8211;\u00a0 que se volc\u00f3, entusiasm\u00f3 y conmovi\u00f3 hasta ese punto de m\u00e1gica alquimia donde confluyen el aplauso fervoroso, la l\u00e1grima de emoci\u00f3n y ese \u00e1nimo costalero caracter\u00edstico. Dada esa conexi\u00f3n y la cortes\u00eda de no abandonar la fiesta sin despedirse,\u00a0<strong>Joaqu\u00edn Sabina<\/strong>\u00a0ha decidido subir de nuevo a los escenarios para saludar por \u00faltima vez antes de bajar<s>\u00a0<\/s>el tel\u00f3n. Una gira donde decirnos, donde decirse,\u00a0<strong><em>HOLA Y ADI\u00d3S<\/em>.<\/strong><\/p>\n\n\n\n<p>Con esta nueva gira, de la que pronto se anunciar\u00e1n fechas concretas,\u00a0<strong>Sabina\u00a0<\/strong>nos brinda la oportunidad de despedir unas canciones que, aun siendo demasiado j\u00f3venes para la eternidad que les aguarda y que de tan nuestras ya no parecen venir de un cantautor, sino de las fuentes mismas de la tradici\u00f3n popular, resistiendo inc\u00f3lumes el paso de sucesivas generaciones, nunca m\u00e1s ser\u00e1n cantadas ante miles de personas por su propio autor, que jubila su faceta de trotamundos guitarra en ristre celebrando su propia supervivencia con este convite de despedida. Con todo, como el tah\u00far que conoce sus cartas y c\u00f3mo marcarlas, Joaqu\u00edn adelanta que tras este\u00a0<em>HOLA Y ADIOS\u00a0<\/em>ya no habr\u00e1 m\u00e1s periplos interminables por recintos multitudinarios, pero se guarda en la manga el as de reaparecer a placer, sea porque las musas le susurren poemas o canciones que merezca la pena compartir, o porque le piquen las ganas de subirse a cualquier entarimado para darse, darnos, un homenaje.<\/p>\n\n\n\n<p><strong>Sabina\u00a0<\/strong>cuelga con\u00a0<em>HOLA Y ADI\u00d3S<\/em>\u00a0sus guantes de piel de poes\u00eda y guitarra trasnochadora rellenos del polvo de la ruta y la manta, del intenso carm\u00edn de las mil veces mil y una noches, remendados tantas veces con el hilo de la derrota y la hebra de la esperanza, y preparados para ofrecernos un \u00faltimo nocaut emocional de m\u00e1s de dos horas de duraci\u00f3n con una veintena larga de temas que son ya plegarias universales del sue\u00f1o imposible del amor y del querer meterle mano a la vida.\u00a0<em>HOLA Y ADI\u00d3S\u00a0<\/em>ser\u00e1 la despedida multitudinaria de una garganta que, sin destilar, rezuma imp\u00eda e imp\u00fadica verdad; de un bomb\u00edn que es sin\u00f3nimo de golfer\u00eda dandi y p\u00edcara caballerosidad; de una ic\u00f3nica silueta perfilada con humo de cigarrillo y whisky sin soda. Por supuesto, esa esencia trasnochada jam\u00e1s dejar\u00e1 de escribir las historias y canciones que siempre le rondar\u00e1n la mente.\u00a0 El oficio del poeta no piensa jubilarse, tampoco el del creador nocturno.\u00a0<\/p>\n\n\n\n<p>Con\u00a0<em>HOLA Y ADI\u00d3S<\/em>, la vuelta al ruedo de\u00a0<strong>Sabina<\/strong>, se cierra un c\u00edrculo que abarca medio siglo desde sus primeras apariciones p\u00fablicas, cuando hac\u00eda la calle en el subte londinense, durante su autoexilio en las postrimer\u00edas del franquismo. Un incierto punto de partida para alguien que, tras cabalgar a lomos de los vertiginosos ochenta con un bello lirismo urbano<s>\u00a0<\/s>que exced\u00eda el \u00e1mbito de la canci\u00f3n de autor, traspas\u00f3 durante los noventa la frontera de profeta en su tierra para entrar definitivamente en el nuevo milenio bajo la categor\u00eda de mito internacional: desde Tierra de Fuego hasta el Desierto de Sonora, precedido por una leyenda disoluta y un s\u00f3lido e impresionante torrente de canciones indelebles alojadas en una discograf\u00eda tot\u00e9mica que, que, como ya viene sucediendo, se seguir\u00e1 estudiando en los libros de la Historia del acervo popular.<\/p>\n\n\n\n<p>Aquel suburbano de\u00a0<em>la City<\/em>\u00a0le ten\u00eda guardadas a\u00a0<strong>Joaqu\u00edn\u00a0<\/strong>paradas en los escenarios m\u00e1s legendarios del mundo: el Royal Albert Hall de Londres, el Luna Park y la Bombonera de Buenos Aires, el Olympia de Par\u00eds, el Palau Sant Jordi de Barcelona, el Auditorio Nacional y el Z\u00f3calo de Ciudad de M\u00e9xico, el Madison Square Garden de Nueva York, el Wizink y Las Ventas de Madrid\u2026 Recintos, algunos de los cuales, volver\u00e1n a sentir, por \u00faltima vez, el peso ligero del Flaco, el peso pesado de sus canciones, en este pr\u00f3ximo y definitivo\u00a0<em>HOLA Y ADI\u00d3S<\/em>.<br>\u00a0<br>La gira comenzar\u00e1 en el pr\u00f3ximo mes de febrero 2025 en Am\u00e9rica y durante 11 semanas recorrer\u00e1 M\u00e9xico, Estados Unidos, Costa Rica, Colombia, Per\u00fa, Chile, Uruguay y Argentina. Tras una breve pausa la gira seguir\u00e1 su rumbo a Espa\u00f1a y Europa, hasta su final en el mes de noviembre. Las fechas, ciudades y venta de entradas se dar\u00e1n a conocer en el mes de julio para Am\u00e9rica y en septiembre para Espa\u00f1a.<\/p>\n\n\n<div class=\"wp-block-image\">\n<figure class=\"aligncenter size-full\"><img loading=\"lazy\" decoding=\"async\" width=\"269\" height=\"418\" src=\"https:\/\/entrenotasyacordes.com\/wp-content\/uploads\/2024\/07\/4mm.jpg\" alt=\"\" class=\"wp-image-9476\" srcset=\"https:\/\/entrenotasyacordes.com\/wp-content\/uploads\/2024\/07\/4mm.jpg 269w, https:\/\/entrenotasyacordes.com\/wp-content\/uploads\/2024\/07\/4mm-193x300.jpg 193w\" sizes=\"auto, (max-width: 269px) 100vw, 269px\" \/><\/figure>\n<\/div>","protected":false},"excerpt":{"rendered":"","protected":false},"author":5,"featured_media":9476,"comment_status":"open","ping_status":"open","sticky":false,"template":"","format":"standard","meta":{"om_disable_all_campaigns":false,"_uf_show_specific_survey":0,"_uf_disable_surveys":false,"footnotes":""},"categories":[36],"tags":[],"class_list":["post-9474","post","type-post","status-publish","format-standard","has-post-thumbnail","hentry","category-conciertos"],"_links":{"self":[{"href":"https:\/\/entrenotasyacordes.com\/index.php?rest_route=\/wp\/v2\/posts\/9474","targetHints":{"allow":["GET"]}}],"collection":[{"href":"https:\/\/entrenotasyacordes.com\/index.php?rest_route=\/wp\/v2\/posts"}],"about":[{"href":"https:\/\/entrenotasyacordes.com\/index.php?rest_route=\/wp\/v2\/types\/post"}],"author":[{"embeddable":true,"href":"https:\/\/entrenotasyacordes.com\/index.php?rest_route=\/wp\/v2\/users\/5"}],"replies":[{"embeddable":true,"href":"https:\/\/entrenotasyacordes.com\/index.php?rest_route=%2Fwp%2Fv2%2Fcomments&post=9474"}],"version-history":[{"count":1,"href":"https:\/\/entrenotasyacordes.com\/index.php?rest_route=\/wp\/v2\/posts\/9474\/revisions"}],"predecessor-version":[{"id":9477,"href":"https:\/\/entrenotasyacordes.com\/index.php?rest_route=\/wp\/v2\/posts\/9474\/revisions\/9477"}],"wp:featuredmedia":[{"embeddable":true,"href":"https:\/\/entrenotasyacordes.com\/index.php?rest_route=\/wp\/v2\/media\/9476"}],"wp:attachment":[{"href":"https:\/\/entrenotasyacordes.com\/index.php?rest_route=%2Fwp%2Fv2%2Fmedia&parent=9474"}],"wp:term":[{"taxonomy":"category","embeddable":true,"href":"https:\/\/entrenotasyacordes.com\/index.php?rest_route=%2Fwp%2Fv2%2Fcategories&post=9474"},{"taxonomy":"post_tag","embeddable":true,"href":"https:\/\/entrenotasyacordes.com\/index.php?rest_route=%2Fwp%2Fv2%2Ftags&post=9474"}],"curies":[{"name":"wp","href":"https:\/\/api.w.org\/{rel}","templated":true}]}}