{"id":9478,"date":"2024-07-04T23:07:25","date_gmt":"2024-07-04T23:07:25","guid":{"rendered":"https:\/\/entrenotasyacordes.com\/?p=9478"},"modified":"2024-08-08T13:51:32","modified_gmt":"2024-08-08T13:51:32","slug":"emmanuel-horvilleur-presenta-habia-una-vez-en-vivo","status":"publish","type":"post","link":"https:\/\/entrenotasyacordes.com\/?p=9478","title":{"rendered":"EMMANUEL HORVILLEUR presenta \u00abHAB\u00cdA UNA VEZ\u00bb EN VIVO"},"content":{"rendered":"\n<!--more-->\n\n\n<div class=\"wp-block-image\">\n<figure class=\"aligncenter size-full is-resized\"><img loading=\"lazy\" decoding=\"async\" width=\"896\" height=\"898\" src=\"https:\/\/entrenotasyacordes.com\/wp-content\/uploads\/2024\/07\/4n.jpg\" alt=\"\" class=\"wp-image-9479\" style=\"width:607px;height:auto\" srcset=\"https:\/\/entrenotasyacordes.com\/wp-content\/uploads\/2024\/07\/4n.jpg 896w, https:\/\/entrenotasyacordes.com\/wp-content\/uploads\/2024\/07\/4n-300x300.jpg 300w, https:\/\/entrenotasyacordes.com\/wp-content\/uploads\/2024\/07\/4n-150x150.jpg 150w, https:\/\/entrenotasyacordes.com\/wp-content\/uploads\/2024\/07\/4n-768x770.jpg 768w, https:\/\/entrenotasyacordes.com\/wp-content\/uploads\/2024\/07\/4n-50x50.jpg 50w\" sizes=\"auto, (max-width: 896px) 100vw, 896px\" \/><\/figure>\n<\/div>\n\n\n<p>Registro en vivo de una serie de incre\u00edbles shows en Niceto Club en la Ciudad de Buenos Aires,\u00a0<strong>\u00abHab\u00eda Una Vez \u2013 En Vivo\u00bb<\/strong>\u00a0captura la magia que sucede cuando\u00a0<strong>Emmanuel Horvilleur<\/strong>\u00a0pisa el escenario. <strong>\u00abHab\u00eda Una Vez \u2013 En Vivo\u00bb\u00a0<\/strong>es el nuevo regalo que Emmanuel hace a sus fans, un EP con versiones en vivo de algunas de las joyas m\u00e1s brillantes de su repertorio.<\/p>\n\n\n\n<p>La primera dosis de este trabajo es doble, con el lanzamiento de\u00a0<strong>\u201cYo soy la disco (Hab\u00eda Una Vez \u2013 En Vivo)\u00bb\u00a0<\/strong>y<strong>\u00a0\u00abTe dar\u00eda (Hab\u00eda Una Vez \u2013 En Vivo)\u00bb<\/strong>, canciones que forman parte de su \u00e1lbum de estudio m\u00e1s reciente\u00a0<strong><em>Aqua Di Emma<\/em><\/strong>. Luego se sumaron \u00a0<strong>Gato Perdido<\/strong>\u00a0 y <strong>Amor Loco<\/strong>, y hoy llega una tercera entrega. Se trata de <strong>19, <\/strong>una canci\u00f3n muy especialen la carrera de Emmanuel que originalmente cont\u00f3 con la participaci\u00f3n de nada mas ni nada menos que el gran Gustavo Cerati; en esta oportunidad podemos disfrutar de una nueva versi\u00f3n junto a <strong>Juan Saieg<\/strong>, cantante de Usted Se\u00f1alemelo.<\/p>\n\n\n\n<p>El pasado mes de mayo, Emmanuel Horvilleur se present\u00f3 durante tres noches consecutivas, en el ic\u00f3nico Niceto Club, con entradas totalmente agotadas. Talentoso y carism\u00e1tico, Emmanuel no solo toc\u00f3 en vivo su m\u00e1s reciente disco, sino que tambi\u00e9n realiz\u00f3 un recorrido por su amplio cat\u00e1logo de canciones, que le ponen m\u00fasica de fondo a varias generaciones y han servido de inspiraci\u00f3n para m\u00fasicos en toda la Argentina.<\/p>\n\n\n\n<p><strong>\u00abHab\u00eda Una Vez \u2013 En Vivo\u00bb<\/strong>&nbsp;condensa la energ\u00eda y la magia de Horvilleur en vivo, donde podremos ver su comuni\u00f3n con el p\u00fablico, su talento en vivo y sus caracter\u00edsticos pasos de baile.<\/p>\n\n\n\n<p>Este lanzamiento llega mientras Emmanuel continua girando por Argentina, justo antes de iniciar la etapa Latinoamericana de su gira. <\/p>\n\n\n<div class=\"wp-block-image\">\n<figure class=\"aligncenter size-full\"><img loading=\"lazy\" decoding=\"async\" width=\"1074\" height=\"715\" src=\"https:\/\/entrenotasyacordes.com\/wp-content\/uploads\/2024\/07\/4nn.jpg\" alt=\"\" class=\"wp-image-9480\" srcset=\"https:\/\/entrenotasyacordes.com\/wp-content\/uploads\/2024\/07\/4nn.jpg 1074w, https:\/\/entrenotasyacordes.com\/wp-content\/uploads\/2024\/07\/4nn-300x200.jpg 300w, https:\/\/entrenotasyacordes.com\/wp-content\/uploads\/2024\/07\/4nn-1024x682.jpg 1024w, https:\/\/entrenotasyacordes.com\/wp-content\/uploads\/2024\/07\/4nn-768x511.jpg 768w\" sizes=\"auto, (max-width: 1074px) 100vw, 1074px\" \/><\/figure>\n<\/div>\n\n\n<p><strong><u>Sobre Emmanuel Horvilleur<\/u><\/strong>:<\/p>\n\n\n\n<p>Emmanuel Horvilleur es un cantante, compositor y productor argentino, conocido tanto por su carrera solista como por formar parte del influyente d\u00fao Illya Kuryaki and the Valderramas junto a Dante Spinetta. Con siete discos en solitario, dej\u00f3 una huella indeleble en la m\u00fasica argentina, fusionando rock, pop, funk y m\u00e1s, en una carrera que sigue evolucionando.<\/p>\n","protected":false},"excerpt":{"rendered":"","protected":false},"author":5,"featured_media":9479,"comment_status":"open","ping_status":"open","sticky":false,"template":"","format":"standard","meta":{"om_disable_all_campaigns":false,"_uf_show_specific_survey":0,"_uf_disable_surveys":false,"footnotes":""},"categories":[4],"tags":[],"class_list":["post-9478","post","type-post","status-publish","format-standard","has-post-thumbnail","hentry","category-musica"],"_links":{"self":[{"href":"https:\/\/entrenotasyacordes.com\/index.php?rest_route=\/wp\/v2\/posts\/9478","targetHints":{"allow":["GET"]}}],"collection":[{"href":"https:\/\/entrenotasyacordes.com\/index.php?rest_route=\/wp\/v2\/posts"}],"about":[{"href":"https:\/\/entrenotasyacordes.com\/index.php?rest_route=\/wp\/v2\/types\/post"}],"author":[{"embeddable":true,"href":"https:\/\/entrenotasyacordes.com\/index.php?rest_route=\/wp\/v2\/users\/5"}],"replies":[{"embeddable":true,"href":"https:\/\/entrenotasyacordes.com\/index.php?rest_route=%2Fwp%2Fv2%2Fcomments&post=9478"}],"version-history":[{"count":2,"href":"https:\/\/entrenotasyacordes.com\/index.php?rest_route=\/wp\/v2\/posts\/9478\/revisions"}],"predecessor-version":[{"id":10246,"href":"https:\/\/entrenotasyacordes.com\/index.php?rest_route=\/wp\/v2\/posts\/9478\/revisions\/10246"}],"wp:featuredmedia":[{"embeddable":true,"href":"https:\/\/entrenotasyacordes.com\/index.php?rest_route=\/wp\/v2\/media\/9479"}],"wp:attachment":[{"href":"https:\/\/entrenotasyacordes.com\/index.php?rest_route=%2Fwp%2Fv2%2Fmedia&parent=9478"}],"wp:term":[{"taxonomy":"category","embeddable":true,"href":"https:\/\/entrenotasyacordes.com\/index.php?rest_route=%2Fwp%2Fv2%2Fcategories&post=9478"},{"taxonomy":"post_tag","embeddable":true,"href":"https:\/\/entrenotasyacordes.com\/index.php?rest_route=%2Fwp%2Fv2%2Ftags&post=9478"}],"curies":[{"name":"wp","href":"https:\/\/api.w.org\/{rel}","templated":true}]}}