{"id":9486,"date":"2024-07-04T23:22:17","date_gmt":"2024-07-04T23:22:17","guid":{"rendered":"https:\/\/entrenotasyacordes.com\/?p=9486"},"modified":"2024-07-04T23:22:19","modified_gmt":"2024-07-04T23:22:19","slug":"lobela-presenta-heridas-saladas","status":"publish","type":"post","link":"https:\/\/entrenotasyacordes.com\/?p=9486","title":{"rendered":"L\u00d6B\u00cbLA PRESENTA \u00abHERIDAS SALADAS\u00bb"},"content":{"rendered":"\n<!--more-->\n\n\n<div class=\"wp-block-image\">\n<figure class=\"aligncenter size-full is-resized\"><img loading=\"lazy\" decoding=\"async\" width=\"1080\" height=\"1080\" src=\"https:\/\/entrenotasyacordes.com\/wp-content\/uploads\/2024\/07\/4p.jpg\" alt=\"\" class=\"wp-image-9487\" style=\"width:607px;height:auto\" srcset=\"https:\/\/entrenotasyacordes.com\/wp-content\/uploads\/2024\/07\/4p.jpg 1080w, https:\/\/entrenotasyacordes.com\/wp-content\/uploads\/2024\/07\/4p-300x300.jpg 300w, https:\/\/entrenotasyacordes.com\/wp-content\/uploads\/2024\/07\/4p-1024x1024.jpg 1024w, https:\/\/entrenotasyacordes.com\/wp-content\/uploads\/2024\/07\/4p-150x150.jpg 150w, https:\/\/entrenotasyacordes.com\/wp-content\/uploads\/2024\/07\/4p-768x768.jpg 768w, https:\/\/entrenotasyacordes.com\/wp-content\/uploads\/2024\/07\/4p-50x50.jpg 50w\" sizes=\"auto, (max-width: 1080px) 100vw, 1080px\" \/><\/figure>\n<\/div>\n\n\n<p><strong>L\u00f6b\u00ebla<\/strong>\u00a0presenta\u00a0<strong>\u00abHeridas Saladas\u00bb<\/strong>, una canci\u00f3n de superaci\u00f3n y resistencia en medio de las dificultades del amor. Con una mezcla de sinceridad y determinaci\u00f3n, a trav\u00e9s de la letra se exploran: \u00a0la frustraci\u00f3n; el autoexamen ; la b\u00fasqueda de redenci\u00f3n; \u00a0el deseo de encontrar un camino hacia la felicidad y la realizaci\u00f3n personal. Refleja la determinaci\u00f3n de no rendirse ante los desaf\u00edos de la vida y las relaciones. \u00abHeridas Saladas\u00bb es un recordatorio poderoso de que, aunque el camino pueda ser dif\u00edcil y hasta tortuoso, siempre hay espacio para la esperanza y que los sue\u00f1os no tienen fecha de vencimiento.<\/p>\n\n\n\n<figure class=\"wp-block-embed is-type-video is-provider-youtube wp-block-embed-youtube wp-embed-aspect-16-9 wp-has-aspect-ratio\"><div class=\"wp-block-embed__wrapper\">\n<div class=\"epyt-video-wrapper\"><iframe loading=\"lazy\"  id=\"_ytid_21483\"  width=\"640\" height=\"360\"  data-origwidth=\"640\" data-origheight=\"360\" src=\"https:\/\/www.youtube.com\/embed\/v-jXO3426So?enablejsapi=1&#038;autoplay=0&#038;cc_load_policy=0&#038;cc_lang_pref=&#038;iv_load_policy=1&#038;loop=0&#038;rel=1&#038;fs=1&#038;playsinline=0&#038;autohide=2&#038;theme=dark&#038;color=white&#038;controls=1&#038;\" class=\"__youtube_prefs__  epyt-is-override  no-lazyload\" data-vol=\"50\"  title=\"YouTube player\"  allow=\"fullscreen; accelerometer; autoplay; clipboard-write; encrypted-media; gyroscope; picture-in-picture; web-share\" referrerpolicy=\"strict-origin-when-cross-origin\" allowfullscreen data-no-lazy=\"1\" data-skipgform_ajax_framebjll=\"\"><\/iframe><\/div>\n<\/div><\/figure>\n\n\n\n<p class=\"has-text-align-center\"><strong>PR\u00d3XIMO SHOW!!!<br><br>S\u00c1BADO 3 DE AGOSTO &#8211; 20HS<br>MAKENA (FITZ ROY 1519, CABA)<br>ENTRADAS A LA VENTA POR SISTEMA\u00a0<a href=\"https:\/\/www.passline.com\/eventos\/caro-luisa-lobela\" target=\"_blank\" rel=\"noreferrer noopener\">PASSLINE<\/a><\/strong><\/p>\n\n\n<div class=\"wp-block-image\">\n<figure class=\"aligncenter size-full\"><img loading=\"lazy\" decoding=\"async\" width=\"1080\" height=\"1080\" src=\"https:\/\/entrenotasyacordes.com\/wp-content\/uploads\/2024\/07\/4pp.jpg\" alt=\"\" class=\"wp-image-9488\" srcset=\"https:\/\/entrenotasyacordes.com\/wp-content\/uploads\/2024\/07\/4pp.jpg 1080w, https:\/\/entrenotasyacordes.com\/wp-content\/uploads\/2024\/07\/4pp-300x300.jpg 300w, https:\/\/entrenotasyacordes.com\/wp-content\/uploads\/2024\/07\/4pp-1024x1024.jpg 1024w, https:\/\/entrenotasyacordes.com\/wp-content\/uploads\/2024\/07\/4pp-150x150.jpg 150w, https:\/\/entrenotasyacordes.com\/wp-content\/uploads\/2024\/07\/4pp-768x768.jpg 768w, https:\/\/entrenotasyacordes.com\/wp-content\/uploads\/2024\/07\/4pp-50x50.jpg 50w\" sizes=\"auto, (max-width: 1080px) 100vw, 1080px\" \/><\/figure>\n<\/div>\n\n\n<p><strong>Acerca de L\u00f6b\u00ebla<\/strong><\/p>\n\n\n\n<p>El proyecto nace en el a\u00f1o 2014 a partir del reencuentro musical entre Mariana Giselle Arancibia (Autora-compositora-cantante y guitarrista) y Sergio \u201cPekio\u201d \u00c1lvarez (Autor-compositor-bajista).<br>En 2015 se suma al d\u00fao Claudio Iuliano (Productor art\u00edstico- multi-instrumentista). Surge as\u00ed un Ep de 5 canciones y el primer videoclip del tema \u201cHojas de \u00e1ngel\u201d de la mano del cineasta Dami\u00e1n Brillantino.<br>En 2018 lanzan su disco debut \u201cCris\u00e1lida\u201d en formato digital, con la producci\u00f3n art\u00edstica de Claudio Iuliano y la participaci\u00f3n especial de Sergio Masciotra en bater\u00eda, Guillermo Arrom en guitarra en los temas \u201cTal vez, nunca\u201d y \u201cNo siempre\u201d y Hern\u00e1n Valente (Cadena Perpetua), voz invitada en \u201cSeguir estando ac\u00e1\u201d.<br>En noviembre de 2018 se present\u00f3 oficialmente CRIS\u00c1LIDA explotando Casa Colombo. A principios de 2019 vio la luz un nuevo video \u201cAmor real\u201d, primer corte del disco, realizado por Dami\u00e1n Brillantino y equipo.<\/p>\n\n\n<div class=\"wp-block-image\">\n<figure class=\"aligncenter size-full\"><img loading=\"lazy\" decoding=\"async\" width=\"2560\" height=\"1707\" src=\"https:\/\/entrenotasyacordes.com\/wp-content\/uploads\/2024\/07\/4ppp-scaled.jpg\" alt=\"\" class=\"wp-image-9489\" srcset=\"https:\/\/entrenotasyacordes.com\/wp-content\/uploads\/2024\/07\/4ppp-scaled.jpg 2560w, https:\/\/entrenotasyacordes.com\/wp-content\/uploads\/2024\/07\/4ppp-300x200.jpg 300w, https:\/\/entrenotasyacordes.com\/wp-content\/uploads\/2024\/07\/4ppp-1024x683.jpg 1024w, https:\/\/entrenotasyacordes.com\/wp-content\/uploads\/2024\/07\/4ppp-768x512.jpg 768w, https:\/\/entrenotasyacordes.com\/wp-content\/uploads\/2024\/07\/4ppp-1536x1024.jpg 1536w, https:\/\/entrenotasyacordes.com\/wp-content\/uploads\/2024\/07\/4ppp-2048x1365.jpg 2048w\" sizes=\"auto, (max-width: 2560px) 100vw, 2560px\" \/><\/figure>\n<\/div>\n\n\n<p>En 2019 publica una \u00a0Live Session en los m\u00edticos \u201cEstudios ION\u201d de la Ciudad de Buenos Aires.<\/p>\n\n\n\n<p>El a\u00f1o \u00a02020 transitando un contexto social marcado por la pandemia del coronavirus, trabajaron en nuevas canciones, de esta manera nacen los singles \u201cR\u00edo y mar\u201d y \u201cPantallas\u201d con sus respectivos videoclips, dem\u00e1s, \u00a0reversionaron \u201cComo mi alma\u201d y \u201cSeguir estando ac\u00e1\u201d. <\/p>\n\n\n\n<p>El 2021 llega con un nuevo  sencillo acompa\u00f1ado del video \u201cPasadizos\u201d, en este caso, realizado en animaci\u00f3n por las chicas de Avanti! Producciones. En septiembre de 2021 se incorpora a la banda Emiliano Silva en bater\u00eda, para cerrar as\u00ed la formaci\u00f3n que comenz\u00f3 el proceso de preproducci\u00f3n que di\u00f3 como resultado la creaci\u00f3n y realizaci\u00f3n de EXPANDE, el segundo disco de la banda, el cual se presenta en vivo en diciembre del 2023 en Teatro Rondeman del Abasto.<\/p>\n\n\n\n<p>2024 comenz\u00f3 con la incorporaci\u00f3n al proyecto de Mariano Ruiz Figueroa, como guitarrista l\u00edder.<\/p>\n","protected":false},"excerpt":{"rendered":"","protected":false},"author":5,"featured_media":9487,"comment_status":"open","ping_status":"open","sticky":false,"template":"","format":"standard","meta":{"om_disable_all_campaigns":false,"_uf_show_specific_survey":0,"_uf_disable_surveys":false,"footnotes":""},"categories":[4],"tags":[],"class_list":["post-9486","post","type-post","status-publish","format-standard","has-post-thumbnail","hentry","category-musica"],"_links":{"self":[{"href":"https:\/\/entrenotasyacordes.com\/index.php?rest_route=\/wp\/v2\/posts\/9486","targetHints":{"allow":["GET"]}}],"collection":[{"href":"https:\/\/entrenotasyacordes.com\/index.php?rest_route=\/wp\/v2\/posts"}],"about":[{"href":"https:\/\/entrenotasyacordes.com\/index.php?rest_route=\/wp\/v2\/types\/post"}],"author":[{"embeddable":true,"href":"https:\/\/entrenotasyacordes.com\/index.php?rest_route=\/wp\/v2\/users\/5"}],"replies":[{"embeddable":true,"href":"https:\/\/entrenotasyacordes.com\/index.php?rest_route=%2Fwp%2Fv2%2Fcomments&post=9486"}],"version-history":[{"count":1,"href":"https:\/\/entrenotasyacordes.com\/index.php?rest_route=\/wp\/v2\/posts\/9486\/revisions"}],"predecessor-version":[{"id":9490,"href":"https:\/\/entrenotasyacordes.com\/index.php?rest_route=\/wp\/v2\/posts\/9486\/revisions\/9490"}],"wp:featuredmedia":[{"embeddable":true,"href":"https:\/\/entrenotasyacordes.com\/index.php?rest_route=\/wp\/v2\/media\/9487"}],"wp:attachment":[{"href":"https:\/\/entrenotasyacordes.com\/index.php?rest_route=%2Fwp%2Fv2%2Fmedia&parent=9486"}],"wp:term":[{"taxonomy":"category","embeddable":true,"href":"https:\/\/entrenotasyacordes.com\/index.php?rest_route=%2Fwp%2Fv2%2Fcategories&post=9486"},{"taxonomy":"post_tag","embeddable":true,"href":"https:\/\/entrenotasyacordes.com\/index.php?rest_route=%2Fwp%2Fv2%2Ftags&post=9486"}],"curies":[{"name":"wp","href":"https:\/\/api.w.org\/{rel}","templated":true}]}}