{"id":9612,"date":"2024-07-11T23:21:38","date_gmt":"2024-07-11T23:21:38","guid":{"rendered":"https:\/\/entrenotasyacordes.com\/?p=9612"},"modified":"2024-07-11T23:21:40","modified_gmt":"2024-07-11T23:21:40","slug":"j-balvin-el-cantante-colombiano-estrena-su-nuevo-single-gaga-en-colaboracion-con-saiko","status":"publish","type":"post","link":"https:\/\/entrenotasyacordes.com\/?p=9612","title":{"rendered":"J BALVIN | El cantante colombiano estrena su nuevo single \u00abGAGA\u00bb en colaboraci\u00f3n con Saiko"},"content":{"rendered":"\n<!--more-->\n\n\n\n<p>Como antesala de \u201cRAYO\u201d, su esperado nuevo \u00e1lbum, la estrella colombiana presenta este explosivo intercambio entre viejos y nuevos amigos. Esta canci\u00f3n cuenta con la colaboraci\u00f3n s\u00faper especial de SAIKO, el cada vez m\u00e1s ascendente artista espa\u00f1ol.<\/p>\n\n\n\n<figure class=\"wp-block-embed is-type-video is-provider-youtube wp-block-embed-youtube wp-embed-aspect-16-9 wp-has-aspect-ratio\"><div class=\"wp-block-embed__wrapper\">\n<div class=\"epyt-video-wrapper\"><iframe loading=\"lazy\"  id=\"_ytid_14079\"  width=\"640\" height=\"360\"  data-origwidth=\"640\" data-origheight=\"360\" src=\"https:\/\/www.youtube.com\/embed\/diIuJI3ddm4?enablejsapi=1&#038;autoplay=0&#038;cc_load_policy=0&#038;cc_lang_pref=&#038;iv_load_policy=1&#038;loop=0&#038;rel=1&#038;fs=1&#038;playsinline=0&#038;autohide=2&#038;theme=dark&#038;color=white&#038;controls=1&#038;\" class=\"__youtube_prefs__  epyt-is-override  no-lazyload\" data-vol=\"50\"  title=\"YouTube player\"  allow=\"fullscreen; accelerometer; autoplay; clipboard-write; encrypted-media; gyroscope; picture-in-picture; web-share\" referrerpolicy=\"strict-origin-when-cross-origin\" allowfullscreen data-no-lazy=\"1\" data-skipgform_ajax_framebjll=\"\"><\/iframe><\/div>\n<\/div><\/figure>\n\n\n<div class=\"wp-block-image\">\n<figure class=\"aligncenter size-full is-resized\"><img loading=\"lazy\" decoding=\"async\" width=\"1707\" height=\"2560\" src=\"https:\/\/entrenotasyacordes.com\/wp-content\/uploads\/2024\/07\/7aa-scaled.jpg\" alt=\"\" class=\"wp-image-9614\" style=\"width:607px;height:auto\" srcset=\"https:\/\/entrenotasyacordes.com\/wp-content\/uploads\/2024\/07\/7aa-scaled.jpg 1707w, https:\/\/entrenotasyacordes.com\/wp-content\/uploads\/2024\/07\/7aa-200x300.jpg 200w, https:\/\/entrenotasyacordes.com\/wp-content\/uploads\/2024\/07\/7aa-683x1024.jpg 683w, https:\/\/entrenotasyacordes.com\/wp-content\/uploads\/2024\/07\/7aa-768x1152.jpg 768w, https:\/\/entrenotasyacordes.com\/wp-content\/uploads\/2024\/07\/7aa-1024x1536.jpg 1024w, https:\/\/entrenotasyacordes.com\/wp-content\/uploads\/2024\/07\/7aa-1365x2048.jpg 1365w\" sizes=\"auto, (max-width: 1707px) 100vw, 1707px\" \/><\/figure>\n<\/div>\n\n\n<p class=\"has-text-align-center\"><strong>DISPONIBLE EL 9 DE AGOSTO<\/strong><\/p>\n\n\n\n<p><strong>J Balvin<\/strong>\u00a0nunca fue t\u00edmido a la hora de atraer y compartir energ\u00eda con los que le rodean. Su esp\u00edritu colaborativo se ha manifestado desde los inicios de su carrera, y esto nunca ha sido tan evidente como en su esperado pr\u00f3ximo \u00e1lbum\u00a0<em><strong>Rayo<\/strong><\/em>. Para coincidir con el anuncio del nombre y fecha de su \u00e1lbum, Balvin lanz\u00f3 su segundo sencillo del proyecto titulado \u201c<a href=\"https:\/\/instagramc.tr.pemsv30.net\/c\/eyJhIjoiaW5zdGFncmFtYyIsIm0iOiJtYWlsX2NseWhrdGpiczd1eGIwODAyZmhveHAzYW4iLCJsIjoibGlua18yOTkzYmY5ODMxZWE4NDI3Nzg2OWNhN2E1OTkwYmZiYTc3NzA2MTI0XzYyMDhkMiIsImkiOltdLCJ1IjoiaHR0cHM6Ly93d3cueW91dHViZS5jb20vd2F0Y2g_dj1kaUl1SkkzZGRtNCZ1dG1fc291cmNlPXBlcmZpdCZ1dG1fbWVkaXVtPWVtYWlsJnV0bV9jYW1wYWlnbj1KJTIwQkFMVklOJTIwJTdDJTIwR0FHQSIsImMiOiIiLCJoIjoiN2YzMDIzIn0\" target=\"_blank\" rel=\"noreferrer noopener\">Gaga<\/a>\u201d, producido por los creadores de \u00e9xitos globales\u00a0<strong>Keityn<\/strong>\u00a0y\u00a0<strong>L.e.x.v.z<\/strong>, y contando con la colaboraci\u00f3n especial de la sensaci\u00f3n espa\u00f1ola\u00a0<strong>SAIKO<\/strong>.<\/p>\n\n\n<div class=\"wp-block-image\">\n<figure class=\"aligncenter size-full\"><img loading=\"lazy\" decoding=\"async\" width=\"1463\" height=\"1463\" src=\"https:\/\/entrenotasyacordes.com\/wp-content\/uploads\/2024\/07\/7aaa.jpg\" alt=\"\" class=\"wp-image-9613\" srcset=\"https:\/\/entrenotasyacordes.com\/wp-content\/uploads\/2024\/07\/7aaa.jpg 1463w, https:\/\/entrenotasyacordes.com\/wp-content\/uploads\/2024\/07\/7aaa-300x300.jpg 300w, https:\/\/entrenotasyacordes.com\/wp-content\/uploads\/2024\/07\/7aaa-1024x1024.jpg 1024w, https:\/\/entrenotasyacordes.com\/wp-content\/uploads\/2024\/07\/7aaa-150x150.jpg 150w, https:\/\/entrenotasyacordes.com\/wp-content\/uploads\/2024\/07\/7aaa-768x768.jpg 768w, https:\/\/entrenotasyacordes.com\/wp-content\/uploads\/2024\/07\/7aaa-50x50.jpg 50w\" sizes=\"auto, (max-width: 1463px) 100vw, 1463px\" \/><\/figure>\n<\/div>\n\n\n<p>Y aunque las colaboraciones en este \u00e1lbum incluyen desde leyendas del reggaet\u00f3n como\u00a0<strong>Chencho Corleone<\/strong>\u00a0y\u00a0<strong>Zion<\/strong>, hasta megaestrellas compatriotas como\u00a0<strong>Feid<\/strong>, pasando por el \u00edcono mexicano\u00a0<strong>Carin Leon<\/strong>, es en las conexiones con artistas globales emergentes como las superestrellas espa\u00f1olas\u00a0<strong>Bad Gyal<\/strong>\u00a0y\u00a0<strong>Quevedo<\/strong>, donde vemos la constante necesidad de Balvin de elevar los talentos de quienes lo rodean, a la vez que aprovecha su energ\u00eda e influencia para crear obras singulares que lleven el g\u00e9nero a su siguiente era.<\/p>\n\n\n\n<p>Es esta sincera necesidad de\u00a0<strong>conexi\u00f3n humana<\/strong>\u00a0la que ha llevado a\u00a0<strong>J Balvin<\/strong>\u00a0a crear un \u00e1lbum que parece m\u00e1s una fiesta en casa que una colecci\u00f3n de canciones. \u201c<strong>Rayo<\/strong>\u201d es la encarnaci\u00f3n de una comunidad, y escucharlo es como dar un vistazo a c\u00f3mo sonar\u00eda el playlist ideal de Balvin, con los grandes nombres de la m\u00fasica mezclados con las nuevas estrellas del futuro. El \u00e1lbum mezcla reggaet\u00f3n con elementos de pop electr\u00f3nico, dembow y sonidos urbanos, con colaboraciones entre viejos y nuevos amigos:\u00a0<strong>Blessd, Dei V, Luar La L, Ryan Castro, Omar Courtz y YOVNGCHIMI<\/strong>.<\/p>\n\n\n\n<p>El single presenta un imponente\u00a0<a href=\"https:\/\/instagramc.tr.pemsv30.net\/c\/eyJhIjoiaW5zdGFncmFtYyIsIm0iOiJtYWlsX2NseWhrdGpiczd1eGIwODAyZmhveHAzYW4iLCJsIjoibGlua18yOTkzYmY5ODMxZWE4NDI3Nzg2OWNhN2E1OTkwYmZiYTc3NzA2MTI0XzU3YzhkNiIsImkiOltdLCJ1IjoiaHR0cHM6Ly93d3cueW91dHViZS5jb20vd2F0Y2g_dj1kaUl1SkkzZGRtNCZ1dG1fc291cmNlPXBlcmZpdCZ1dG1fbWVkaXVtPWVtYWlsJnV0bV9jYW1wYWlnbj1KJTIwQkFMVklOJTIwJTdDJTIwR0FHQSIsImMiOiIiLCJoIjoiNzBhZDc4In0\" target=\"_blank\" rel=\"noreferrer noopener\">video\u00a0<\/a>con impresionantes efectos visuales permitiendo un primer vistazo al universo cinematogr\u00e1fico de \u201cRayo\u201d. Dirigido por el visionario cineasta\u00a0<a href=\"https:\/\/instagramc.tr.pemsv30.net\/c\/eyJhIjoiaW5zdGFncmFtYyIsIm0iOiJtYWlsX2NseWhrdGpiczd1eGIwODAyZmhveHAzYW4iLCJsIjoibGlua19lMDU4Y2RlMGU0YTRkYjEwMjc2NDBmOGM3YTQ5ZmRhNjZlYmQzMGVmX2M2MWY3YSIsImkiOltdLCJ1IjoiaHR0cHM6Ly93d3cuaW5zdGFncmFtLmNvbS9qZWFubGFmbGV1cnIvP3V0bV9zb3VyY2U9cGVyZml0JnV0bV9tZWRpdW09ZW1haWwmdXRtX2NhbXBhaWduPUolMjBCQUxWSU4lMjAlN0MlMjBHQUdBIiwiYyI6IiIsImgiOiIzOGNlNjUifQ\" target=\"_blank\" rel=\"noreferrer noopener\">Jean Lafleur<\/a>, una producci\u00f3n de Antiestatico, y grabado en Londres, el video transporta a los espectadores a un hipnotizante mundo cromado que hace referencia al tema de la portada del nuevo \u00e1lbum, con el veh\u00edculo met\u00e1lico y su ic\u00f3nico s\u00edmbolo del rayo que se puede encontrar a lo largo de todo el video. El rayo ha sido un s\u00edmbolo caracter\u00edstico de Balvin por muchos a\u00f1os, un testimonio del radiante intercambio de energ\u00eda que es \u201c<em>Rayo<\/em>\u201d.<\/p>\n\n\n\n<p><strong>RAYO TRACKLIST:<\/strong><\/p>\n\n\n\n<p>1. \u201cCosa de Locos\u201d<br>2. \u201cPolvo de tu Vida\u201d con Chencho Corleone<br>3. \u201cSwat\u201d con Luar La L<br>4. \u201cBajo y Bater\u00eda\u201d<br>5. \u201cDoblexx\u00f3\u201d con Feid<br>6. \u201c3 Noches\u201d<br>7. \u201cGaga\u201d con SAIKO<br>8. \u201cGato\u201d con Bad Gyal<br>9. \u201cLobo\u201d con Zion<br>10. \u201cLa Noche\u201d con Dei V<br>11. \u201cOrigami\u201d con Ryan Castro y Blessd<br>12. \u201cS\u00f3lido\u201d<br>13. \u201cStoker\u201d con Carin Le\u00f3n<br>14. \u201cGanster\u201d<br>15. \u201cEn Alta\u201d con Omar Courtz, YOVNGCHIMI, Quevedo, Mambo Kingz, DJ Luian<\/p>\n","protected":false},"excerpt":{"rendered":"","protected":false},"author":5,"featured_media":9613,"comment_status":"open","ping_status":"open","sticky":false,"template":"","format":"standard","meta":{"om_disable_all_campaigns":false,"_uf_show_specific_survey":0,"_uf_disable_surveys":false,"footnotes":""},"categories":[4],"tags":[],"class_list":["post-9612","post","type-post","status-publish","format-standard","has-post-thumbnail","hentry","category-musica"],"_links":{"self":[{"href":"https:\/\/entrenotasyacordes.com\/index.php?rest_route=\/wp\/v2\/posts\/9612","targetHints":{"allow":["GET"]}}],"collection":[{"href":"https:\/\/entrenotasyacordes.com\/index.php?rest_route=\/wp\/v2\/posts"}],"about":[{"href":"https:\/\/entrenotasyacordes.com\/index.php?rest_route=\/wp\/v2\/types\/post"}],"author":[{"embeddable":true,"href":"https:\/\/entrenotasyacordes.com\/index.php?rest_route=\/wp\/v2\/users\/5"}],"replies":[{"embeddable":true,"href":"https:\/\/entrenotasyacordes.com\/index.php?rest_route=%2Fwp%2Fv2%2Fcomments&post=9612"}],"version-history":[{"count":1,"href":"https:\/\/entrenotasyacordes.com\/index.php?rest_route=\/wp\/v2\/posts\/9612\/revisions"}],"predecessor-version":[{"id":9615,"href":"https:\/\/entrenotasyacordes.com\/index.php?rest_route=\/wp\/v2\/posts\/9612\/revisions\/9615"}],"wp:featuredmedia":[{"embeddable":true,"href":"https:\/\/entrenotasyacordes.com\/index.php?rest_route=\/wp\/v2\/media\/9613"}],"wp:attachment":[{"href":"https:\/\/entrenotasyacordes.com\/index.php?rest_route=%2Fwp%2Fv2%2Fmedia&parent=9612"}],"wp:term":[{"taxonomy":"category","embeddable":true,"href":"https:\/\/entrenotasyacordes.com\/index.php?rest_route=%2Fwp%2Fv2%2Fcategories&post=9612"},{"taxonomy":"post_tag","embeddable":true,"href":"https:\/\/entrenotasyacordes.com\/index.php?rest_route=%2Fwp%2Fv2%2Ftags&post=9612"}],"curies":[{"name":"wp","href":"https:\/\/api.w.org\/{rel}","templated":true}]}}