{"id":9619,"date":"2024-07-11T23:37:51","date_gmt":"2024-07-11T23:37:51","guid":{"rendered":"https:\/\/entrenotasyacordes.com\/?p=9619"},"modified":"2024-07-11T23:37:52","modified_gmt":"2024-07-11T23:37:52","slug":"yami-safdie-presenta-su-nuevo-ep-modales","status":"publish","type":"post","link":"https:\/\/entrenotasyacordes.com\/?p=9619","title":{"rendered":"Yami Safdie presenta su nuevo EP Modales"},"content":{"rendered":"\n<!--more-->\n\n\n\n<p>\u201cGRACIAS\u201d fue el primer corte del EP que present\u00f3 por primera vez en el Cosqu\u00edn Rock y vio la luz a mediados de mayo de este a\u00f1o<\/p>\n\n\n<div class=\"wp-block-image\">\n<figure class=\"aligncenter size-full is-resized\"><img loading=\"lazy\" decoding=\"async\" width=\"2560\" height=\"2560\" src=\"https:\/\/entrenotasyacordes.com\/wp-content\/uploads\/2024\/07\/COVER-Modales-scaled.jpg\" alt=\"\" class=\"wp-image-9620\" style=\"width:607px;height:auto\" srcset=\"https:\/\/entrenotasyacordes.com\/wp-content\/uploads\/2024\/07\/COVER-Modales-scaled.jpg 2560w, https:\/\/entrenotasyacordes.com\/wp-content\/uploads\/2024\/07\/COVER-Modales-300x300.jpg 300w, https:\/\/entrenotasyacordes.com\/wp-content\/uploads\/2024\/07\/COVER-Modales-1024x1024.jpg 1024w, https:\/\/entrenotasyacordes.com\/wp-content\/uploads\/2024\/07\/COVER-Modales-150x150.jpg 150w, https:\/\/entrenotasyacordes.com\/wp-content\/uploads\/2024\/07\/COVER-Modales-768x768.jpg 768w, https:\/\/entrenotasyacordes.com\/wp-content\/uploads\/2024\/07\/COVER-Modales-1536x1536.jpg 1536w, https:\/\/entrenotasyacordes.com\/wp-content\/uploads\/2024\/07\/COVER-Modales-2048x2048.jpg 2048w, https:\/\/entrenotasyacordes.com\/wp-content\/uploads\/2024\/07\/COVER-Modales-50x50.jpg 50w\" sizes=\"auto, (max-width: 2560px) 100vw, 2560px\" \/><\/figure>\n<\/div>\n\n\n<p>Si algo la caracteriza a Yami es su capacidad de crear canciones bajo conceptos. Es por eso que esta vez llega con una nueva propuesta musical englobada en su nuevo EP: Modales. Disponible en todas las plataformas a partir del jueves 11 de julio a las 8 PM AR.<\/p>\n\n\n\n<p>En esta oportunidad el concepto de sus canciones rodea justamente el nombre del EP, los modales. El mismo surge tras el \u00e9xito de su single De Nada que fue parte de su primer \u00e1lbum: Dije Que No Me Iba A Enamorar. Fue un hit que la llev\u00f3 a lanzar su primer remix junto a Rusherking y Micro TDH. A partir de este concepto, Yami cre\u00f3 toda una nueva propuesta para este proyecto.<\/p>\n\n\n\n<p>Un EP de cinco canciones nuevas basadas en las palabras propias de los buenos modales con letras ir\u00f3nicas: Gracias, Perd\u00f3n, Por Favor, Permiso y Buen Provecho. Una especie de juego para contar historias de despecho y desamor. Son canciones para desahogarse y para divertirse, mezclando el pop que la caracteriza con mucho reggaeton y cumbia.<\/p>\n\n\n\n<p>Lo interesante de este nuevo proyecto es que viene acompa\u00f1ado de una producci\u00f3n audiovisual filmada en una escuela retomando el concepto ir\u00f3nico de buenos modales. Donde se la ve a Yami con sus compa\u00f1eros, interpretados por celebridades y artistas argentinos, en un aula aprendiendo estos modales.<\/p>\n\n\n\n<p>La direcci\u00f3n de todo el contenido audiovisual estuvo a cargo de Ornedevir &amp; Guido Moran. Los compositores del EP fueron Yami Safdie y Gonzalo \u201cCocodrilo\u201d Ferreyra. Y formaron parte de la producci\u00f3n Coco Ferreyra, Estani y Fran C. Sin dudas, Yami Safdie ha demostrado que tiene una gran versatilidad a la hora de componer y este proyecto demuestra una vez m\u00e1s esta habilidad.<\/p>\n\n\n<div class=\"wp-block-image\">\n<figure class=\"aligncenter size-full\"><img loading=\"lazy\" decoding=\"async\" width=\"2560\" height=\"1707\" src=\"https:\/\/entrenotasyacordes.com\/wp-content\/uploads\/2024\/07\/YAMI-OK_7-4-scaled.jpg\" alt=\"\" class=\"wp-image-9621\" srcset=\"https:\/\/entrenotasyacordes.com\/wp-content\/uploads\/2024\/07\/YAMI-OK_7-4-scaled.jpg 2560w, https:\/\/entrenotasyacordes.com\/wp-content\/uploads\/2024\/07\/YAMI-OK_7-4-300x200.jpg 300w, https:\/\/entrenotasyacordes.com\/wp-content\/uploads\/2024\/07\/YAMI-OK_7-4-1024x683.jpg 1024w, https:\/\/entrenotasyacordes.com\/wp-content\/uploads\/2024\/07\/YAMI-OK_7-4-768x512.jpg 768w, https:\/\/entrenotasyacordes.com\/wp-content\/uploads\/2024\/07\/YAMI-OK_7-4-1536x1024.jpg 1536w, https:\/\/entrenotasyacordes.com\/wp-content\/uploads\/2024\/07\/YAMI-OK_7-4-2048x1365.jpg 2048w\" sizes=\"auto, (max-width: 2560px) 100vw, 2560px\" \/><\/figure>\n<\/div>\n\n\n<p>El 2024 viene demostrando ser un a\u00f1o repleto de sorpresas para Yami Safdie. Su verano estuvo acompa\u00f1ado por diferentes shows en los festivales m\u00e1s importantes de Argentina (Cosqu\u00edn Rock y Villa Maria), Chile (Lollapalooza) y Austin Texas (SXSW). Presentaciones que culminaron con  el anuncio e inicio de su primera gira: Tour de Reinas y Reyes. La misma la llev\u00f3 a tocar en las principales ciudades de argentina, un show propio en Montevideo y su primera presentaci\u00f3n en solitario en La Sala Wizink en<br>Madrid. No obstante si bien esta primera etapa ha terminado, pr\u00f3ximamente llegar\u00e1 el anuncio de la segunda parte de su gira que promete culminar con un show especial en la Ciudad de Buenos Aires,<br>Argentina.<\/p>\n\n\n\n<p class=\"has-text-align-center\"><strong>Tracklist MODALES<\/strong><br>Gracias<br>Perd\u00f3n<br>Por Favor<br>Permiso<br>Buen Provecho<br>De Nada (Remix)<\/p>\n","protected":false},"excerpt":{"rendered":"","protected":false},"author":5,"featured_media":9620,"comment_status":"open","ping_status":"open","sticky":false,"template":"","format":"standard","meta":{"om_disable_all_campaigns":false,"_uf_show_specific_survey":0,"_uf_disable_surveys":false,"footnotes":""},"categories":[4],"tags":[],"class_list":["post-9619","post","type-post","status-publish","format-standard","has-post-thumbnail","hentry","category-musica"],"_links":{"self":[{"href":"https:\/\/entrenotasyacordes.com\/index.php?rest_route=\/wp\/v2\/posts\/9619","targetHints":{"allow":["GET"]}}],"collection":[{"href":"https:\/\/entrenotasyacordes.com\/index.php?rest_route=\/wp\/v2\/posts"}],"about":[{"href":"https:\/\/entrenotasyacordes.com\/index.php?rest_route=\/wp\/v2\/types\/post"}],"author":[{"embeddable":true,"href":"https:\/\/entrenotasyacordes.com\/index.php?rest_route=\/wp\/v2\/users\/5"}],"replies":[{"embeddable":true,"href":"https:\/\/entrenotasyacordes.com\/index.php?rest_route=%2Fwp%2Fv2%2Fcomments&post=9619"}],"version-history":[{"count":1,"href":"https:\/\/entrenotasyacordes.com\/index.php?rest_route=\/wp\/v2\/posts\/9619\/revisions"}],"predecessor-version":[{"id":9622,"href":"https:\/\/entrenotasyacordes.com\/index.php?rest_route=\/wp\/v2\/posts\/9619\/revisions\/9622"}],"wp:featuredmedia":[{"embeddable":true,"href":"https:\/\/entrenotasyacordes.com\/index.php?rest_route=\/wp\/v2\/media\/9620"}],"wp:attachment":[{"href":"https:\/\/entrenotasyacordes.com\/index.php?rest_route=%2Fwp%2Fv2%2Fmedia&parent=9619"}],"wp:term":[{"taxonomy":"category","embeddable":true,"href":"https:\/\/entrenotasyacordes.com\/index.php?rest_route=%2Fwp%2Fv2%2Fcategories&post=9619"},{"taxonomy":"post_tag","embeddable":true,"href":"https:\/\/entrenotasyacordes.com\/index.php?rest_route=%2Fwp%2Fv2%2Ftags&post=9619"}],"curies":[{"name":"wp","href":"https:\/\/api.w.org\/{rel}","templated":true}]}}