{"id":9633,"date":"2024-07-12T00:33:05","date_gmt":"2024-07-12T00:33:05","guid":{"rendered":"https:\/\/entrenotasyacordes.com\/?p=9633"},"modified":"2024-07-12T00:33:06","modified_gmt":"2024-07-12T00:33:06","slug":"viva-la-experiencia-tornados-en-alto-avellaneda-mall","status":"publish","type":"post","link":"https:\/\/entrenotasyacordes.com\/?p=9633","title":{"rendered":"Viva la Experiencia TORNADOS en Alto Avellaneda Mall"},"content":{"rendered":"\n<!--more-->\n\n\n\n<div class=\"wp-block-columns is-layout-flex wp-container-core-columns-is-layout-28f84493 wp-block-columns-is-layout-flex\">\n<div class=\"wp-block-column is-layout-flow wp-block-column-is-layout-flow\"><div class=\"wp-block-image\">\n<figure class=\"aligncenter size-large\"><img loading=\"lazy\" decoding=\"async\" width=\"768\" height=\"1024\" src=\"https:\/\/entrenotasyacordes.com\/wp-content\/uploads\/2024\/07\/7d-768x1024.jpg\" alt=\"\" class=\"wp-image-9634\" srcset=\"https:\/\/entrenotasyacordes.com\/wp-content\/uploads\/2024\/07\/7d-768x1024.jpg 768w, https:\/\/entrenotasyacordes.com\/wp-content\/uploads\/2024\/07\/7d-225x300.jpg 225w, https:\/\/entrenotasyacordes.com\/wp-content\/uploads\/2024\/07\/7d-1152x1536.jpg 1152w, https:\/\/entrenotasyacordes.com\/wp-content\/uploads\/2024\/07\/7d-1024x1365.jpg 1024w, https:\/\/entrenotasyacordes.com\/wp-content\/uploads\/2024\/07\/7d.jpg 1200w\" sizes=\"auto, (max-width: 768px) 100vw, 768px\" \/><\/figure>\n<\/div><\/div>\n\n\n\n<div class=\"wp-block-column is-layout-flow wp-block-column-is-layout-flow\"><div class=\"wp-block-image\">\n<figure class=\"aligncenter size-large\"><img loading=\"lazy\" decoding=\"async\" width=\"768\" height=\"1024\" src=\"https:\/\/entrenotasyacordes.com\/wp-content\/uploads\/2024\/07\/7dd-768x1024.jpg\" alt=\"\" class=\"wp-image-9635\" srcset=\"https:\/\/entrenotasyacordes.com\/wp-content\/uploads\/2024\/07\/7dd-768x1024.jpg 768w, https:\/\/entrenotasyacordes.com\/wp-content\/uploads\/2024\/07\/7dd-225x300.jpg 225w, https:\/\/entrenotasyacordes.com\/wp-content\/uploads\/2024\/07\/7dd-1152x1536.jpg 1152w, https:\/\/entrenotasyacordes.com\/wp-content\/uploads\/2024\/07\/7dd-1024x1365.jpg 1024w, https:\/\/entrenotasyacordes.com\/wp-content\/uploads\/2024\/07\/7dd.jpg 1200w\" sizes=\"auto, (max-width: 768px) 100vw, 768px\" \/><\/figure>\n<\/div><\/div>\n<\/div>\n\n\n\n<p>En estas vacaciones de invierno en&nbsp;<strong>Alto Avellaneda<\/strong>&nbsp;(G\u00fcemes 897) vas a poder vivir una experiencia \u00fanica.<\/p>\n\n\n\n<p>Acercate al espacio&nbsp;<strong>TORNADOS&nbsp;<\/strong>en la planta baja del mall, frente a los cines Cinemark, y sent\u00ed lo que es estar dentro de uno de los fen\u00f3menos m\u00e1s temibles de la naturaleza.<\/p>\n\n\n\n<p>La actividad es gratuita y est\u00e1 abierta de 13:00 a 20:00hs todos los d\u00edas hasta el domingo 28\/07 inclusive.<\/p>\n\n\n\n<p>Que el viento no te vuele antes de sacarte una foto en el espacio de TORNADOS. Compartila en redes usando #TornadosPelicula.<\/p>\n\n\n\n<figure class=\"wp-block-embed is-type-video is-provider-youtube wp-block-embed-youtube wp-embed-aspect-16-9 wp-has-aspect-ratio\"><div class=\"wp-block-embed__wrapper\">\n<div class=\"epyt-video-wrapper\"><iframe loading=\"lazy\"  id=\"_ytid_83075\"  width=\"640\" height=\"360\"  data-origwidth=\"640\" data-origheight=\"360\" src=\"https:\/\/www.youtube.com\/embed\/1ryTTRaBpLg?enablejsapi=1&#038;autoplay=0&#038;cc_load_policy=0&#038;cc_lang_pref=&#038;iv_load_policy=1&#038;loop=0&#038;rel=1&#038;fs=1&#038;playsinline=0&#038;autohide=2&#038;theme=dark&#038;color=white&#038;controls=1&#038;\" class=\"__youtube_prefs__  epyt-is-override  no-lazyload\" data-vol=\"50\"  title=\"YouTube player\"  allow=\"fullscreen; accelerometer; autoplay; clipboard-write; encrypted-media; gyroscope; picture-in-picture; web-share\" referrerpolicy=\"strict-origin-when-cross-origin\" allowfullscreen data-no-lazy=\"1\" data-skipgform_ajax_framebjll=\"\"><\/iframe><\/div>\n<\/div><\/figure>\n\n\n<div class=\"wp-block-image\">\n<figure class=\"aligncenter size-full\"><img loading=\"lazy\" decoding=\"async\" width=\"1728\" height=\"2560\" src=\"https:\/\/entrenotasyacordes.com\/wp-content\/uploads\/2024\/07\/7ddd-scaled.jpg\" alt=\"\" class=\"wp-image-9636\" srcset=\"https:\/\/entrenotasyacordes.com\/wp-content\/uploads\/2024\/07\/7ddd-scaled.jpg 1728w, https:\/\/entrenotasyacordes.com\/wp-content\/uploads\/2024\/07\/7ddd-202x300.jpg 202w, https:\/\/entrenotasyacordes.com\/wp-content\/uploads\/2024\/07\/7ddd-691x1024.jpg 691w, https:\/\/entrenotasyacordes.com\/wp-content\/uploads\/2024\/07\/7ddd-768x1138.jpg 768w, https:\/\/entrenotasyacordes.com\/wp-content\/uploads\/2024\/07\/7ddd-1037x1536.jpg 1037w, https:\/\/entrenotasyacordes.com\/wp-content\/uploads\/2024\/07\/7ddd-1382x2048.jpg 1382w, https:\/\/entrenotasyacordes.com\/wp-content\/uploads\/2024\/07\/7ddd-1024x1517.jpg 1024w\" sizes=\"auto, (max-width: 1728px) 100vw, 1728px\" \/><\/figure>\n<\/div>\n\n\n<p>En julio, la \u00e9pica pel\u00edcula de desastres naturales regresa con un emocionante viaje en la pantalla grande, apasionante y lleno de adrenalina, que te pone en contacto directo con una de las fuerzas m\u00e1s maravillosas y destructivas de la naturaleza.<\/p>\n\n\n\n<p>De los productores de las series de Jurassic, Bourne e Indiana Jones llega&nbsp;<strong>Tornados<\/strong>, un cap\u00edtulo actual del \u00e9xito de taquilla de 1996, Tornado. Dirigida por Lee Isaac Chung, el guionista y director nominado al Oscar por Minari,&nbsp;<strong>Tornados&nbsp;<\/strong>est\u00e1 protagonizada por la nominada al Globo de Oro Daisy Edgar-Jones (Where the Crawdads Sing, Normal People) y Glen Powell (Anyone But You, Top Gun: Maverick) como fuerzas opuestas que se unen para intentar predecir, y posiblemente controlar, el inmenso poder de los tornados.<\/p>\n\n\n\n<p>Edgar-Jones interpreta a Kate Cooper, una ex cazadora de tormentas perseguida por un devastador encuentro con un tornado durante sus a\u00f1os universitarios, que ahora estudia los patrones de tormentas en las pantallas de forma segura en la ciudad de Nueva York. Su amigo Javi la atrae de regreso a las llanuras abiertas para probar un nuevo e innovador sistema de seguimiento. All\u00ed, se cruza con Tyler Owens (Powell), la encantadora e imprudente superestrella de las redes sociales que disfruta publicando sus aventuras, persiguiendo tormentas con su estridente equipo, cuanto m\u00e1s peligroso, mejor.<\/p>\n\n\n\n<p>A medida que la temporada de tormentas se intensifica, se desatar\u00e1n fen\u00f3menos aterradores nunca antes vistos, y Kate, Tyler y sus equipos competidores se encuentran de lleno en el camino de m\u00faltiples sistemas de tormentas que convergen sobre el centro de Oklahoma en la lucha de sus vidas.<\/p>\n\n\n\n<p><strong>Tornados\u00a0<\/strong>tambi\u00e9n est\u00e1 protagonizada por el nominado al Globo de Oro Anthony Ramos (In the Heights) como Javi, junto a David Corenswet (pr\u00f3ximamente en Superman: Legacy), y cuenta con un elenco nuevo y emocionante, que incluye a Brandon Perea de \u00abNope\u00bb, Sasha Lane (American Honey), Daryl McCormack (Peaky Blinders), Kiernan Shipka (Chilling Adventures of Sabrina), Nik Dodani (Atypical) y la ganadora del Globo de Oro Maura Tierney (Beautiful Boy).<\/p>\n\n\n\n<p>De Amblin Entertainment,\u00a0<strong>Tornados\u00a0<\/strong>es producida por el nominado al Oscar Frank Marshall (franquicias de Jurassic e Indiana Jones) y Patrick Crowley (franquicias de Jurassic y Bourne). El gui\u00f3n es de Mark L. Smith, escritor de la nominada a Mejor Pel\u00edcula The Revenant.\u00a0<strong>Tornados<\/strong>\u00a0ser\u00e1 distribuida por Warner Bros. Pictures en Latinoam\u00e9rica desde el 11 de julio.<\/p>\n","protected":false},"excerpt":{"rendered":"","protected":false},"author":5,"featured_media":9636,"comment_status":"open","ping_status":"open","sticky":false,"template":"","format":"standard","meta":{"om_disable_all_campaigns":false,"_uf_show_specific_survey":0,"_uf_disable_surveys":false,"footnotes":""},"categories":[9],"tags":[],"class_list":["post-9633","post","type-post","status-publish","format-standard","has-post-thumbnail","hentry","category-cine-y-teatro"],"_links":{"self":[{"href":"https:\/\/entrenotasyacordes.com\/index.php?rest_route=\/wp\/v2\/posts\/9633","targetHints":{"allow":["GET"]}}],"collection":[{"href":"https:\/\/entrenotasyacordes.com\/index.php?rest_route=\/wp\/v2\/posts"}],"about":[{"href":"https:\/\/entrenotasyacordes.com\/index.php?rest_route=\/wp\/v2\/types\/post"}],"author":[{"embeddable":true,"href":"https:\/\/entrenotasyacordes.com\/index.php?rest_route=\/wp\/v2\/users\/5"}],"replies":[{"embeddable":true,"href":"https:\/\/entrenotasyacordes.com\/index.php?rest_route=%2Fwp%2Fv2%2Fcomments&post=9633"}],"version-history":[{"count":1,"href":"https:\/\/entrenotasyacordes.com\/index.php?rest_route=\/wp\/v2\/posts\/9633\/revisions"}],"predecessor-version":[{"id":9637,"href":"https:\/\/entrenotasyacordes.com\/index.php?rest_route=\/wp\/v2\/posts\/9633\/revisions\/9637"}],"wp:featuredmedia":[{"embeddable":true,"href":"https:\/\/entrenotasyacordes.com\/index.php?rest_route=\/wp\/v2\/media\/9636"}],"wp:attachment":[{"href":"https:\/\/entrenotasyacordes.com\/index.php?rest_route=%2Fwp%2Fv2%2Fmedia&parent=9633"}],"wp:term":[{"taxonomy":"category","embeddable":true,"href":"https:\/\/entrenotasyacordes.com\/index.php?rest_route=%2Fwp%2Fv2%2Fcategories&post=9633"},{"taxonomy":"post_tag","embeddable":true,"href":"https:\/\/entrenotasyacordes.com\/index.php?rest_route=%2Fwp%2Fv2%2Ftags&post=9633"}],"curies":[{"name":"wp","href":"https:\/\/api.w.org\/{rel}","templated":true}]}}