{"id":9638,"date":"2024-07-12T00:37:51","date_gmt":"2024-07-12T00:37:51","guid":{"rendered":"https:\/\/entrenotasyacordes.com\/?p=9638"},"modified":"2024-07-12T00:37:53","modified_gmt":"2024-07-12T00:37:53","slug":"la-alfombra-de-norman-sabado-3-de-agosto-en-mutar-bar","status":"publish","type":"post","link":"https:\/\/entrenotasyacordes.com\/?p=9638","title":{"rendered":"LA ALFOMBRA DE NORMAN &#8211; S\u00e1bado 3 de agosto en Mutar Bar"},"content":{"rendered":"\n<!--more-->\n\n\n\n<p class=\"has-text-align-center\"><strong>S\u00e1bado 3 de agosto<br>en Mutar Bar<br>(Av. Mitre 982 &#8211; Avellaneda)<\/strong><\/p>\n\n\n<div class=\"wp-block-image\">\n<figure class=\"aligncenter size-full is-resized\"><img loading=\"lazy\" decoding=\"async\" width=\"1200\" height=\"1199\" src=\"https:\/\/entrenotasyacordes.com\/wp-content\/uploads\/2024\/07\/7e.jpg\" alt=\"\" class=\"wp-image-9639\" style=\"width:713px;height:auto\" srcset=\"https:\/\/entrenotasyacordes.com\/wp-content\/uploads\/2024\/07\/7e.jpg 1200w, https:\/\/entrenotasyacordes.com\/wp-content\/uploads\/2024\/07\/7e-300x300.jpg 300w, https:\/\/entrenotasyacordes.com\/wp-content\/uploads\/2024\/07\/7e-1024x1023.jpg 1024w, https:\/\/entrenotasyacordes.com\/wp-content\/uploads\/2024\/07\/7e-150x150.jpg 150w, https:\/\/entrenotasyacordes.com\/wp-content\/uploads\/2024\/07\/7e-768x767.jpg 768w, https:\/\/entrenotasyacordes.com\/wp-content\/uploads\/2024\/07\/7e-50x50.jpg 50w\" sizes=\"auto, (max-width: 1200px) 100vw, 1200px\" \/><\/figure>\n<\/div>\n\n\n<p>La Alfombra de Norman\u00a0 es una banda de rock\u00a0 formada en el a\u00f1o 2011 por un grupo de amigos del sur del conurbano bonaerense.<br>Este proyecto nace de la necesidad de poder expresar sentimientos personales y gustos musicales compartidos.<br><br>Su estilo musical se basa en una fusi\u00f3n entre el punk, el rock, reggae y ska, creando\u00a0un sonido transgresor y distintivo.<br><br>La banda tiene una gran\u00a0influencia de\u00a0artistas como Los Fabulosos Cadillacs, No te va gustar, La Vela Puerca, entre otros.<br><br>En el a\u00f1o 2016 La Alfombra de Norman lanz\u00f3\u00a0<a href=\"https:\/\/facebook.us19.list-manage.com\/track\/click?u=22c32414668db5236cced0caf&amp;id=3fd1ac50f0&amp;e=7a082f37dc\" target=\"_blank\" rel=\"noreferrer noopener\">Hoy mejor que ayer<\/a>, su primer disco. Este material est\u00e1 compuesto por once canciones incluye colaboraciones con artistas reconocidos como Diego de Marco de Los Aut\u00e9nticos Decadentes, que participa en la canci\u00f3n\u00a0<a href=\"https:\/\/facebook.us19.list-manage.com\/track\/click?u=22c32414668db5236cced0caf&amp;id=f249c813be&amp;e=7a082f37dc\" target=\"_blank\" rel=\"noreferrer noopener\">Una Vez Mas<\/a>.<br>Sus letras abordan temas de compromiso social, la realidad actual, el miedo, la inseguridad, el amor y el desamor.<br><br>Luego de estrenar\u00a0algunos singles en plataformas digitales,\u00a0se encuentran trabajando en pr\u00f3ximos shows y lanzamientos.\u00a0<br><br>Actualmente la banda se encuentra trabajando en nuevo material y ensayando para su pr\u00f3ximo show en Mutar Bar en el mes de agosto.\u00a0<\/p>\n\n\n<div class=\"wp-block-image\">\n<figure class=\"aligncenter size-full is-resized\"><img loading=\"lazy\" decoding=\"async\" width=\"2560\" height=\"1402\" src=\"https:\/\/entrenotasyacordes.com\/wp-content\/uploads\/2024\/07\/7ee-scaled.jpeg\" alt=\"\" class=\"wp-image-9640\" style=\"width:607px;height:auto\" srcset=\"https:\/\/entrenotasyacordes.com\/wp-content\/uploads\/2024\/07\/7ee-scaled.jpeg 2560w, https:\/\/entrenotasyacordes.com\/wp-content\/uploads\/2024\/07\/7ee-300x164.jpeg 300w, https:\/\/entrenotasyacordes.com\/wp-content\/uploads\/2024\/07\/7ee-1024x561.jpeg 1024w, https:\/\/entrenotasyacordes.com\/wp-content\/uploads\/2024\/07\/7ee-768x420.jpeg 768w, https:\/\/entrenotasyacordes.com\/wp-content\/uploads\/2024\/07\/7ee-1536x841.jpeg 1536w, https:\/\/entrenotasyacordes.com\/wp-content\/uploads\/2024\/07\/7ee-2048x1121.jpeg 2048w\" sizes=\"auto, (max-width: 2560px) 100vw, 2560px\" \/><\/figure>\n<\/div>","protected":false},"excerpt":{"rendered":"","protected":false},"author":5,"featured_media":9639,"comment_status":"open","ping_status":"open","sticky":false,"template":"","format":"standard","meta":{"om_disable_all_campaigns":false,"_uf_show_specific_survey":0,"_uf_disable_surveys":false,"footnotes":""},"categories":[36],"tags":[],"class_list":["post-9638","post","type-post","status-publish","format-standard","has-post-thumbnail","hentry","category-conciertos"],"_links":{"self":[{"href":"https:\/\/entrenotasyacordes.com\/index.php?rest_route=\/wp\/v2\/posts\/9638","targetHints":{"allow":["GET"]}}],"collection":[{"href":"https:\/\/entrenotasyacordes.com\/index.php?rest_route=\/wp\/v2\/posts"}],"about":[{"href":"https:\/\/entrenotasyacordes.com\/index.php?rest_route=\/wp\/v2\/types\/post"}],"author":[{"embeddable":true,"href":"https:\/\/entrenotasyacordes.com\/index.php?rest_route=\/wp\/v2\/users\/5"}],"replies":[{"embeddable":true,"href":"https:\/\/entrenotasyacordes.com\/index.php?rest_route=%2Fwp%2Fv2%2Fcomments&post=9638"}],"version-history":[{"count":1,"href":"https:\/\/entrenotasyacordes.com\/index.php?rest_route=\/wp\/v2\/posts\/9638\/revisions"}],"predecessor-version":[{"id":9641,"href":"https:\/\/entrenotasyacordes.com\/index.php?rest_route=\/wp\/v2\/posts\/9638\/revisions\/9641"}],"wp:featuredmedia":[{"embeddable":true,"href":"https:\/\/entrenotasyacordes.com\/index.php?rest_route=\/wp\/v2\/media\/9639"}],"wp:attachment":[{"href":"https:\/\/entrenotasyacordes.com\/index.php?rest_route=%2Fwp%2Fv2%2Fmedia&parent=9638"}],"wp:term":[{"taxonomy":"category","embeddable":true,"href":"https:\/\/entrenotasyacordes.com\/index.php?rest_route=%2Fwp%2Fv2%2Fcategories&post=9638"},{"taxonomy":"post_tag","embeddable":true,"href":"https:\/\/entrenotasyacordes.com\/index.php?rest_route=%2Fwp%2Fv2%2Ftags&post=9638"}],"curies":[{"name":"wp","href":"https:\/\/api.w.org\/{rel}","templated":true}]}}