{"id":9642,"date":"2024-07-12T00:45:56","date_gmt":"2024-07-12T00:45:56","guid":{"rendered":"https:\/\/entrenotasyacordes.com\/?p=9642"},"modified":"2024-07-12T00:45:57","modified_gmt":"2024-07-12T00:45:57","slug":"room-presenta-su-nueva-cancion-ahora-soy-yo-un-himno-de-autenticidad-y-liberacion","status":"publish","type":"post","link":"https:\/\/entrenotasyacordes.com\/?p=9642","title":{"rendered":"ROOM presenta su nueva canci\u00f3n \u201cAhora soy yo\u201d,\u00a0un himno de autenticidad y liberaci\u00f3n"},"content":{"rendered":"\n<!--more-->\n\n\n<div class=\"wp-block-image\">\n<figure class=\"aligncenter size-full is-resized\"><img loading=\"lazy\" decoding=\"async\" width=\"410\" height=\"410\" src=\"https:\/\/entrenotasyacordes.com\/wp-content\/uploads\/2024\/07\/7f.png\" alt=\"\" class=\"wp-image-9643\" style=\"width:607px;height:auto\" srcset=\"https:\/\/entrenotasyacordes.com\/wp-content\/uploads\/2024\/07\/7f.png 410w, https:\/\/entrenotasyacordes.com\/wp-content\/uploads\/2024\/07\/7f-300x300.png 300w, https:\/\/entrenotasyacordes.com\/wp-content\/uploads\/2024\/07\/7f-150x150.png 150w, https:\/\/entrenotasyacordes.com\/wp-content\/uploads\/2024\/07\/7f-50x50.png 50w\" sizes=\"auto, (max-width: 410px) 100vw, 410px\" \/><\/figure>\n<\/div>\n\n\n<p>La banda queer ROOM lanza su nuevo single de pop electr\u00f3nico \u201cAhora soy yo\u201d, un himno de autenticidad y liberaci\u00f3n. Con composici\u00f3n propia, producci\u00f3n de Julieta S\u00e1enz y letras de Xoana Terry, la flamente canci\u00f3n del d\u00fao platense busca romper con estereotipos, fomentar el di\u00e1logo y generar identificaci\u00f3n en aquellos que no pueden hablar abiertamente sobre su identidad.<\/p>\n\n\n\n<p>En esencia, es un llamado a dejar fluir nuestra verdadera personalidad y a sincerarnos con nosotras mismas, alcanzando esa sensaci\u00f3n liberadora de poder decir: Ahora soy yo.<\/p>\n\n\n\n<p>El single cuenta con su videoclip en YouTube que respalda su mensaje de aceptaci\u00f3n y crecimiento personal. Xoana y Julieta, pareja y motor de Room, canalizan sus vivencias en esta canci\u00f3n, forjando una conexi\u00f3n emocional \u00fanica.<\/p>\n\n\n\n<figure class=\"wp-block-embed is-type-rich is-provider-spotify wp-block-embed-spotify wp-embed-aspect-21-9 wp-has-aspect-ratio\"><div class=\"wp-block-embed__wrapper\">\n<iframe title=\"Spotify Embed: AHORA SOY YO\" style=\"border-radius: 12px\" width=\"100%\" height=\"352\" frameborder=\"0\" allowfullscreen allow=\"autoplay; clipboard-write; encrypted-media; fullscreen; picture-in-picture\" loading=\"lazy\" src=\"https:\/\/open.spotify.com\/embed\/album\/0K0Gq7K2N2vDkpBtluTBID?utm_source=oembed\"><\/iframe>\n<\/div><\/figure>\n\n\n\n<figure class=\"wp-block-embed is-type-video is-provider-youtube wp-block-embed-youtube wp-embed-aspect-16-9 wp-has-aspect-ratio\"><div class=\"wp-block-embed__wrapper\">\n<div class=\"epyt-video-wrapper\"><iframe loading=\"lazy\"  id=\"_ytid_20110\"  width=\"640\" height=\"360\"  data-origwidth=\"640\" data-origheight=\"360\" src=\"https:\/\/www.youtube.com\/embed\/q1HNbY0lGSE?enablejsapi=1&#038;autoplay=0&#038;cc_load_policy=0&#038;cc_lang_pref=&#038;iv_load_policy=1&#038;loop=0&#038;rel=1&#038;fs=1&#038;playsinline=0&#038;autohide=2&#038;theme=dark&#038;color=white&#038;controls=1&#038;\" class=\"__youtube_prefs__  epyt-is-override  no-lazyload\" data-vol=\"50\"  title=\"YouTube player\"  allow=\"fullscreen; accelerometer; autoplay; clipboard-write; encrypted-media; gyroscope; picture-in-picture; web-share\" referrerpolicy=\"strict-origin-when-cross-origin\" allowfullscreen data-no-lazy=\"1\" data-skipgform_ajax_framebjll=\"\"><\/iframe><\/div>\n<\/div><\/figure>\n\n\n\n<p><strong><u>Pr\u00f3ximos shows<\/u><\/strong><br>Viernes 9 de agosto: ROOM en CIUDAD DE GATOS. 17 y 71, La Plata. Junto a Mc Uchi y Raybet.<br>Domingo 11 de agosto: ROOM en QUETREN QUETREN. Olaz\u00e1bal 1784, CABA.<\/p>\n\n\n<div class=\"wp-block-image\">\n<figure class=\"aligncenter size-full\"><img loading=\"lazy\" decoding=\"async\" width=\"640\" height=\"427\" src=\"https:\/\/entrenotasyacordes.com\/wp-content\/uploads\/2024\/07\/7ff.jpg\" alt=\"\" class=\"wp-image-9644\" srcset=\"https:\/\/entrenotasyacordes.com\/wp-content\/uploads\/2024\/07\/7ff.jpg 640w, https:\/\/entrenotasyacordes.com\/wp-content\/uploads\/2024\/07\/7ff-300x200.jpg 300w\" sizes=\"auto, (max-width: 640px) 100vw, 640px\" \/><\/figure>\n<\/div>\n\n\n<p>ROOM es una banda emergente de synth-pop oriunda de La Plata, liderada por Xoana Terry (voz y letras) y Julieta S\u00e1enz Coelho (teclados y producci\u00f3n). Surgi\u00f3 en 2019 con la idea de juntar los diversos recorridos musicales de sus integrantes, dando forma a una propuesta que mezcla el pop electr\u00f3nico con letras profundas que invitan a la reflexi\u00f3n y la introspecci\u00f3n. Basadas en el origen ingl\u00e9s de Xoana, las letras de las canciones son biling\u00fces y le dan una impronta caracter\u00edstica que sugiere una ruptura de fronteras.<\/p>\n\n\n\n<p>En octubre de 2019, ROOM hizo su debut en vivo y desde entonces se present\u00f3 tanto en formato d\u00fao como con banda completa en escenarios de diversas ciudades de Argentina, como La Plata, Buenos Aires, C\u00f3rdoba y Bariloche.<\/p>\n\n\n\n<p>En 2022 realizaron una gira por Holanda, Inglaterra y Espa\u00f1a, y participaron del proyecto Sofar Sounds Londres. Durante esa gira comenzaron a gestar los arreglos de su nuevo EP. La conexi\u00f3n con la escena europea influy\u00f3 en un viraje de la est\u00e9tica musical de la banda, que actualmente explora el camino de la EDM.<\/p>\n\n\n\n<p>En 2023 presentaron la Experiencia Sinest\u00e9sica, un show especial realizado en conjunto con el escritor Juan Sol\u00e1 donde se propone una experiencia perform\u00e1tica multisensorial que vincula la m\u00fasica, la lectura y las artes visuales.<\/p>\n\n\n\n<p>Ese mismo a\u00f1o, el d\u00fao pop lanza su primer EP \u201cROOM REMIXED\u201d. La idea del \u00e1lbum naci\u00f3 previo a su gira por Europa, donde comenzaron a remixar sus canciones para llevar algo \u201cfresco\u201d al viaje y a su regreso ajustaron cuestiones de producci\u00f3n y grabaci\u00f3n.<\/p>\n\n\n\n<p>En la actualidad, ROOM se encuentra presentando su nuevo single \u201cAhora soy yo\u201d.<\/p>\n","protected":false},"excerpt":{"rendered":"","protected":false},"author":5,"featured_media":9643,"comment_status":"open","ping_status":"open","sticky":false,"template":"","format":"standard","meta":{"om_disable_all_campaigns":false,"_uf_show_specific_survey":0,"_uf_disable_surveys":false,"footnotes":""},"categories":[4],"tags":[],"class_list":["post-9642","post","type-post","status-publish","format-standard","has-post-thumbnail","hentry","category-musica"],"_links":{"self":[{"href":"https:\/\/entrenotasyacordes.com\/index.php?rest_route=\/wp\/v2\/posts\/9642","targetHints":{"allow":["GET"]}}],"collection":[{"href":"https:\/\/entrenotasyacordes.com\/index.php?rest_route=\/wp\/v2\/posts"}],"about":[{"href":"https:\/\/entrenotasyacordes.com\/index.php?rest_route=\/wp\/v2\/types\/post"}],"author":[{"embeddable":true,"href":"https:\/\/entrenotasyacordes.com\/index.php?rest_route=\/wp\/v2\/users\/5"}],"replies":[{"embeddable":true,"href":"https:\/\/entrenotasyacordes.com\/index.php?rest_route=%2Fwp%2Fv2%2Fcomments&post=9642"}],"version-history":[{"count":1,"href":"https:\/\/entrenotasyacordes.com\/index.php?rest_route=\/wp\/v2\/posts\/9642\/revisions"}],"predecessor-version":[{"id":9645,"href":"https:\/\/entrenotasyacordes.com\/index.php?rest_route=\/wp\/v2\/posts\/9642\/revisions\/9645"}],"wp:featuredmedia":[{"embeddable":true,"href":"https:\/\/entrenotasyacordes.com\/index.php?rest_route=\/wp\/v2\/media\/9643"}],"wp:attachment":[{"href":"https:\/\/entrenotasyacordes.com\/index.php?rest_route=%2Fwp%2Fv2%2Fmedia&parent=9642"}],"wp:term":[{"taxonomy":"category","embeddable":true,"href":"https:\/\/entrenotasyacordes.com\/index.php?rest_route=%2Fwp%2Fv2%2Fcategories&post=9642"},{"taxonomy":"post_tag","embeddable":true,"href":"https:\/\/entrenotasyacordes.com\/index.php?rest_route=%2Fwp%2Fv2%2Ftags&post=9642"}],"curies":[{"name":"wp","href":"https:\/\/api.w.org\/{rel}","templated":true}]}}